{"id":16714,"date":"2024-09-30T19:02:29","date_gmt":"2024-09-30T22:02:29","guid":{"rendered":"https:\/\/menesianosoy.org\/?p=16714"},"modified":"2024-10-04T06:48:42","modified_gmt":"2024-10-04T09:48:42","slug":"san-francisco-de-asis-3","status":"publish","type":"post","link":"https:\/\/menesianosoy.org\/index.php\/2024\/09\/30\/san-francisco-de-asis-3\/","title":{"rendered":"San Francisco de As\u00eds"},"content":{"rendered":"\n<p class=\"has-text-align-left\"><strong><em>Job 38, 1. 12-21; 40, 3-5<br>Salmo 138, 1-3. 7-10<\/em><\/strong><\/p>\n\n\n\n<h4 class=\"wp-block-heading has-text-align-left has-vivid-cyan-blue-color has-text-color has-link-color wp-elements-066f3ff209f3943eeebb2821da39b055\"><br><strong>Evangelio: Lucas 10, 13-16<\/strong><\/h4>\n\n\n\n<p class=\"has-text-align-left\"><strong><em>En aquel tiempo Jes\u00fas exclam\u00f3: \u00a1Ay de ti, Coroza\u00edn! \u00a1Ay de ti, Betsaida! Porque si en Tiro y en Sid\u00f3n se hubieran hecho los milagros realizados entre ustedes, hace tiempo que se habr\u00edan convertido, poni\u00e9ndose cilicio y sent\u00e1ndose sobre ceniza.<br>Por eso Tiro y Sid\u00f3n, en el d\u00eda del Juicio, ser\u00e1n tratadas menos rigurosamente que ustedes.<br>Y t\u00fa, Cafarna\u00fam, \u00bfacaso crees que ser\u00e1s elevada hasta el cielo? No, ser\u00e1s precipitada hasta el infierno.<br>El que los escucha a ustedes, me escucha a m\u00ed; el que los rechaza a ustedes, me rechaza a m\u00ed; y el que me rechaza, rechaza a aquel que me envi\u00f3.<\/em><\/strong><\/p>\n\n\n\n<figure class=\"wp-block-image size-full\"><img loading=\"lazy\" decoding=\"async\" width=\"500\" height=\"221\" src=\"https:\/\/menesianosoy.org\/wp-content\/uploads\/2024\/10\/948112.jpg\" alt=\"\" class=\"wp-image-16730\" srcset=\"https:\/\/menesianosoy.org\/wp-content\/uploads\/2024\/10\/948112.jpg 500w, https:\/\/menesianosoy.org\/wp-content\/uploads\/2024\/10\/948112-300x133.jpg 300w\" sizes=\"auto, (max-width: 500px) 85vw, 500px\" \/><\/figure>\n\n\n\n<p class=\"has-text-align-left\">Nuestra lectura del Evangelio de hoy describe la reacci\u00f3n de Jes\u00fas al ver la falta de fe en lugares donde esperaba ver una gran fe. Jes\u00fas hab\u00eda viajado a los pueblos de Galilea donde hab\u00eda realizado la mayor\u00eda de sus curaciones y milagros. Los nombres de tres de ellas se mencionan en nuestra breve lectura: Betsaida es donde Jes\u00fas predicaba a menudo; Cafarna\u00fam era el hogar de algunos de sus disc\u00edpulos, como Pedro y Andr\u00e9s, Santiago y Juan; Coroza\u00edn, cerca de Cafarna\u00fan, no se menciona en ninguna otra parte del Evangelio.<br><br>Jes\u00fas estaba decepcionado por la falta de fe de la gente de estos lugares. Dice que no eran mejores que las ciudades paganas de Tiro y Sid\u00f3n. Mientras que Jes\u00fas expres\u00f3 su decepci\u00f3n en lugares en los que habr\u00eda esperado ver buenas muestras de fe, a menudo se enfrent\u00f3 a una fe asombrosa de gente completamente inesperada. Pensemos, por ejemplo, en el centuri\u00f3n romano, en la mujer siro-fenicia o en la samaritana, todos ellos \u00abpaganos\u00bb pero con una gran fe.<br><br>Todos experimentamos decepciones y sorpresas en nuestro camino. La lectura de hoy muestra que las decepciones tambi\u00e9n formaron parte del ministerio de Jes\u00fas. Por muy bien que planifiquemos nuestra vida, tendremos decepciones, pero tambi\u00e9n algunas hermosas sorpresas que pueden hacernos m\u00e1s felices de lo que esper\u00e1bamos. Para no desilusionarnos demasiado en la vida, quiz\u00e1 deber\u00edamos avanzar con menos expectativas, pero con m\u00e1s convicci\u00f3n de que todos pueden ser llevados (de vuelta) a la fe.<\/p>\n\n\n\n<p class=\"has-text-align-left\"><br><strong>M\u00c1XIMA<br>No seas sordo a las palabras de Jes\u00fas<\/strong><\/p>\n\n\n\n<h4 class=\"wp-block-heading has-text-align-left has-vivid-cyan-blue-color has-text-color has-link-color wp-elements-52fb4f19ffaabfc8cf33b9903bb61f2c\"><br><strong>Palabras de Gabriel<\/strong><\/h4>\n\n\n\n<p><img decoding=\"async\" class=\"wp-image-639\" style=\"width: 150px;\" src=\"https:\/\/menesianosoy.org\/wp-content\/uploads\/2023\/08\/Sans-titre-11-1-2.jpg\" alt=\"\"><br><em>La primera disposici\u00f3n que pide de ustedes la santidad de esta palabra, cuando vienen a escucharla, es un deseo de que ella les sea \u00fatil. Antes de venir a nuestro templo, deben dirigirse al Padre de las luces para pedirle un coraz\u00f3n d\u00f3cil.<br>La segunda actitud que deben tener para escuchar la palabra de Dios es de dolor y de aflicci\u00f3n, fundada en los pocos frutos que han sacado de tantas verdades escuchadas, de tantos movimientos de arrepentimiento que el Se\u00f1or ha obrado en sus corazones por el ministerio de la palabra de Dios y que no han tenido \u00e9xito para su salvaci\u00f3n; de tantas piadosas resoluciones inspiradas en este lugar santo, que parec\u00edan prometer un cambio de vida y que han fracasado ante el primer escollo\u201d (Serm\u00f3n sobre la Palabra de Dios)<\/em><\/p>\n\n\n\n<h4 class=\"wp-block-heading has-text-align-left has-vivid-cyan-blue-color has-text-color has-link-color wp-elements-33327c3e9b586212cc0af2a201e7add8\"><br><strong><em>Escucha \u2013 Ain Karem<\/em><\/strong><\/h4>\n\n\n\n<figure class=\"wp-block-embed is-type-video is-provider-youtube wp-block-embed-youtube wp-embed-aspect-4-3 wp-has-aspect-ratio\"><div class=\"wp-block-embed__wrapper\">\n<iframe loading=\"lazy\" title=\"Escucha - Ain Karem\" width=\"1140\" height=\"855\" src=\"https:\/\/www.youtube.com\/embed\/Fnj7e-mnbg0?feature=oembed\" frameborder=\"0\" allow=\"accelerometer; autoplay; clipboard-write; encrypted-media; gyroscope; picture-in-picture; web-share\" referrerpolicy=\"strict-origin-when-cross-origin\" allowfullscreen><\/iframe>\n<\/div><\/figure>\n\n\n\n<p class=\"has-text-align-left\"><strong><em>Escucha&nbsp;&nbsp;&nbsp;&nbsp;&nbsp;&nbsp;&nbsp;&nbsp;&nbsp;&nbsp;<br>lo que el Se\u00f1or te pide:<br>Es tan s\u00f3lo que practiques la justicia,&nbsp;&nbsp;&nbsp;&nbsp;&nbsp;&nbsp;&nbsp;&nbsp;&nbsp;&nbsp;&nbsp;&nbsp;&nbsp;<br>es tan s\u00f3lo que ames con ternura,<br>es tan s\u00f3lo que camines<br>humildemente con tu Dios.&nbsp;<br>(Miqueas 6,8)<\/em><\/strong><\/p>\n","protected":false},"excerpt":{"rendered":"<p>Job 38, 1. 12-21; 40, 3-5Salmo 138, 1-3. 7-10 Evangelio: Lucas 10, 13-16 En aquel tiempo Jes\u00fas exclam\u00f3: \u00a1Ay de ti, Coroza\u00edn! \u00a1Ay de ti, Betsaida! Porque si en Tiro y en Sid\u00f3n se hubieran hecho los milagros realizados entre ustedes, hace tiempo que se habr\u00edan convertido, poni\u00e9ndose cilicio y sent\u00e1ndose sobre ceniza.Por eso Tiro &hellip; <a href=\"https:\/\/menesianosoy.org\/index.php\/2024\/09\/30\/san-francisco-de-asis-3\/\" class=\"more-link\">Continue reading<span class=\"screen-reader-text\"> \u00abSan Francisco de As\u00eds\u00bb<\/span><\/a><\/p>\n","protected":false},"author":3,"featured_media":0,"comment_status":"closed","ping_status":"closed","sticky":false,"template":"","format":"standard","meta":{"_acf_changed":false,"footnotes":""},"categories":[9],"tags":[],"class_list":["post-16714","post","type-post","status-publish","format-standard","hentry","category-evangelio"],"acf":[],"_links":{"self":[{"href":"https:\/\/menesianosoy.org\/index.php\/wp-json\/wp\/v2\/posts\/16714","targetHints":{"allow":["GET"]}}],"collection":[{"href":"https:\/\/menesianosoy.org\/index.php\/wp-json\/wp\/v2\/posts"}],"about":[{"href":"https:\/\/menesianosoy.org\/index.php\/wp-json\/wp\/v2\/types\/post"}],"author":[{"embeddable":true,"href":"https:\/\/menesianosoy.org\/index.php\/wp-json\/wp\/v2\/users\/3"}],"replies":[{"embeddable":true,"href":"https:\/\/menesianosoy.org\/index.php\/wp-json\/wp\/v2\/comments?post=16714"}],"version-history":[{"count":9,"href":"https:\/\/menesianosoy.org\/index.php\/wp-json\/wp\/v2\/posts\/16714\/revisions"}],"predecessor-version":[{"id":16852,"href":"https:\/\/menesianosoy.org\/index.php\/wp-json\/wp\/v2\/posts\/16714\/revisions\/16852"}],"wp:attachment":[{"href":"https:\/\/menesianosoy.org\/index.php\/wp-json\/wp\/v2\/media?parent=16714"}],"wp:term":[{"taxonomy":"category","embeddable":true,"href":"https:\/\/menesianosoy.org\/index.php\/wp-json\/wp\/v2\/categories?post=16714"},{"taxonomy":"post_tag","embeddable":true,"href":"https:\/\/menesianosoy.org\/index.php\/wp-json\/wp\/v2\/tags?post=16714"}],"curies":[{"name":"wp","href":"https:\/\/api.w.org\/{rel}","templated":true}]}}