{"id":17011,"date":"2024-10-06T17:08:19","date_gmt":"2024-10-06T20:08:19","guid":{"rendered":"https:\/\/menesianosoy.org\/?p=17011"},"modified":"2024-10-06T17:18:47","modified_gmt":"2024-10-06T20:18:47","slug":"santo-tomas-de-villanueva-4","status":"publish","type":"post","link":"https:\/\/menesianosoy.org\/index.php\/2024\/10\/06\/santo-tomas-de-villanueva-4\/","title":{"rendered":"Santo Tom\u00e1s de Villanueva &#8211; San Daniel Comboni."},"content":{"rendered":"\n<h4 class=\"wp-block-heading has-text-align-left has-vivid-purple-color has-text-color has-link-color wp-elements-ee387d0d5662abedfabb7986a324d730\"><br><strong><em>Oraci\u00f3n:<\/em><\/strong><\/h4>\n\n\n\n<p class=\"has-text-align-left\"><strong><em>Padre bueno,<br>te doy gracias por la vida,<br>regalo de tu amor.<br>Haz que la comparta con todos:<br>con mis hermanos, con mi familia,<br>con mis amigos,<br>tejiendo lazos como lo hizo Jes\u00fas.<br>Env\u00edame tu Esp\u00edritu Santo<br>para descubrir lo que quieres de m\u00ed.<br>Hazme cada d\u00eda m\u00e1s parecido a tu Hijo:<br>que sus sentimientos sean mis sentimientos,<br>que sus pensamientos<br>sean mis pensamientos,<br>que su proyecto sea mi proyecto,<br>que ame como \u00c9l am\u00f3.<br>Como a Mar\u00eda, Padre Bueno,<br>conc\u00e9denos a todos<br>un coraz\u00f3n d\u00f3cil a tu Palabra. Am\u00e9n<\/em><\/strong><\/p>\n\n\n\n<h4 class=\"wp-block-heading has-text-align-left has-vivid-purple-color has-text-color has-link-color wp-elements-d7db2ffc8ebbc10abc0b559de040a9b9\"><br><strong><em>Intenciones:<\/em><\/strong><\/h4>\n\n\n\n<ul class=\"wp-block-list\">\n<li>Por las vocaciones en nuestro Distrito y las casa de formaci\u00f3n de el Alto.<\/li>\n\n\n\n<li>Por la familia menesiana del Centro Educacional de Culipr\u00e1n<\/li>\n\n\n\n<li>Por los que se preparan para ser laicos asociados menesianos.<\/li>\n\n\n\n<li>Por la comunidad de Bilbao (Espa\u00f1a) y la de Nzega (Tanzania).<\/li>\n\n\n\n<li>Por los combonianos y sus obras. <\/li>\n<\/ul>\n\n\n\n<h4 class=\"wp-block-heading has-text-align-left has-vivid-purple-color has-text-color has-link-color wp-elements-a3a9041989c03e45b236814163cd0932\"><br><em><strong>Constituciones 161:<\/strong><\/em><\/h4>\n\n\n\n<p class=\"has-text-align-left\">Persuadidos de que el Cap\u00edtulo General es quehacer de todos los miembros del Instituto, los Hermanos, en uni\u00f3n con los Superiores, dar\u00e1n prueba de iniciativa en la elecci\u00f3n y en el empleo de los medios m\u00e1s id\u00f3neos para su preparaci\u00f3n\u2026<\/p>\n\n\n\n<h4 class=\"wp-block-heading has-text-align-left has-vivid-purple-color has-text-color has-link-color wp-elements-1fb96b59b9067b3656f433f3830f482c\"><br><em><strong>Memorial p. 90:<\/strong><\/em><\/h4>\n\n\n\n<p class=\"has-text-align-left\">\u00a1Qu\u00e9 pena que no se separen inmediatamente de todo lo que se les arrebatar\u00e1 dentro de un instante! \u00a1Qu\u00e9 l\u00e1stima que no empiecen a vivir una vida eterna!<\/p>\n\n\n\n<h4 class=\"wp-block-heading has-text-align-left has-vivid-purple-color has-text-color has-link-color wp-elements-a77aba329315af5c37d1ef3d7a73d551\"><br><strong><em>Difuntos: <\/em><\/strong><\/h4>\n\n\n\n<p class=\"has-text-align-left\">1936: <strong>F\u00e9lix Mart\u00ednez (Atanasio).<\/strong> Naci\u00f3 en Corres (Burgos) en 1913. Muri\u00f3 en Arlab\u00e1n, en la guerra.<br>1955: Oswald Laurent<br>1975: Pierre Gu\u00e9rin (Arthur)<br>1983: Jean Didailler (Ange-Gabriel)<br>2023: Fran\u00e7ois Qu\u00e9m\u00e9neur.<\/p>\n","protected":false},"excerpt":{"rendered":"<p>Oraci\u00f3n: Padre bueno,te doy gracias por la vida,regalo de tu amor.Haz que la comparta con todos:con mis hermanos, con mi familia,con mis amigos,tejiendo lazos como lo hizo Jes\u00fas.Env\u00edame tu Esp\u00edritu Santopara descubrir lo que quieres de m\u00ed.Hazme cada d\u00eda m\u00e1s parecido a tu Hijo:que sus sentimientos sean mis sentimientos,que sus pensamientossean mis pensamientos,que su proyecto &hellip; <a href=\"https:\/\/menesianosoy.org\/index.php\/2024\/10\/06\/santo-tomas-de-villanueva-4\/\" class=\"more-link\">Continue reading<span class=\"screen-reader-text\"> \u00abSanto Tom\u00e1s de Villanueva &#8211; San Daniel Comboni.\u00bb<\/span><\/a><\/p>\n","protected":false},"author":3,"featured_media":0,"comment_status":"closed","ping_status":"closed","sticky":false,"template":"","format":"standard","meta":{"_acf_changed":false,"footnotes":""},"categories":[3],"tags":[],"class_list":["post-17011","post","type-post","status-publish","format-standard","hentry","category-calendario"],"acf":[],"_links":{"self":[{"href":"https:\/\/menesianosoy.org\/index.php\/wp-json\/wp\/v2\/posts\/17011","targetHints":{"allow":["GET"]}}],"collection":[{"href":"https:\/\/menesianosoy.org\/index.php\/wp-json\/wp\/v2\/posts"}],"about":[{"href":"https:\/\/menesianosoy.org\/index.php\/wp-json\/wp\/v2\/types\/post"}],"author":[{"embeddable":true,"href":"https:\/\/menesianosoy.org\/index.php\/wp-json\/wp\/v2\/users\/3"}],"replies":[{"embeddable":true,"href":"https:\/\/menesianosoy.org\/index.php\/wp-json\/wp\/v2\/comments?post=17011"}],"version-history":[{"count":5,"href":"https:\/\/menesianosoy.org\/index.php\/wp-json\/wp\/v2\/posts\/17011\/revisions"}],"predecessor-version":[{"id":17019,"href":"https:\/\/menesianosoy.org\/index.php\/wp-json\/wp\/v2\/posts\/17011\/revisions\/17019"}],"wp:attachment":[{"href":"https:\/\/menesianosoy.org\/index.php\/wp-json\/wp\/v2\/media?parent=17011"}],"wp:term":[{"taxonomy":"category","embeddable":true,"href":"https:\/\/menesianosoy.org\/index.php\/wp-json\/wp\/v2\/categories?post=17011"},{"taxonomy":"post_tag","embeddable":true,"href":"https:\/\/menesianosoy.org\/index.php\/wp-json\/wp\/v2\/tags?post=17011"}],"curies":[{"name":"wp","href":"https:\/\/api.w.org\/{rel}","templated":true}]}}