{"id":17050,"date":"2024-10-06T18:02:52","date_gmt":"2024-10-06T21:02:52","guid":{"rendered":"https:\/\/menesianosoy.org\/?p=17050"},"modified":"2024-10-06T18:41:42","modified_gmt":"2024-10-06T21:41:42","slug":"nuestra-senora-del-pilar-beato-carlos-acutis","status":"publish","type":"post","link":"https:\/\/menesianosoy.org\/index.php\/2024\/10\/06\/nuestra-senora-del-pilar-beato-carlos-acutis\/","title":{"rendered":"Nuestra Se\u00f1ora del Pilar &#8211; Beato Carlos Acutis"},"content":{"rendered":"\n<figure class=\"wp-block-image size-full\"><img loading=\"lazy\" decoding=\"async\" width=\"290\" height=\"450\" src=\"https:\/\/menesianosoy.org\/wp-content\/uploads\/2023\/10\/pm94a.jpg\" alt=\"\" class=\"wp-image-4988\" srcset=\"https:\/\/menesianosoy.org\/wp-content\/uploads\/2023\/10\/pm94a.jpg 290w, https:\/\/menesianosoy.org\/wp-content\/uploads\/2023\/10\/pm94a-193x300.jpg 193w\" sizes=\"auto, (max-width: 290px) 85vw, 290px\" \/><\/figure>\n\n\n\n<h5 class=\"wp-block-heading has-text-align-left has-vivid-red-color has-text-color has-link-color wp-elements-66f20e98e83f5dee7cb5174a2c8c8a28\"><strong><em>Nuestra Se\u00f1ora del Pilar<\/em><\/strong><\/h5>\n\n\n\n<p class=\"has-text-align-left\"><br><strong><em>G\u00e1latas 3, 22-29<br>Salmo 104, 2-7<\/em><\/strong><\/p>\n\n\n\n<h4 class=\"wp-block-heading has-text-align-left has-vivid-cyan-blue-color has-text-color has-link-color wp-elements-56dfd9b20f1d233761f65ef5471ed1a0\"><br><strong>Evangelio: Lucas 11, 27-28<\/strong><\/h4>\n\n\n\n<p class=\"has-text-align-left\"><strong><em>Cuando Jes\u00fas termin\u00f3 de hablar, una mujer levant\u00f3 la voz en medio de la multitud y le dijo: \u00a1Feliz el seno que te llev\u00f3 y los pechos que te amamantaron!<br>Jes\u00fas le respondi\u00f3: Felices m\u00e1s bien los que escuchan la Palabra de Dios y la practican.<\/em><\/strong><\/p>\n\n\n\n<figure class=\"wp-block-image size-full\"><img loading=\"lazy\" decoding=\"async\" width=\"450\" height=\"420\" src=\"https:\/\/menesianosoy.org\/wp-content\/uploads\/2024\/10\/igledsia-1.png\" alt=\"\" class=\"wp-image-17054\" srcset=\"https:\/\/menesianosoy.org\/wp-content\/uploads\/2024\/10\/igledsia-1.png 450w, https:\/\/menesianosoy.org\/wp-content\/uploads\/2024\/10\/igledsia-1-300x280.png 300w\" sizes=\"auto, (max-width: 450px) 85vw, 450px\" \/><\/figure>\n\n\n\n<p class=\"has-text-align-left\"><em><strong>\u00a1Dichosos los que escuchan la Palabra de Dios!<\/strong><\/em><br><br>Algunos ex\u00e9getas se preguntan si este breve relato no ser\u00e1 una variante del otro en que la madre y los hermanos de Jes\u00fas fueron a buscarlo a \u00e9l (Lc 8,19-21) (E. Klostermann). Hay quienes descartan esta hip\u00f3tesis (J.A. Fitzmyer). Sea lo que sea de esta cuesti\u00f3n, el hecho es que la respuesta de Jes\u00fas en ambos casos es la misma: la mayor grandeza y la mayor dicha es <em>escuchar la palabra de Dios y cumplirla<\/em>. Eso es m\u00e1s importante en la vida que incluso tener la relaci\u00f3n de parentesco m\u00e1s \u00edntima que se puede tener con Jes\u00fas, la relaci\u00f3n \u201cmadre-hijo\u201d.<br><br>Pero, \u00a1atenci\u00f3n!: lo decisivo no es \u201co\u00edr\u201d la palabra de Dios, sino \u201ccumplirla\u201d. O sea, lo decisivo es que la Palabra de Dios se constituya en el principio determinante y organizativo de nuestra vida. Hay que recordar aqu\u00ed que, en las culturas del antiguo oriente, la palabra no ten\u00eda principalmente la funci\u00f3n de signo que transmite un conocimiento, sino que se consideraba como una fuerza transformaba el \u00e1mbito que penetraba. Toda la Biblia se ha de entender desde este punto de vista. De ah\u00ed que integrar la Palabra de Dios en la propia vida es m\u00e1s determinante que ser de la misma familia de Jes\u00fas.<br><br>Pero hay algo m\u00e1s fuerte a\u00fan. Seg\u00fan el Nuevo Testamento, La Palabra de Dios es Jes\u00fas. Esto ya se dice en los sin\u00f3pticos (Mc 4,14ss; Lc 5,1\u2026) Pero, sobre todo, es en el evangelio de Juan en el que se afirma que la Palabra se ha hecho carne (Jn 1,14), es decir, La Palabra de Dios se ha hecho humanidad. Lo cual es como decir debilidad, bondad, cercan\u00eda humana, amor, Por eso, lo que en definitiva afirma Jes\u00fas -y en o que insiste- es que lo m\u00e1s importante en la vida es ser profundamente humano. Esto es lo que importa de verdad. Porque es mediante nuestra humanizaci\u00f3n como encontramos a Dios, de la misma manera que haci\u00e9ndose humano es como Dios nos encontr\u00f3 a nosotros.<\/p>\n\n\n\n<h4 class=\"wp-block-heading has-text-align-left has-vivid-cyan-blue-color has-text-color has-link-color wp-elements-682b51b7b5d561d921493842227be625\"><br><strong>Palabras de Juan Mar\u00eda:<\/strong><\/h4>\n\n\n\n<p class=\"has-text-align-left\"><img loading=\"lazy\" decoding=\"async\" width=\"150\" height=\"127\" class=\"wp-image-16112\" style=\"width: 150px;\" src=\"https:\/\/menesianosoy.org\/wp-content\/uploads\/2024\/09\/ppp.png\" alt=\"\" srcset=\"https:\/\/menesianosoy.org\/wp-content\/uploads\/2024\/09\/ppp.png 450w, https:\/\/menesianosoy.org\/wp-content\/uploads\/2024\/09\/ppp-300x254.png 300w\" sizes=\"auto, (max-width: 150px) 85vw, 150px\" \/><br><em>Hijos m\u00edos, se los repito, escuchen a Dios, inclinen su coraz\u00f3n a las palabras de su boca; que caigan en \u00e9l como un dulce roc\u00edo. (Medios para aprovechar un retiro)<\/em><br><\/p>\n\n\n\n<figure class=\"wp-block-embed is-type-video is-provider-youtube wp-block-embed-youtube wp-embed-aspect-16-9 wp-has-aspect-ratio\"><div class=\"wp-block-embed__wrapper\">\n<iframe loading=\"lazy\" title=\"TU PALABRA\" width=\"1140\" height=\"641\" src=\"https:\/\/www.youtube.com\/embed\/Dk-P4sZon1A?feature=oembed\" frameborder=\"0\" allow=\"accelerometer; autoplay; clipboard-write; encrypted-media; gyroscope; picture-in-picture; web-share\" referrerpolicy=\"strict-origin-when-cross-origin\" allowfullscreen><\/iframe>\n<\/div><\/figure>\n\n\n\n<p class=\"has-text-align-left\">Haz de mi vida bienaventuranza<br>\u00a0pon en mi mirada misericordia<br>\u00a0Abre mis manos<br>\u00a0para dar sin precio,<br>\u00a0y pon, pon en mi boca tu Palabra.<br><br>Trae a mis cadenas, tu liberaci\u00f3n:<br>pon en mis enga\u00f1os, tu verdad profunda;<br>pon en mi cobard\u00eda,<br>tu evangelio valiente,<br>\u00a0y pon, pon en mi boca tu palabra.<br><br>Palabra que me inquieta,<br>Palabra que me llama,<br>Palabra que me llena,<br>Palabra que me abrasa<br>Palabra que pronuncio;<br>y todo cambia,<br>la tierra late con tu Palabra.<br>Palabra recibida,<br>Palabra proclamada,<br>Palabra que me hiere,<br>Palabra que me sana,<br>Palabra que se encarna,<br>y todo cambia,<br>la tierra late con tu Palabra.<br><br>Hazme compasivo,<br>fiel hasta la cruz.<br>Conduce mis pasos,<br>firme tras tus huellas.<br>La noche m\u00e1s oscura<br>enciende con tu presencia,<br>y pon, pon en mi boca tu Palabra.<\/p>\n\n\n\n<p class=\"has-vivid-purple-background-color has-background\"><\/p>\n\n\n\n<h4 class=\"wp-block-heading has-text-align-left has-small-font-size\"><img loading=\"lazy\" decoding=\"async\" width=\"150\" height=\"112\" class=\"wp-image-17072\" style=\"width: 150px;\" src=\"https:\/\/menesianosoy.org\/wp-content\/uploads\/2024\/10\/images.jpeg\" alt=\"\"><br><strong><em>Carlo Acutis fallece a tan s\u00f3lo 15 a\u00f1os de edad a causa de una leucemia fulminante, dejando en la memoria de todos los que le han conocido un gran vac\u00edo y una profunda admiraci\u00f3n por el que ha sido su breve y a la vez intenso testimonio de vida aut\u00e9nticamente cristiano. Desde que recibi\u00f3 la Primera Comuni\u00f3n a los 7 a\u00f1os de edad nunca ha faltado a la cita cotidiana con la Santa Misa. Siempre, antes o despu\u00e9s de la celebraci\u00f3n eucar\u00edstica, se quedaba delante del Sagrario para adorar al Se\u00f1or realmente presente en el Sant\u00edsimo Sacramento. La Virgen era su gran confidente y nunca dejaba de honrarla rezando cada d\u00eda el Santo Rosario. La modernidad y la actualidad de Carlo conjugan perfectamente con su profunda vida eucar\u00edstica y devoci\u00f3n mariana, que han contribuido a que llegase a ser un chico muy especial al que todos admiraban y amaban.<br><br>Citando las palabras de Carlo:\u00a0\u201cNuestra meta debe ser el infinito, no lo finito. El Infinito es nuestra Patria. Desde siempre el Cielo nos espera\u201d.\u00a0Suya es la frase:\u00a0\u201cTodos nacen como originales pero muchos mueren como fotocopias\u201d.\u00a0Para dirigirse hacia esta Meta y no\u00a0\u201cmorir como fotocopias\u201d\u00a0Carlo dec\u00eda que nuestra Br\u00fajula tiene que ser la Palabra de Dios, con la que tenemos que confrontarnos constantemente. Pero para una Meta tan alta hacen falta Medios muy especiales: los Sacramentos y la oraci\u00f3n. En especial, Carlo situaba en el centro de su vida el Sacramento de la Eucarist\u00eda que llamaba\u00a0\u201cmi autopista hacia el Cielo.<br><br>Resumiendo, era un misterio este joven fiel de la Di\u00f3cesis de Mil\u00e1n, que antes de morir ha sido capaz de ofrecer su sufrimiento por el Papa y por la Iglesia&#8230; (Card. Angelo Comastri)\u00a0<\/em><\/strong><\/h4>\n","protected":false},"excerpt":{"rendered":"<p>Nuestra Se\u00f1ora del Pilar G\u00e1latas 3, 22-29Salmo 104, 2-7 Evangelio: Lucas 11, 27-28 Cuando Jes\u00fas termin\u00f3 de hablar, una mujer levant\u00f3 la voz en medio de la multitud y le dijo: \u00a1Feliz el seno que te llev\u00f3 y los pechos que te amamantaron!Jes\u00fas le respondi\u00f3: Felices m\u00e1s bien los que escuchan la Palabra de Dios &hellip; <a href=\"https:\/\/menesianosoy.org\/index.php\/2024\/10\/06\/nuestra-senora-del-pilar-beato-carlos-acutis\/\" class=\"more-link\">Continue reading<span class=\"screen-reader-text\"> \u00abNuestra Se\u00f1ora del Pilar &#8211; Beato Carlos Acutis\u00bb<\/span><\/a><\/p>\n","protected":false},"author":3,"featured_media":0,"comment_status":"closed","ping_status":"closed","sticky":false,"template":"","format":"standard","meta":{"_acf_changed":false,"footnotes":""},"categories":[9],"tags":[],"class_list":["post-17050","post","type-post","status-publish","format-standard","hentry","category-evangelio"],"acf":[],"_links":{"self":[{"href":"https:\/\/menesianosoy.org\/index.php\/wp-json\/wp\/v2\/posts\/17050","targetHints":{"allow":["GET"]}}],"collection":[{"href":"https:\/\/menesianosoy.org\/index.php\/wp-json\/wp\/v2\/posts"}],"about":[{"href":"https:\/\/menesianosoy.org\/index.php\/wp-json\/wp\/v2\/types\/post"}],"author":[{"embeddable":true,"href":"https:\/\/menesianosoy.org\/index.php\/wp-json\/wp\/v2\/users\/3"}],"replies":[{"embeddable":true,"href":"https:\/\/menesianosoy.org\/index.php\/wp-json\/wp\/v2\/comments?post=17050"}],"version-history":[{"count":12,"href":"https:\/\/menesianosoy.org\/index.php\/wp-json\/wp\/v2\/posts\/17050\/revisions"}],"predecessor-version":[{"id":17073,"href":"https:\/\/menesianosoy.org\/index.php\/wp-json\/wp\/v2\/posts\/17050\/revisions\/17073"}],"wp:attachment":[{"href":"https:\/\/menesianosoy.org\/index.php\/wp-json\/wp\/v2\/media?parent=17050"}],"wp:term":[{"taxonomy":"category","embeddable":true,"href":"https:\/\/menesianosoy.org\/index.php\/wp-json\/wp\/v2\/categories?post=17050"},{"taxonomy":"post_tag","embeddable":true,"href":"https:\/\/menesianosoy.org\/index.php\/wp-json\/wp\/v2\/tags?post=17050"}],"curies":[{"name":"wp","href":"https:\/\/api.w.org\/{rel}","templated":true}]}}