{"id":17143,"date":"2024-10-12T12:08:07","date_gmt":"2024-10-12T15:08:07","guid":{"rendered":"https:\/\/menesianosoy.org\/?p=17143"},"modified":"2024-10-15T06:49:29","modified_gmt":"2024-10-15T09:49:29","slug":"santa-teresa-de-jesus","status":"publish","type":"post","link":"https:\/\/menesianosoy.org\/index.php\/2024\/10\/12\/santa-teresa-de-jesus\/","title":{"rendered":"Santa Teresa de Jes\u00fas"},"content":{"rendered":"\n<p class=\"has-text-align-left\"><strong><em>G\u00e1latas 5, 1-6<br>Salmo 118, 41. 43-45. 47-48<\/em><\/strong><\/p>\n\n\n\n<h4 class=\"wp-block-heading has-text-align-left has-vivid-purple-color has-text-color has-link-color wp-elements-daa0adbe6a4f13fee3685eafcc58d982\"><br><strong>Evangelio: Lucas 11, 37-41<\/strong><\/h4>\n\n\n\n<p class=\"has-text-align-left\"><em><strong>Un fariseo lo invit\u00f3 a cenar a su casa.<br>Jes\u00fas entr\u00f3 y se sent\u00f3 a la mesa.<br>El fariseo se extra\u00f1\u00f3 que no se lavara antes de comer.<br>Pero el Se\u00f1or le dijo: \u00a1As\u00ed son ustedes, los fariseos! Purifican por fuera la copa y el plato, y por dentro est\u00e1n llenos de voracidad y perfidia. \u00a1Insensatos! El que hizo lo de afuera, \u00bfno hizo tambi\u00e9n lo de adentro? Den m\u00e1s bien como limosna lo que tienen y todo ser\u00e1 puro.<\/strong><\/em><\/p>\n\n\n\n<figure class=\"wp-block-image size-full\"><img loading=\"lazy\" decoding=\"async\" width=\"500\" height=\"281\" src=\"https:\/\/menesianosoy.org\/wp-content\/uploads\/2024\/10\/maxresdefault.jpg\" alt=\"\" class=\"wp-image-17155\" srcset=\"https:\/\/menesianosoy.org\/wp-content\/uploads\/2024\/10\/maxresdefault.jpg 500w, https:\/\/menesianosoy.org\/wp-content\/uploads\/2024\/10\/maxresdefault-300x169.jpg 300w\" sizes=\"auto, (max-width: 500px) 85vw, 500px\" \/><\/figure>\n\n\n\n<p class=\"has-text-align-left\">\u00a0Jes\u00fas va a cenar a la casa de un fariseo, tras recibir su invitaci\u00f3n. Entr\u00f3 a la casa, se sent\u00f3 a la mesa y ac\u00e1 aparece el cuestionamiento de este fariseo porque no se hab\u00eda lavado.\u00a0 Jes\u00fas respon<\/p>\n\n\n\n<p class=\"has-text-align-left\">de con estas palabras: <em>\u201cAs\u00ed son ustedes, los fariseos, purifican la copa y el plato y por dentro est\u00e1n llenos de voracidad y perfidia. Insensatos.\u201d<\/em> Se dirige de un modo duro a estos hombres de la ley que participan del estudio de la Biblia en la sinagoga, pero que est\u00e1n m\u00e1s atentos a lo de afuera y no ven lo de adentro. No ven el coraz\u00f3n.<br><br>El Se\u00f1or ve siempre el coraz\u00f3n de cada uno de nosotros, aunque nosotros, hombres limitados, muchas veces vemos las apariencias y nos quedamos en eso. Sin embargo, el Se\u00f1or nos invita a ir m\u00e1s all\u00e1, a poder descubrir claramente la riqueza que cada ser humano, cada hermano, cada Cristo que camina a nuestro lado nos puede brindar y tambi\u00e9n nosotros podemos brindarles. Por eso, pid\u00e1mosle al Se\u00f1or que podamos ser cada d\u00eda m\u00e1s transparentes, m\u00e1s coherentes con lo que decimos y hacemos. Que todo lo que hagamos salga desde lo profundo del coraz\u00f3n. Que no estemos mirando y buscando qu\u00e9 le falta a tal hermano, a tal hermana o criticando. Sino que podamos descubrir a nuestros hermanos y descubrirnos, a cada uno de nosotros, como una bendici\u00f3n de Dios para nuestros hermanos y de ellos para nosotros. (P. Ra\u00fal G\u00f3mez)<\/p>\n\n\n\n<p class=\"has-text-align-left\"><br><strong>M\u00c1XIMA<br>Purifiquemos nuestras intenciones<\/strong><\/p>\n\n\n\n<h4 class=\"wp-block-heading has-text-align-left has-vivid-cyan-blue-color has-text-color has-link-color wp-elements-f100dfd3860a4604441e8378a214dd1c\"><br><strong>Palabras de Gabriel Deshayes<\/strong><\/h4>\n\n\n\n<p class=\"has-text-align-left\"><img loading=\"lazy\" decoding=\"async\" width=\"115\" height=\"143\" class=\"wp-image-17000\" style=\"width: 115px;\" src=\"https:\/\/menesianosoy.org\/wp-content\/uploads\/2024\/10\/gabriel.jpg\" alt=\"\"><br><em>\u00a1Vengan! Pero con intenciones puras. Lejos de ustedes todo esp\u00edritu de curiosidad y de hipocres\u00eda. Vengan con un coraz\u00f3n recto. Aporten a la misi\u00f3n el deseo sincero de convertirse. D\u00edganle a Dios con todo el coraz\u00f3n que quieren ser sanados. (Serm\u00f3n sobre la misi\u00f3n)<\/em><\/p>\n\n\n\n<h4 class=\"wp-block-heading has-text-align-left has-vivid-purple-color has-text-color has-link-color wp-elements-e3ec0e8dbf14a9acab932769af506828\"><br>Quema mi vida &#8211; Jon Carlo<\/h4>\n\n\n\n<figure class=\"wp-block-embed is-type-video is-provider-youtube wp-block-embed-youtube wp-embed-aspect-16-9 wp-has-aspect-ratio\"><div class=\"wp-block-embed__wrapper\">\n<iframe loading=\"lazy\" title=\"Jon carlo - Quema mi vida (Letra)\" width=\"1140\" height=\"641\" src=\"https:\/\/www.youtube.com\/embed\/0-Z7qIa7KF0?feature=oembed\" frameborder=\"0\" allow=\"accelerometer; autoplay; clipboard-write; encrypted-media; gyroscope; picture-in-picture; web-share\" referrerpolicy=\"strict-origin-when-cross-origin\" allowfullscreen><\/iframe>\n<\/div><\/figure>\n\n\n\n<p class=\"has-text-align-left\">Quiero alabarte y no puedo,<br>quiero levantar mis manos hacia Ti.<br>Ya no tengo fuerzas, dame hoy las tuyas.<br>Es hora de que obres T\u00fa en m\u00ed.<br><br>Quiero agradarte con mi canto,<br>pero es tan dif\u00edcil cuando estoy as\u00ed.<br>Ya no tengo fuerza, dame hoy las tuyas.<br>Es hora de que obres T\u00fa en m\u00ed.<br><br>Quema mi vida, quema mi ser.<br>Saca de m\u00ed lo que ya no te agrada.<br>Hazme de nuevo, tuyo quiero ser.<br>Quema mi vida, quema mi ser.<br>T\u00fa eres el divino alfarero<br>y todo nuevo lo puedes hacer.<br>Quema mi vida.<br><br>Quiero que me quemes.<br>Quiero que me hagas de nuevo, Se\u00f1or.<br>Quiero que me quemes,<br>que me consumas con tu fuego.<br>Quiero que me quemes.<br>Quiero que me hagas de nuevo,<br>divino alfarero.<br>Oh, quiero que me quemes.<br>Qu\u00e9mame, Se\u00f1or.<\/p>\n","protected":false},"excerpt":{"rendered":"<p>G\u00e1latas 5, 1-6Salmo 118, 41. 43-45. 47-48 Evangelio: Lucas 11, 37-41 Un fariseo lo invit\u00f3 a cenar a su casa.Jes\u00fas entr\u00f3 y se sent\u00f3 a la mesa.El fariseo se extra\u00f1\u00f3 que no se lavara antes de comer.Pero el Se\u00f1or le dijo: \u00a1As\u00ed son ustedes, los fariseos! Purifican por fuera la copa y el plato, y &hellip; <a href=\"https:\/\/menesianosoy.org\/index.php\/2024\/10\/12\/santa-teresa-de-jesus\/\" class=\"more-link\">Continue reading<span class=\"screen-reader-text\"> \u00abSanta Teresa de Jes\u00fas\u00bb<\/span><\/a><\/p>\n","protected":false},"author":3,"featured_media":0,"comment_status":"closed","ping_status":"closed","sticky":false,"template":"","format":"standard","meta":{"_acf_changed":false,"footnotes":""},"categories":[9],"tags":[],"class_list":["post-17143","post","type-post","status-publish","format-standard","hentry","category-evangelio"],"acf":[],"_links":{"self":[{"href":"https:\/\/menesianosoy.org\/index.php\/wp-json\/wp\/v2\/posts\/17143","targetHints":{"allow":["GET"]}}],"collection":[{"href":"https:\/\/menesianosoy.org\/index.php\/wp-json\/wp\/v2\/posts"}],"about":[{"href":"https:\/\/menesianosoy.org\/index.php\/wp-json\/wp\/v2\/types\/post"}],"author":[{"embeddable":true,"href":"https:\/\/menesianosoy.org\/index.php\/wp-json\/wp\/v2\/users\/3"}],"replies":[{"embeddable":true,"href":"https:\/\/menesianosoy.org\/index.php\/wp-json\/wp\/v2\/comments?post=17143"}],"version-history":[{"count":8,"href":"https:\/\/menesianosoy.org\/index.php\/wp-json\/wp\/v2\/posts\/17143\/revisions"}],"predecessor-version":[{"id":17244,"href":"https:\/\/menesianosoy.org\/index.php\/wp-json\/wp\/v2\/posts\/17143\/revisions\/17244"}],"wp:attachment":[{"href":"https:\/\/menesianosoy.org\/index.php\/wp-json\/wp\/v2\/media?parent=17143"}],"wp:term":[{"taxonomy":"category","embeddable":true,"href":"https:\/\/menesianosoy.org\/index.php\/wp-json\/wp\/v2\/categories?post=17143"},{"taxonomy":"post_tag","embeddable":true,"href":"https:\/\/menesianosoy.org\/index.php\/wp-json\/wp\/v2\/tags?post=17143"}],"curies":[{"name":"wp","href":"https:\/\/api.w.org\/{rel}","templated":true}]}}