{"id":17432,"date":"2024-10-24T16:17:10","date_gmt":"2024-10-24T19:17:10","guid":{"rendered":"https:\/\/menesianosoy.org\/?p=17432"},"modified":"2024-10-24T16:43:24","modified_gmt":"2024-10-24T19:43:24","slug":"santos-simon-y-judas-san-rodrigo-aguilar-aleman-3","status":"publish","type":"post","link":"https:\/\/menesianosoy.org\/index.php\/2024\/10\/24\/santos-simon-y-judas-san-rodrigo-aguilar-aleman-3\/","title":{"rendered":"Santos Sim\u00f3n y Judas \u2013 San Rodrigo Aguilar Alem\u00e1n"},"content":{"rendered":"\n<p class=\"has-text-align-left\"><strong><em>Efesios 2, 19-22<br>Salmo 18, 2-5<\/em><\/strong><\/p>\n\n\n\n<h4 class=\"wp-block-heading has-text-align-left has-vivid-cyan-blue-color has-text-color has-link-color wp-elements-852f28a3379e25e181b0e1051acb433e\"><br><strong>Evangelio: Lucas 6, 12-19<\/strong><\/h4>\n\n\n\n<p class=\"has-text-align-left\"><strong><em>En esos d\u00edas, Jes\u00fas se retir\u00f3 a una monta\u00f1a para orar, y pas\u00f3 toda la noche en oraci\u00f3n con Dios.<br>Cuando se hizo de d\u00eda, llam\u00f3 a sus disc\u00edpulos y eligi\u00f3 a doce de ellos, a los que dio el nombre de Ap\u00f3stoles: Sim\u00f3n, a quien puso el sobrenombre de Pedro, Andr\u00e9s, su hermano, Santiago, Juan, Felipe, Bartolom\u00e9, Mateo, Tom\u00e1s, Santiago, hijo de Alfeo, Sim\u00f3n, llamado el Zelote, Judas, hijo de Santiago y Judas Iscariote, que fue el traidor.<br>Al bajar con ellos se detuvo en una llanura.<br>Estaban all\u00ed muchos de sus disc\u00edpulos y una gran muchedumbre que hab\u00eda llegado de toda la Judea, de Jerusal\u00e9n y de la regi\u00f3n costera de Tiro y Sid\u00f3n, para escucharlo y hacerse curar de sus enfermedades.<br>Los que estaban atormentados por esp\u00edritus impuros quedaban curados.<br>Y toda la gente quer\u00eda tocarlo, porque sal\u00eda de \u00e9l una fuerza que sanaba a todos.<\/em><\/strong><\/p>\n\n\n\n<figure class=\"wp-block-image size-full\"><img loading=\"lazy\" decoding=\"async\" width=\"450\" height=\"574\" src=\"https:\/\/menesianosoy.org\/wp-content\/uploads\/2024\/10\/e5930b04e8a6cb4a5976e1a8026e9141.jpg\" alt=\"\" class=\"wp-image-17437\" srcset=\"https:\/\/menesianosoy.org\/wp-content\/uploads\/2024\/10\/e5930b04e8a6cb4a5976e1a8026e9141.jpg 450w, https:\/\/menesianosoy.org\/wp-content\/uploads\/2024\/10\/e5930b04e8a6cb4a5976e1a8026e9141-235x300.jpg 235w\" sizes=\"auto, (max-width: 450px) 85vw, 450px\" \/><\/figure>\n\n\n\n<p class=\"has-text-align-left\">Antes de la elecci\u00f3n de los Ap\u00f3stoles, Jes\u00fas se retira solo a la monta\u00f1a para pasar la noche entera en oraci\u00f3n.\u00a0 Era su costumbre, sobre todo cuando estaba ante acontecimientos de consecuencias importantes, lo cual es un ejemplo para nosotros los cristianos, para las comunidades de creyentes. Es importante la acci\u00f3n, la gesti\u00f3n, la organizaci\u00f3n, pero, m\u00e1s importante que todo eso, es la oraci\u00f3n, que es la concentraci\u00f3n total en lo que m\u00e1s importa: ser cada cual \u201cuno mismo\u201d, no lo que la sociedad, el dinero, la pol\u00edtica o los dem\u00e1s quieren que uno sea.<br><br>La idea del evangelio de Lucas, al relatar el hecho de la designaci\u00f3n de los \u201cDoce\u201d y sus nombres, expresa el convencimiento de la Iglesia naciente, una convicci\u00f3n capital: no puede haber comunidades sin dirigentes, pero estos no se sit\u00faan frente a la comunidad o sobre la comunidad, sino que est\u00e1n en ella, viven con la gente y como vive la gente. No son hombres de estudio, t\u00edtulos o nombres distinguidos. Ni Jes\u00fas pens\u00f3 en que todos ten\u00edan que ser de la misma ideolog\u00eda o tener la misma formaci\u00f3n. Lo determinante es que eran \u201cseguidores\u201d de Jes\u00fas, que vivieron con Jes\u00fas, y como vivi\u00f3 Jes\u00fas. En esto, sobre todo en esto \u00faltimo, est\u00e1n las ra\u00edces y la clave del apostolado.<br><br>Ser Ap\u00f3stol no es b\u00e1sicamente ni esencialmente, un poder, una autoridad. Y menos a\u00fan es una dignidad. Ser Ap\u00f3stol es, antes que nada, ser una persona que reproduce y hace presente hoy lo que fue la vida de Jes\u00fas. Por eso, el relato termina haciendo referencia, una vez m\u00e1s, a las curaciones que hac\u00eda Jes\u00fas, a su inter\u00e9s por los que sufren, a su empe\u00f1o por remediar las desgracias de los desgraciados. Si los cristianos de hoy somos verdaderamente sucesores de los Ap\u00f3stoles, tendr\u00edamos que distinguirnos por el fiel \u201cseguimiento de Jes\u00fas\u201d, en todo, con todos, y siempre.<\/p>\n\n\n\n<p class=\"has-text-align-left\"><br><strong>M\u00c1XIMA<br>Ser cristiano es vivir como Jes\u00fas<\/strong><\/p>\n\n\n\n<h4 class=\"wp-block-heading has-text-align-left has-vivid-cyan-blue-color has-text-color has-link-color wp-elements-eda3c876e7a9676023858aa16007a202\"><br><strong><em>Palabras de Juan Mar\u00eda<\/em><\/strong><\/h4>\n\n\n\n<p class=\"has-text-align-left\"><em>\u00a0<\/em><img decoding=\"async\" class=\"wp-image-16089\" style=\"width: 150px;\" src=\"https:\/\/menesianosoy.org\/wp-content\/uploads\/2024\/09\/JMLM.png\" alt=\"\"><br><em>El Se\u00f1or no te pod\u00eda dar una vocaci\u00f3n mayor, pues te ha llamado a continuar la misi\u00f3n que su propio Hijo desempe\u00f1\u00f3 en la tierra: Como \u00e9l, ense\u00f1as, y tus trabajos tienen por objeto la salvaci\u00f3n de las almas; ella constituir\u00e1 tu corona si, como no lo dudo, perseveras hasta el fin. (Al H. Anastasio, 25 de julio de 1845)<\/em><\/p>\n\n\n\n<p class=\"has-text-align-left\"><\/p>\n\n\n\n<figure class=\"wp-block-embed is-type-video is-provider-youtube wp-block-embed-youtube wp-embed-aspect-4-3 wp-has-aspect-ratio\"><div class=\"wp-block-embed__wrapper\">\n<iframe loading=\"lazy\" title=\"Yo quiero ser Jes\u00fas, Profeta y Misionero - Canto Cat\u00f3lico Misionero\" width=\"1140\" height=\"855\" src=\"https:\/\/www.youtube.com\/embed\/98ZREaRvPLc?feature=oembed\" frameborder=\"0\" allow=\"accelerometer; autoplay; clipboard-write; encrypted-media; gyroscope; picture-in-picture; web-share\" referrerpolicy=\"strict-origin-when-cross-origin\" allowfullscreen><\/iframe>\n<\/div><\/figure>\n\n\n\n<p class=\"has-text-align-left\">Me miraste, me nombraste,<br>me invitaste a seguirte.<br>No comprendo, no lo entiendo<br>c\u00f3mo a m\u00ed me preferiste.<br>Ya no es tiempo de pretextos,<br>Vos, Jes\u00fas lo conseguiste.<br>Yo te sigo, soy tu amigo,<br>y adonde Vos vayas, voy.<br><br>Yo quiero ser, Jes\u00fas,<br>profeta y misionero.<br>Quiero ser instrumento de tu Paz.<br>Quiero anunciar tu Palabra,<br>dar tu Vida en abundancia<br>y de tu mano por el mundo caminar.<br><br>Me enviaste,<br>me mandaste a anunciar buenas noticias,<br>me enderezas, me das fuerzas para andar<br>sin que me rinda.<br>Soy cristiano, de tu mano<br>quiero ser luz en tu pueblo;<br>ser consuelo, dar tu aliento,<br>y amar con tu Coraz\u00f3n.<\/p>\n\n\n\n<p class=\"has-vivid-purple-background-color has-background\"><\/p>\n\n\n\n<h5 class=\"wp-block-heading has-text-align-left has-small-font-size\">RODRIGO AGUILAR ALEMAN (1875-1927) fue un sacerdote mexicano martirizado durante las Guerras Cristeras. Siendo p\u00e1rroco se public\u00f3 la suspensi\u00f3n del culto p\u00fablico y la pena de muerte para quien no cumpliera esa ley, por lo que debi\u00f3 esconderse en una casa de campo. Traicionado tuvo que huir, refugi\u00e1ndose junto con seminaristas en Tula. Hasta all\u00ed llegaron los soldados. Todos huyeron menos \u00e9l. Muri\u00f3 ahorcado en la plaza del pueblo. Fue canonizado por el papa Juan Pablo II.<\/h5>\n","protected":false},"excerpt":{"rendered":"<p>Efesios 2, 19-22Salmo 18, 2-5 Evangelio: Lucas 6, 12-19 En esos d\u00edas, Jes\u00fas se retir\u00f3 a una monta\u00f1a para orar, y pas\u00f3 toda la noche en oraci\u00f3n con Dios.Cuando se hizo de d\u00eda, llam\u00f3 a sus disc\u00edpulos y eligi\u00f3 a doce de ellos, a los que dio el nombre de Ap\u00f3stoles: Sim\u00f3n, a quien puso &hellip; <a href=\"https:\/\/menesianosoy.org\/index.php\/2024\/10\/24\/santos-simon-y-judas-san-rodrigo-aguilar-aleman-3\/\" class=\"more-link\">Continue reading<span class=\"screen-reader-text\"> \u00abSantos Sim\u00f3n y Judas \u2013 San Rodrigo Aguilar Alem\u00e1n\u00bb<\/span><\/a><\/p>\n","protected":false},"author":3,"featured_media":0,"comment_status":"closed","ping_status":"closed","sticky":false,"template":"","format":"standard","meta":{"_acf_changed":false,"footnotes":""},"categories":[9],"tags":[],"class_list":["post-17432","post","type-post","status-publish","format-standard","hentry","category-evangelio"],"acf":[],"_links":{"self":[{"href":"https:\/\/menesianosoy.org\/index.php\/wp-json\/wp\/v2\/posts\/17432","targetHints":{"allow":["GET"]}}],"collection":[{"href":"https:\/\/menesianosoy.org\/index.php\/wp-json\/wp\/v2\/posts"}],"about":[{"href":"https:\/\/menesianosoy.org\/index.php\/wp-json\/wp\/v2\/types\/post"}],"author":[{"embeddable":true,"href":"https:\/\/menesianosoy.org\/index.php\/wp-json\/wp\/v2\/users\/3"}],"replies":[{"embeddable":true,"href":"https:\/\/menesianosoy.org\/index.php\/wp-json\/wp\/v2\/comments?post=17432"}],"version-history":[{"count":4,"href":"https:\/\/menesianosoy.org\/index.php\/wp-json\/wp\/v2\/posts\/17432\/revisions"}],"predecessor-version":[{"id":17440,"href":"https:\/\/menesianosoy.org\/index.php\/wp-json\/wp\/v2\/posts\/17432\/revisions\/17440"}],"wp:attachment":[{"href":"https:\/\/menesianosoy.org\/index.php\/wp-json\/wp\/v2\/media?parent=17432"}],"wp:term":[{"taxonomy":"category","embeddable":true,"href":"https:\/\/menesianosoy.org\/index.php\/wp-json\/wp\/v2\/categories?post=17432"},{"taxonomy":"post_tag","embeddable":true,"href":"https:\/\/menesianosoy.org\/index.php\/wp-json\/wp\/v2\/tags?post=17432"}],"curies":[{"name":"wp","href":"https:\/\/api.w.org\/{rel}","templated":true}]}}