{"id":17487,"date":"2024-10-25T16:10:53","date_gmt":"2024-10-25T19:10:53","guid":{"rendered":"https:\/\/menesianosoy.org\/?p=17487"},"modified":"2024-10-25T16:18:31","modified_gmt":"2024-10-25T19:18:31","slug":"miercoles-de-la-27a-semana-durante-el-ano-2","status":"publish","type":"post","link":"https:\/\/menesianosoy.org\/index.php\/2024\/10\/25\/miercoles-de-la-27a-semana-durante-el-ano-2\/","title":{"rendered":"Mi\u00e9rcoles de la 27\u00aa semana durante el a\u00f1o"},"content":{"rendered":"\n<h4 class=\"wp-block-heading has-text-align-left has-vivid-purple-color has-text-color has-link-color wp-elements-ee387d0d5662abedfabb7986a324d730\"><br><strong><em>Oraci\u00f3n:<\/em><\/strong><\/h4>\n\n\n\n<p class=\"has-text-align-left\"><strong><em>Se\u00f1or Jes\u00fas,<br>T\u00fa que dijiste que todos sean uno,<br>te damos gracias por llamarnos a la unidad,<br>por desafiarnos a salir<br>de nuestros esquemas y seguridades.<br>Sabes de nuestras resistencias<br>e inseguridades,<br>sabes de nuestros sue\u00f1os y anhelos;<br>no te son desconocidas<br>nuestras limitaciones y pobrezas,<br>y tambi\u00e9n con ellas<br>quieres gestar la nueva realidad.<br>Nos confiamos a Mar\u00eda,<br>que sali\u00f3 a prisa al encuentro<br>de la vida que clama.<br>Haz de la familia menesiana<br>un cuerpo para la misi\u00f3n<br>que cuide y defienda la vida<br>de los m\u00e1s peque\u00f1os del sur.<br>Am\u00e9n.<\/em><\/strong><\/p>\n\n\n\n<h4 class=\"wp-block-heading has-text-align-left has-vivid-purple-color has-text-color has-link-color wp-elements-d7db2ffc8ebbc10abc0b559de040a9b9\"><br><strong><em>Intenciones:<\/em><\/strong><\/h4>\n\n\n\n<ul class=\"wp-block-list\">\n<li>Por el pr\u00f3ximo Cap\u00edtulo de Distrito.<\/li>\n\n\n\n<li>Por el retiro de Walter para la preparaci\u00f3n a la profesi\u00f3n perpetua.<\/li>\n\n\n\n<li>Por el pr\u00f3ximo encuentro de LAM en Culipr\u00e1n, Chile.<\/li>\n\n\n\n<li>Por la comunidad del centro educativo San Dami\u00e1n de Villa G. G\u00e1lvez y la comunidad de Nairobi (Kenia).<\/li>\n\n\n\n<li>Por las vocaciones religiosas y sacerdotales<\/li>\n<\/ul>\n\n\n\n<h4 class=\"wp-block-heading has-text-align-left has-vivid-purple-color has-text-color has-link-color wp-elements-b1212f2063c29130cc0260bba2e1b0f8\"><br><strong><em>Directorio 94 b:<\/em><\/strong><\/h4>\n\n\n\n<p class=\"has-text-align-left\">Deseoso de no dejarse acaparar por sus diversas ocupaciones, el Hermano sabe mantener en su vida los tiempos de oraci\u00f3n indispensables para estar con Cristo en cualquier actividad.<\/p>\n\n\n\n<h4 class=\"wp-block-heading has-text-align-left has-vivid-purple-color has-text-color has-link-color wp-elements-ed8f3cec70a06395c5b56e48a5ec7b46\"><br><strong><em>Al Hno. Liguori-Marie, julio de 1846:<\/em><\/strong><\/h4>\n\n\n\n<p class=\"has-text-align-left\">No tardaremos en reunirnos en el seno de Dios con las personas queridas que la muerte nos ha arrebatado, si unos y otras merecemos, viviendo como santos, morir como santos.<\/p>\n\n\n\n<h4 class=\"wp-block-heading has-text-align-left has-vivid-purple-color has-text-color has-link-color wp-elements-a77aba329315af5c37d1ef3d7a73d551\"><br><strong><em>Difuntos: <\/em><\/strong><\/h4>\n\n\n\n<p class=\"has-text-align-left\">1974: Louis Le Gal (Vicente Mar\u00eda). Naci\u00f3 en Gu\u00e9gon (Morbihan) en 1901. Realiz\u00f3 su etapa de formaci\u00f3n en Espa\u00f1a y estuvo en varios colegios hasta su regreso a Francia. Muri\u00f3 en Josselin.<br>1990: Joseph Soulard (Beno\u00eet-L\u00e2bre)<\/p>\n","protected":false},"excerpt":{"rendered":"<p>Oraci\u00f3n: Se\u00f1or Jes\u00fas,T\u00fa que dijiste que todos sean uno,te damos gracias por llamarnos a la unidad,por desafiarnos a salirde nuestros esquemas y seguridades.Sabes de nuestras resistenciase inseguridades,sabes de nuestros sue\u00f1os y anhelos;no te son desconocidasnuestras limitaciones y pobrezas,y tambi\u00e9n con ellasquieres gestar la nueva realidad.Nos confiamos a Mar\u00eda,que sali\u00f3 a prisa al encuentrode la vida &hellip; <a href=\"https:\/\/menesianosoy.org\/index.php\/2024\/10\/25\/miercoles-de-la-27a-semana-durante-el-ano-2\/\" class=\"more-link\">Continue reading<span class=\"screen-reader-text\"> \u00abMi\u00e9rcoles de la 27\u00aa semana durante el a\u00f1o\u00bb<\/span><\/a><\/p>\n","protected":false},"author":3,"featured_media":0,"comment_status":"closed","ping_status":"closed","sticky":false,"template":"","format":"standard","meta":{"_acf_changed":false,"footnotes":""},"categories":[3],"tags":[],"class_list":["post-17487","post","type-post","status-publish","format-standard","hentry","category-calendario"],"acf":[],"_links":{"self":[{"href":"https:\/\/menesianosoy.org\/index.php\/wp-json\/wp\/v2\/posts\/17487","targetHints":{"allow":["GET"]}}],"collection":[{"href":"https:\/\/menesianosoy.org\/index.php\/wp-json\/wp\/v2\/posts"}],"about":[{"href":"https:\/\/menesianosoy.org\/index.php\/wp-json\/wp\/v2\/types\/post"}],"author":[{"embeddable":true,"href":"https:\/\/menesianosoy.org\/index.php\/wp-json\/wp\/v2\/users\/3"}],"replies":[{"embeddable":true,"href":"https:\/\/menesianosoy.org\/index.php\/wp-json\/wp\/v2\/comments?post=17487"}],"version-history":[{"count":4,"href":"https:\/\/menesianosoy.org\/index.php\/wp-json\/wp\/v2\/posts\/17487\/revisions"}],"predecessor-version":[{"id":17493,"href":"https:\/\/menesianosoy.org\/index.php\/wp-json\/wp\/v2\/posts\/17487\/revisions\/17493"}],"wp:attachment":[{"href":"https:\/\/menesianosoy.org\/index.php\/wp-json\/wp\/v2\/media?parent=17487"}],"wp:term":[{"taxonomy":"category","embeddable":true,"href":"https:\/\/menesianosoy.org\/index.php\/wp-json\/wp\/v2\/categories?post=17487"},{"taxonomy":"post_tag","embeddable":true,"href":"https:\/\/menesianosoy.org\/index.php\/wp-json\/wp\/v2\/tags?post=17487"}],"curies":[{"name":"wp","href":"https:\/\/api.w.org\/{rel}","templated":true}]}}