{"id":17694,"date":"2024-11-04T19:10:56","date_gmt":"2024-11-04T22:10:56","guid":{"rendered":"https:\/\/menesianosoy.org\/?p=17694"},"modified":"2024-11-08T06:49:48","modified_gmt":"2024-11-08T09:49:48","slug":"viernes-31o-durante-el-ano-2","status":"publish","type":"post","link":"https:\/\/menesianosoy.org\/index.php\/2024\/11\/04\/viernes-31o-durante-el-ano-2\/","title":{"rendered":"Virgen de los Treinta y Tres"},"content":{"rendered":"\n<h4 class=\"wp-block-heading has-text-align-left has-vivid-purple-color has-text-color has-link-color wp-elements-ee387d0d5662abedfabb7986a324d730\"><br><strong><em>Oraci\u00f3n:<\/em><\/strong><\/h4>\n\n\n\n<p class=\"has-text-align-left\"><strong><em>Se\u00f1or, que has dicho:<br>Dejen que los ni\u00f1os vengan a M\u00ed.<br>T\u00fa me has inspirado el deseo<br>de dedicar mi vida<br>a los ni\u00f1os y j\u00f3venes<br>para llevarlos a Ti.<br>D\u00edgnate bendecir mi vocaci\u00f3n,<br>as\u00edsteme en mis trabajos de hoy,<br>derrama sobre m\u00ed,<br>sobre todos mis hermanos<br>y sobre todos los que trabajamos<br>en esta obra educativa,<br>el esp\u00edritu de fortaleza,<br>de caridad y de humildad,<br>para que nada nos aparte<br>de tu servicio.<br>Haz que hoy cumpla con celo<br>el ministerio educativo<br>al que nos has consagrado.<br>Hazme perseverar hasta el fin<br>para alcanzar as\u00ed<br>la salvaci\u00f3n que nos<br>has prometido. Am\u00e9n<\/em><\/strong><\/p>\n\n\n\n<h4 class=\"wp-block-heading has-text-align-left has-vivid-purple-color has-text-color has-link-color wp-elements-90871fc985eeae81b9e1301bab6bf48d\"><br><em><strong>Intenciones:<\/strong><\/em><\/h4>\n\n\n\n<ul class=\"wp-block-list\">\n<li>Por la Iglesia de Uruguay y los menesianos que trabajan en ese pa\u00eds.<\/li>\n\n\n\n<li>Por la salud del H. Luis Aldecoa.<\/li>\n\n\n\n<li>Por los que se preparan para la profesi\u00f3n perpetua, en especial por Walter.<\/li>\n\n\n\n<li>Por la comunidad de Nanclares (Espa\u00f1a) y la de Kirambo (Ruanda).<\/li>\n\n\n\n<li>Por las misiones en la Iglesia.<\/li>\n\n\n\n<li>Por la Delegaci\u00f3n del Congo.<\/li>\n<\/ul>\n\n\n\n<h4 class=\"wp-block-heading has-text-align-left has-vivid-purple-color has-text-color has-link-color wp-elements-411888579981550ab14d669730ddebc9\"><br><strong><em>Directorio 46 c:<\/em><\/strong><\/h4>\n\n\n\n<p class=\"has-text-align-left\">[La comunidad de bienes] permite tambi\u00e9n a Hermanos dedicarse, con la autorizaci\u00f3n del Provincial, a un trabajo no retribuido.<\/p>\n\n\n\n<h4 class=\"wp-block-heading has-text-align-left has-vivid-purple-color has-text-color has-link-color wp-elements-9168b33f8575514f581046e35e8e2747\"><br><strong><em>A los sacerdotes de Saint-M\u00e9en sobre la perfecci\u00f3n:<\/em><\/strong><\/h4>\n\n\n\n<p class=\"has-text-align-left\">La perfecci\u00f3n consiste para vosotros en hacer con amor, con sencillez y con una inalterable paz todo lo que est\u00e1 en el orden de la obediencia.<\/p>\n\n\n\n<h4 class=\"wp-block-heading has-text-align-left has-vivid-purple-color has-text-color has-link-color wp-elements-37675b44b56affaef30908899761ae2b\"><br><em><strong>Difuntos:<\/strong><\/em> <\/h4>\n\n\n\n<p class=\"has-text-align-left\">1959: Lawrence Mary Higgins. <br>1997: Jean-Baptiste Caradec (Alexis-Paul)<br>2003: <strong>Francisco Goikoetxea (Celestino)<\/strong>. Naci\u00f3 en Mungu\u00eda en 1908. Muri\u00f3 en Bilbao.<\/p>\n","protected":false},"excerpt":{"rendered":"<p>Oraci\u00f3n: Se\u00f1or, que has dicho:Dejen que los ni\u00f1os vengan a M\u00ed.T\u00fa me has inspirado el deseode dedicar mi vidaa los ni\u00f1os y j\u00f3venespara llevarlos a Ti.D\u00edgnate bendecir mi vocaci\u00f3n,as\u00edsteme en mis trabajos de hoy,derrama sobre m\u00ed,sobre todos mis hermanosy sobre todos los que trabajamosen esta obra educativa,el esp\u00edritu de fortaleza,de caridad y de humildad,para que &hellip; <a href=\"https:\/\/menesianosoy.org\/index.php\/2024\/11\/04\/viernes-31o-durante-el-ano-2\/\" class=\"more-link\">Continue reading<span class=\"screen-reader-text\"> \u00abVirgen de los Treinta y Tres\u00bb<\/span><\/a><\/p>\n","protected":false},"author":3,"featured_media":0,"comment_status":"closed","ping_status":"closed","sticky":false,"template":"","format":"standard","meta":{"_acf_changed":false,"footnotes":""},"categories":[3],"tags":[],"class_list":["post-17694","post","type-post","status-publish","format-standard","hentry","category-calendario"],"acf":[],"_links":{"self":[{"href":"https:\/\/menesianosoy.org\/index.php\/wp-json\/wp\/v2\/posts\/17694","targetHints":{"allow":["GET"]}}],"collection":[{"href":"https:\/\/menesianosoy.org\/index.php\/wp-json\/wp\/v2\/posts"}],"about":[{"href":"https:\/\/menesianosoy.org\/index.php\/wp-json\/wp\/v2\/types\/post"}],"author":[{"embeddable":true,"href":"https:\/\/menesianosoy.org\/index.php\/wp-json\/wp\/v2\/users\/3"}],"replies":[{"embeddable":true,"href":"https:\/\/menesianosoy.org\/index.php\/wp-json\/wp\/v2\/comments?post=17694"}],"version-history":[{"count":7,"href":"https:\/\/menesianosoy.org\/index.php\/wp-json\/wp\/v2\/posts\/17694\/revisions"}],"predecessor-version":[{"id":17746,"href":"https:\/\/menesianosoy.org\/index.php\/wp-json\/wp\/v2\/posts\/17694\/revisions\/17746"}],"wp:attachment":[{"href":"https:\/\/menesianosoy.org\/index.php\/wp-json\/wp\/v2\/media?parent=17694"}],"wp:term":[{"taxonomy":"category","embeddable":true,"href":"https:\/\/menesianosoy.org\/index.php\/wp-json\/wp\/v2\/categories?post=17694"},{"taxonomy":"post_tag","embeddable":true,"href":"https:\/\/menesianosoy.org\/index.php\/wp-json\/wp\/v2\/tags?post=17694"}],"curies":[{"name":"wp","href":"https:\/\/api.w.org\/{rel}","templated":true}]}}