{"id":17939,"date":"2024-11-17T16:25:22","date_gmt":"2024-11-17T19:25:22","guid":{"rendered":"https:\/\/menesianosoy.org\/?p=17939"},"modified":"2024-11-17T16:31:33","modified_gmt":"2024-11-17T19:31:33","slug":"santa-isabel-de-hungria-2","status":"publish","type":"post","link":"https:\/\/menesianosoy.org\/index.php\/2024\/11\/17\/santa-isabel-de-hungria-2\/","title":{"rendered":"Santa Isabel de Hungr\u00eda"},"content":{"rendered":"\n<h4 class=\"wp-block-heading has-text-align-left has-vivid-purple-color has-text-color has-link-color wp-elements-ee387d0d5662abedfabb7986a324d730\"><br><strong><em>Oraci\u00f3n:<\/em><\/strong><\/h4>\n\n\n\n<p class=\"has-text-align-left\"><strong><em>Se\u00f1or,<br>que puedas encontrar en nosotros<br>todas las perfecciones de tu Hijo,<br>que seamos,<br>en la medida que lo permita<br>la debilidad humana,<br>revestidos de Jesucristo,<br>que sigamos a Cristo<br>en todos sus caminos,<br>que juzguemos todas las cosas<br>como \u00e9l las juzga,<br>que amemos lo que \u00e9l ama,<br>que despreciemos lo que \u00e9l desprecia.<br>En una palabra,<br>que todos nuestros pensamientos<br>sean conformes a sus pensamientos<br>y que seamos su imagen viva. Am\u00e9n<br>(Juan Mar\u00eda)<\/em><\/strong><\/p>\n\n\n\n<h4 class=\"wp-block-heading has-vivid-purple-color has-text-color has-link-color wp-elements-09b85cada862174c71e39049e67b7549\"><br><strong><em>Intenciones:<\/em><\/strong><\/h4>\n\n\n\n<p>Por la salud de nuestros enfermos.<br>Por los que se preparan para la profesi\u00f3n perpetua, en especial por Walter.<br>Por la familia menesiana del colegio Cardenal Copello de Buenos Aires<br>Por la comunidad de Nanclares (Espa\u00f1a) y la de Shediac Cap (Canad\u00e1).<br>Por el pr\u00f3ximo Cap\u00edtulo de Distrito.<\/p>\n\n\n\n<h4 class=\"wp-block-heading has-text-align-left has-vivid-purple-color has-text-color has-link-color wp-elements-bd039083f6ef146dfa23fe824b1f890e\"><br><strong><em>Directorio 104 c:<\/em><\/strong><\/h4>\n\n\n\n<p class=\"has-text-align-left\">[Los Hermanos] emplean los medios humanos, sin olvidar que toda fecundidad apost\u00f3lica viene s\u00f3lo de Dios. Este apostolado se realiza en la Iglesia, por la inserci\u00f3n en una pastoral de conjunto al servicio del pueblo de Dios.<\/p>\n\n\n\n<h4 class=\"wp-block-heading has-text-align-left has-vivid-purple-color has-text-color has-link-color wp-elements-28294d036fdfcec537b9c4461be9fb2e\"><br><strong><em>Al Hno. Porphire-Marie Person, 23 de junio de 1848:<\/em><\/strong><\/h4>\n\n\n\n<p class=\"has-text-align-left\">Sean todos muy fervorosos, muy exactos en observar la Regla en todos sus puntos y muy diligentes en la instrucci\u00f3n de los ni\u00f1os que les son confiados.<\/p>\n\n\n\n<h4 class=\"wp-block-heading has-text-align-left has-vivid-purple-color has-text-color has-link-color wp-elements-a77aba329315af5c37d1ef3d7a73d551\"><br><strong><em>Difuntos: <\/em><\/strong><\/h4>\n\n\n\n<p class=\"has-text-align-left\">1974: Pierre Toutous (Z\u00e9phirin-Louis)<br>1983: Joseph Thomas (Ambroise-Joseph)<br>1989: Ad\u00e9lard Qu\u00e9villon (Camille de Lellis)<br>1998: Jean-Claude Desch\u00eanes<br>2001: Pierre Lizeul (Gabriel-Ren\u00e9)<br>2013: Gilles Gauthier ((G\u00e9rard-Louis)<\/p>\n","protected":false},"excerpt":{"rendered":"<p>Oraci\u00f3n: Se\u00f1or,que puedas encontrar en nosotrostodas las perfecciones de tu Hijo,que seamos,en la medida que lo permitala debilidad humana,revestidos de Jesucristo,que sigamos a Cristoen todos sus caminos,que juzguemos todas las cosascomo \u00e9l las juzga,que amemos lo que \u00e9l ama,que despreciemos lo que \u00e9l desprecia.En una palabra,que todos nuestros pensamientossean conformes a sus pensamientosy que seamos &hellip; <a href=\"https:\/\/menesianosoy.org\/index.php\/2024\/11\/17\/santa-isabel-de-hungria-2\/\" class=\"more-link\">Continue reading<span class=\"screen-reader-text\"> \u00abSanta Isabel de Hungr\u00eda\u00bb<\/span><\/a><\/p>\n","protected":false},"author":3,"featured_media":0,"comment_status":"closed","ping_status":"closed","sticky":false,"template":"","format":"standard","meta":{"_acf_changed":false,"footnotes":""},"categories":[3],"tags":[],"class_list":["post-17939","post","type-post","status-publish","format-standard","hentry","category-calendario"],"acf":[],"_links":{"self":[{"href":"https:\/\/menesianosoy.org\/index.php\/wp-json\/wp\/v2\/posts\/17939","targetHints":{"allow":["GET"]}}],"collection":[{"href":"https:\/\/menesianosoy.org\/index.php\/wp-json\/wp\/v2\/posts"}],"about":[{"href":"https:\/\/menesianosoy.org\/index.php\/wp-json\/wp\/v2\/types\/post"}],"author":[{"embeddable":true,"href":"https:\/\/menesianosoy.org\/index.php\/wp-json\/wp\/v2\/users\/3"}],"replies":[{"embeddable":true,"href":"https:\/\/menesianosoy.org\/index.php\/wp-json\/wp\/v2\/comments?post=17939"}],"version-history":[{"count":4,"href":"https:\/\/menesianosoy.org\/index.php\/wp-json\/wp\/v2\/posts\/17939\/revisions"}],"predecessor-version":[{"id":17947,"href":"https:\/\/menesianosoy.org\/index.php\/wp-json\/wp\/v2\/posts\/17939\/revisions\/17947"}],"wp:attachment":[{"href":"https:\/\/menesianosoy.org\/index.php\/wp-json\/wp\/v2\/media?parent=17939"}],"wp:term":[{"taxonomy":"category","embeddable":true,"href":"https:\/\/menesianosoy.org\/index.php\/wp-json\/wp\/v2\/categories?post=17939"},{"taxonomy":"post_tag","embeddable":true,"href":"https:\/\/menesianosoy.org\/index.php\/wp-json\/wp\/v2\/tags?post=17939"}],"curies":[{"name":"wp","href":"https:\/\/api.w.org\/{rel}","templated":true}]}}