{"id":17975,"date":"2024-11-17T18:17:41","date_gmt":"2024-11-17T21:17:41","guid":{"rendered":"https:\/\/menesianosoy.org\/?p=17975"},"modified":"2024-11-17T18:25:50","modified_gmt":"2024-11-17T21:25:50","slug":"presentacion-de-la-santisima-virgen-2","status":"publish","type":"post","link":"https:\/\/menesianosoy.org\/index.php\/2024\/11\/17\/presentacion-de-la-santisima-virgen-2\/","title":{"rendered":"Presentaci\u00f3n de la Sant\u00edsima Virgen"},"content":{"rendered":"\n<p class=\"has-text-align-left\"><strong><em>1822 &#8211; Las primeras Hijas de la Providencia reciben el h\u00e1bito en Saint-Brieuc.<br>2000 &#8211; Establecimiento de la primera comunidad menesiana, propiamente dicha, en Larantuka (Indonesia).<\/em><\/strong><\/p>\n\n\n\n<h4 class=\"wp-block-heading has-text-align-left has-vivid-purple-color has-text-color has-link-color wp-elements-85903279982a66910378e582041fa8ca\"><br><strong>Oraci\u00f3n:<\/strong><\/h4>\n\n\n\n<p class=\"has-text-align-left\"><strong><em>Padre bueno,<br>te doy gracias por la vida,<br>regalo de tu amor.<br>Haz que la comparta con todos:<br>con mis hermanos, con mi familia,<br>con mis amigos,<br>tejiendo lazos como lo hizo Jes\u00fas.<br>Env\u00edame tu Esp\u00edritu Santo<br>para descubrir lo que quieres de m\u00ed.<br>Hazme cada d\u00eda m\u00e1s parecido a tu Hijo:<br>que sus sentimientos sean mis sentimientos,<br>que sus pensamientos<br>sean mis pensamientos,<br>que su proyecto sea mi proyecto,<br>que ame como \u00c9l am\u00f3.<br>Como a Mar\u00eda, Padre Bueno,<br>conc\u00e9denos a todos<br>un coraz\u00f3n d\u00f3cil a tu Palabra. Am\u00e9n<\/em><\/strong><\/p>\n\n\n\n<h4 class=\"wp-block-heading has-text-align-left has-vivid-purple-color has-text-color has-link-color wp-elements-d7db2ffc8ebbc10abc0b559de040a9b9\"><br><strong><em>Intenciones:<\/em><\/strong><\/h4>\n\n\n\n<ul class=\"wp-block-list\">\n<li>Por los j\u00f3venes que se preguntan por su vocaci\u00f3n y por la casa de formaci\u00f3n de El Alto.<\/li>\n\n\n\n<li>Por los menesianos que trabajan en Indonesia.<\/li>\n\n\n\n<li>Por las Hijas de la Providencia y la nueva rama surgida en Uganda.<\/li>\n\n\n\n<li>Por los j\u00f3venes de los distintos grupos menesianos que existen en el mundo.<\/li>\n\n\n\n<li>Por la familia menesiana del Dionisio D\u00edaz de Maldonado<\/li>\n\n\n\n<li>Por la comunidad de Reinosa (Espa\u00f1a) y la de Hennebont-St. Herv\u00e9 (Francia).<\/li>\n<\/ul>\n\n\n\n<h4 class=\"wp-block-heading has-text-align-left has-vivid-purple-color has-text-color has-link-color wp-elements-6f360a88195c9e008766ca24f763eeb7\"><br><strong><em>Directorio 58 b:<\/em><\/strong><\/h4>\n\n\n\n<p class=\"has-text-align-left\">Como Mar\u00eda, que por su obediencia engendr\u00f3 a Cristo, el Hermano hace que Cristo nazca y crezca en las almas. Consciente de la nobleza de su tarea, colabora generosamente en la pastoral de esta porci\u00f3n de Iglesia a la que le han enviado los superiores.<\/p>\n\n\n\n<h4 class=\"wp-block-heading has-text-align-left has-vivid-purple-color has-text-color has-link-color wp-elements-e67b1eb952195abe370bbfe1677c7756\"><br><strong><em>Al Hno. Elis\u00e9e Dupas, 7 de noviembre de 1848<\/em><\/strong><\/h4>\n\n\n\n<p class=\"has-text-align-left\">Dios les concede una gran gracia al hacerlos conocer sus defectos y al inspirarles el deseo de corregirse de ellos.<\/p>\n\n\n\n<h4 class=\"wp-block-heading has-text-align-left has-vivid-purple-color has-text-color has-link-color wp-elements-a77aba329315af5c37d1ef3d7a73d551\"><br><strong><em>Difuntos: <\/em><\/strong><\/h4>\n\n\n\n<p class=\"has-text-align-left\">1960: G\u00e9rard-\u00c9tienne Lavoie<br>1978: Joseph Lavrilloux (Didier-Joseph)<br>1993: Germain Lafontaine (Gr\u00e9goire-Jean)<br>2005: Antoine Melanson<br>2007: Monfette Roger (Dominique-Roger)<br>2017: Emmanuel Kyemwa<br>2019: Joachim Le Tohic (Berchmans-Marie)<\/p>\n\n\n\n<ol class=\"wp-block-list\">\n<li><\/li>\n<\/ol>\n","protected":false},"excerpt":{"rendered":"<p>1822 &#8211; Las primeras Hijas de la Providencia reciben el h\u00e1bito en Saint-Brieuc.2000 &#8211; Establecimiento de la primera comunidad menesiana, propiamente dicha, en Larantuka (Indonesia). Oraci\u00f3n: Padre bueno,te doy gracias por la vida,regalo de tu amor.Haz que la comparta con todos:con mis hermanos, con mi familia,con mis amigos,tejiendo lazos como lo hizo Jes\u00fas.Env\u00edame tu Esp\u00edritu &hellip; <a href=\"https:\/\/menesianosoy.org\/index.php\/2024\/11\/17\/presentacion-de-la-santisima-virgen-2\/\" class=\"more-link\">Continue reading<span class=\"screen-reader-text\"> \u00abPresentaci\u00f3n de la Sant\u00edsima Virgen\u00bb<\/span><\/a><\/p>\n","protected":false},"author":3,"featured_media":0,"comment_status":"closed","ping_status":"closed","sticky":false,"template":"","format":"standard","meta":{"_acf_changed":false,"footnotes":""},"categories":[3],"tags":[],"class_list":["post-17975","post","type-post","status-publish","format-standard","hentry","category-calendario"],"acf":[],"_links":{"self":[{"href":"https:\/\/menesianosoy.org\/index.php\/wp-json\/wp\/v2\/posts\/17975","targetHints":{"allow":["GET"]}}],"collection":[{"href":"https:\/\/menesianosoy.org\/index.php\/wp-json\/wp\/v2\/posts"}],"about":[{"href":"https:\/\/menesianosoy.org\/index.php\/wp-json\/wp\/v2\/types\/post"}],"author":[{"embeddable":true,"href":"https:\/\/menesianosoy.org\/index.php\/wp-json\/wp\/v2\/users\/3"}],"replies":[{"embeddable":true,"href":"https:\/\/menesianosoy.org\/index.php\/wp-json\/wp\/v2\/comments?post=17975"}],"version-history":[{"count":5,"href":"https:\/\/menesianosoy.org\/index.php\/wp-json\/wp\/v2\/posts\/17975\/revisions"}],"predecessor-version":[{"id":17983,"href":"https:\/\/menesianosoy.org\/index.php\/wp-json\/wp\/v2\/posts\/17975\/revisions\/17983"}],"wp:attachment":[{"href":"https:\/\/menesianosoy.org\/index.php\/wp-json\/wp\/v2\/media?parent=17975"}],"wp:term":[{"taxonomy":"category","embeddable":true,"href":"https:\/\/menesianosoy.org\/index.php\/wp-json\/wp\/v2\/categories?post=17975"},{"taxonomy":"post_tag","embeddable":true,"href":"https:\/\/menesianosoy.org\/index.php\/wp-json\/wp\/v2\/tags?post=17975"}],"curies":[{"name":"wp","href":"https:\/\/api.w.org\/{rel}","templated":true}]}}