{"id":18007,"date":"2024-11-18T18:53:42","date_gmt":"2024-11-18T21:53:42","guid":{"rendered":"https:\/\/menesianosoy.org\/?p=18007"},"modified":"2024-11-18T19:07:26","modified_gmt":"2024-11-18T22:07:26","slug":"san-clemente-beato-miguel-agustin-pro-2","status":"publish","type":"post","link":"https:\/\/menesianosoy.org\/index.php\/2024\/11\/18\/san-clemente-beato-miguel-agustin-pro-2\/","title":{"rendered":"San Clemente \u2013 Beato Miguel Agust\u00edn Pro"},"content":{"rendered":"\n<p class=\"has-text-align-left\"><strong><em>1903 &#8211; En Vitr\u00e9, el comandante Henri de Sonis, rehusa participar en la expulsi\u00f3n de los Hermanos de La Guerche y presenta su dimisi\u00f3n.<\/em><\/strong><\/p>\n\n\n\n<h5 class=\"wp-block-heading has-text-align-left has-vivid-red-color has-text-color has-link-color wp-elements-d0efa9d0b0573c065ac347cc4859ae07\"><br><strong>Liturgia de las horas: Rezamos con el tema PATERNIDAD CARISM\u00c1TICA II<\/strong> <strong>(p\u00e1gina 5)<\/strong><\/h5>\n\n\n\n<h4 class=\"wp-block-heading has-text-align-left has-vivid-purple-color has-text-color has-link-color wp-elements-d7db2ffc8ebbc10abc0b559de040a9b9\"><br><strong><em>Intenciones:<\/em><\/strong><\/h4>\n\n\n\n<ul class=\"wp-block-list\">\n<li>Por los miembros de LAM y su proceso de organizaci\u00f3n como Asociaci\u00f3n.<\/li>\n\n\n\n<li>Pedimos por nuestros enfermos.<\/li>\n\n\n\n<li>Por la familia menesiana de Huatusco (M\u00e9xico) y la comunidad de Shawinigan en Qu\u00e9bec (Canad\u00e1).<\/li>\n\n\n\n<li>Por la provincia Nuestra Se\u00f1ora del Pilar (Espa\u00f1a)<\/li>\n<\/ul>\n\n\n\n<h4 class=\"wp-block-heading has-text-align-left has-vivid-purple-color has-text-color has-link-color wp-elements-f60d926134cf3786478463e09bcb1e72\"><br><strong><em>Directorio 110 b:<\/em><\/strong><\/h4>\n\n\n\n<p class=\"has-text-align-left\">Habiendo centrado su vida en el Reino de Dios ya presente en nuestra historia y sin embargo dedicado a la construcci\u00f3n de la ciudad terrena, el Hermano hace resaltar la transcendencia de las realidades humanas, en su tarea educativa.<\/p>\n\n\n\n<h4 class=\"wp-block-heading has-text-align-left has-vivid-purple-color has-text-color has-link-color wp-elements-db207d312679ef0c31deade650dc820f\"><br><strong><em>A la Srta. H\u00e9l\u00e8ne de Lucini\u00e8re, 27marzo de 1848:<\/em><\/strong><\/h4>\n\n\n\n<p class=\"has-text-align-left\">Amo tanto a esta buena Providencia, que quiero dejarme devorar por ella; en la vida y en la muerte, la bendecir\u00e9.<\/p>\n\n\n\n<h4 class=\"wp-block-heading has-text-align-left has-vivid-purple-color has-text-color has-link-color wp-elements-a77aba329315af5c37d1ef3d7a73d551\"><br><strong><em>Difuntos: <\/em><\/strong><\/h4>\n\n\n\n<p class=\"has-text-align-left\">1989: Albert Picard (F\u00e9lix-Albert)<br>2000: Hnos Oscar Gagn\u00e9 (Isidore-Jean) y Omer Poulin (Candidien-Marie)<\/p>\n","protected":false},"excerpt":{"rendered":"<p>1903 &#8211; En Vitr\u00e9, el comandante Henri de Sonis, rehusa participar en la expulsi\u00f3n de los Hermanos de La Guerche y presenta su dimisi\u00f3n. Liturgia de las horas: Rezamos con el tema PATERNIDAD CARISM\u00c1TICA II (p\u00e1gina 5) Intenciones: Directorio 110 b: Habiendo centrado su vida en el Reino de Dios ya presente en nuestra historia &hellip; <a href=\"https:\/\/menesianosoy.org\/index.php\/2024\/11\/18\/san-clemente-beato-miguel-agustin-pro-2\/\" class=\"more-link\">Continue reading<span class=\"screen-reader-text\"> \u00abSan Clemente \u2013 Beato Miguel Agust\u00edn Pro\u00bb<\/span><\/a><\/p>\n","protected":false},"author":3,"featured_media":0,"comment_status":"closed","ping_status":"closed","sticky":false,"template":"","format":"standard","meta":{"_acf_changed":false,"footnotes":""},"categories":[3],"tags":[],"class_list":["post-18007","post","type-post","status-publish","format-standard","hentry","category-calendario"],"acf":[],"_links":{"self":[{"href":"https:\/\/menesianosoy.org\/index.php\/wp-json\/wp\/v2\/posts\/18007","targetHints":{"allow":["GET"]}}],"collection":[{"href":"https:\/\/menesianosoy.org\/index.php\/wp-json\/wp\/v2\/posts"}],"about":[{"href":"https:\/\/menesianosoy.org\/index.php\/wp-json\/wp\/v2\/types\/post"}],"author":[{"embeddable":true,"href":"https:\/\/menesianosoy.org\/index.php\/wp-json\/wp\/v2\/users\/3"}],"replies":[{"embeddable":true,"href":"https:\/\/menesianosoy.org\/index.php\/wp-json\/wp\/v2\/comments?post=18007"}],"version-history":[{"count":4,"href":"https:\/\/menesianosoy.org\/index.php\/wp-json\/wp\/v2\/posts\/18007\/revisions"}],"predecessor-version":[{"id":18015,"href":"https:\/\/menesianosoy.org\/index.php\/wp-json\/wp\/v2\/posts\/18007\/revisions\/18015"}],"wp:attachment":[{"href":"https:\/\/menesianosoy.org\/index.php\/wp-json\/wp\/v2\/media?parent=18007"}],"wp:term":[{"taxonomy":"category","embeddable":true,"href":"https:\/\/menesianosoy.org\/index.php\/wp-json\/wp\/v2\/categories?post=18007"},{"taxonomy":"post_tag","embeddable":true,"href":"https:\/\/menesianosoy.org\/index.php\/wp-json\/wp\/v2\/tags?post=18007"}],"curies":[{"name":"wp","href":"https:\/\/api.w.org\/{rel}","templated":true}]}}