{"id":18336,"date":"2024-12-01T11:02:50","date_gmt":"2024-12-01T14:02:50","guid":{"rendered":"https:\/\/menesianosoy.org\/?p=18336"},"modified":"2024-12-01T11:22:08","modified_gmt":"2024-12-01T14:22:08","slug":"san-sabas-3","status":"publish","type":"post","link":"https:\/\/menesianosoy.org\/index.php\/2024\/12\/01\/san-sabas-3\/","title":{"rendered":"San Sabas"},"content":{"rendered":"\n<p class=\"has-text-align-left\"><strong>Isa\u00edas 26, 1-6<br>Salmo 117, 1. 8-9. 19-21. 25-27<\/strong><\/p>\n\n\n\n<h4 class=\"wp-block-heading has-text-align-left has-vivid-cyan-blue-color has-text-color has-link-color wp-elements-8124d530870ee89f68b4af3c765ffc7f\"><br><strong>Evangelio: Mateo 7, 21. 24-27<\/strong><\/h4>\n\n\n\n<p class=\"has-text-align-left\"><strong><em>Jes\u00fas dijo a sus disc\u00edpulos: No son los que me dicen: \u2018Se\u00f1or, Se\u00f1or\u2019, los que entrar\u00e1n en el Reino de los Cielos, sino los que cumplen la voluntad de mi Padre que est\u00e1 en el cielo.<br>As\u00ed, todo el que escucha las palabras que acabo de decir y las pone en pr\u00e1ctica, puede compararse a un hombre sensato que edific\u00f3 su casa sobre roca.<br>Cayeron las lluvias, se precipitaron los torrentes, soplaron los vientos y sacudieron la casa; pero \u00e9sta no se derrumb\u00f3 porque estaba construida sobre roca.<br>Al contrario, el que escucha mis palabras y no las practica, puede compararse a un hombre insensato, que edific\u00f3 su casa sobre arena.<br>Cayeron las lluvias, se precipitaron los torrentes, soplaron los vientos y sacudieron la casa: \u00e9sta se derrumb\u00f3 y su ruina fue grande.<\/em><\/strong><\/p>\n\n\n\n<figure class=\"wp-block-image size-full\"><img loading=\"lazy\" decoding=\"async\" width=\"500\" height=\"523\" src=\"https:\/\/menesianosoy.org\/wp-content\/uploads\/2023\/12\/edificadosencristocolor.jpg\" alt=\"\" class=\"wp-image-7352\" srcset=\"https:\/\/menesianosoy.org\/wp-content\/uploads\/2023\/12\/edificadosencristocolor.jpg 500w, https:\/\/menesianosoy.org\/wp-content\/uploads\/2023\/12\/edificadosencristocolor-287x300.jpg 287w\" sizes=\"auto, (max-width: 500px) 85vw, 500px\" \/><\/figure>\n\n\n\n<p class=\"has-text-align-left\">La par\u00e1bola ilustra las dos din\u00e1micas del modo como podemos orientar nuestra vida: La din\u00e1mica de la fundamentaci\u00f3n o la din\u00e1mica de la justificaci\u00f3n. Fundar la vida es construir sobre la roca que es la voluntad del Padre. Justificar la vida es construir sobre arena, hacer cosas para la exportaci\u00f3n, para la imagen. Puedo vivir mi misi\u00f3n desde el estar fundado en Dios y desde la b\u00fasqueda de su voluntad, o como justificaci\u00f3n de mi vida ante m\u00ed y ante los dem\u00e1s.<br><br>Juan Mar\u00eda nos dice que podemos hacer obras hermosas y brillantes, encandilar a los hombres y vivir atribuy\u00e9ndonos toda la gloria de lo hecho, como si fu\u00e9ramos los salvadores del mundo: <em>\u201cTemo, queridos hijos, que en lo concreto de su conducta dejen que el orgullo, la presunci\u00f3n, la vanagloria dominen sus acciones y les quiten todo su m\u00e9rito\u201d.<\/em><br><br>Thomas Merton escribi\u00f3: \u201c<em>Mientras tienes que defender el yo imaginario que crees importante, pierdes la paz de tu coraz\u00f3n. Cuando comparas tu sombra con la sombra de otras gentes, pierdes toda la alegr\u00eda, porque empezaste a traficar con irrealidades, y no hay gozo en lo que no existe\u201d<\/em>.<br><br>Dif\u00edcil es trabajar s\u00f3lo para Dios. Es una gracia a pedir y un trabajo de toda la vida. En la medida que lo hagamos, nuestra casa estar\u00e1 firme en la roca de Dios. (ideas de Miguel \u00c1ngel Merino)<\/p>\n\n\n\n<p class=\"has-text-align-left\"><br><strong>M\u00c1XIMA<br>Edifiquemos nuestra vida sobre la roca de Dios<\/strong><\/p>\n\n\n\n<h4 class=\"wp-block-heading has-text-align-left has-vivid-cyan-blue-color has-text-color has-link-color wp-elements-fc106bf8187ed34fa9151c6c240c10b4\"><br><strong>Palabras de Juan Mar\u00eda<\/strong><\/h4>\n\n\n\n<p class=\"has-text-align-left\"><img decoding=\"async\" class=\"wp-image-16089\" style=\"width: 150px;\" src=\"https:\/\/menesianosoy.org\/wp-content\/uploads\/2024\/09\/JMLM.png\" alt=\"\"><br><em>Hemos contribuido a la conversi\u00f3n de algunas almas quiz\u00e1, pongamos que hayamos hecho milagros, abierto los o\u00eddos a los sordos, enderezado a los cojos; \u00bfentraremos en el Reino de Dios? Esas obras en apariencia tan bellas y brillantes, de las que los hombres se maravillan, \u00bfqu\u00e9 son en realidad? \u00bfNo hemos perdido todo el m\u00e9rito? \u00bfNo las hemos manchado al atribuirnos su gloria? \u00bfEs por Dios, por Dios s\u00f3lo que hemos obrado? \u00a1Ah! al menos comencemos a no ver m\u00e1s y a no buscar m\u00e1s que a El, af\u00edn de no llegar con las manos vac\u00edas y despojados de todo m\u00e9rito y virtud a su terrible juicio\u00bb (Apertura del retiro a la congregaci\u00f3n de S. M\u00e9en, 1826)<\/em><\/p>\n\n\n\n<h4 class=\"wp-block-heading has-text-align-left has-vivid-cyan-blue-color has-text-color has-link-color wp-elements-891aa5f4a8f3cdfc4fdc8749ea3874a8\"><br><strong><em>Roca firme &#8211; Twice M\u00fasica<\/em><\/strong><\/h4>\n\n\n\n<figure class=\"wp-block-embed is-type-video is-provider-youtube wp-block-embed-youtube wp-embed-aspect-16-9 wp-has-aspect-ratio\"><div class=\"wp-block-embed__wrapper\">\n<iframe loading=\"lazy\" title=\"TWICE M\u00daSICA - Roca Firme (\u00c9l No) (Cody Carnes - Firm Foundation en espa\u00f1ol) (Video con letra)\" width=\"1140\" height=\"641\" src=\"https:\/\/www.youtube.com\/embed\/tzsIXUc1_BE?feature=oembed\" frameborder=\"0\" allow=\"accelerometer; autoplay; clipboard-write; encrypted-media; gyroscope; picture-in-picture; web-share\" referrerpolicy=\"strict-origin-when-cross-origin\" allowfullscreen><\/iframe>\n<\/div><\/figure>\n\n\n\n<p class=\"has-text-align-left\">Cristo, mi roca firme,<br>anclado estoy en \u00c9l.<br>Aunque todo est\u00e9 perdido<br>feliz siempre estar\u00e9.<br>Pongo mi fe en Cristo,<br>\u00c9l nunca fallar\u00e1.<br>Fue fiel por generaciones<br>\u00bfPor qu\u00e9 me ha de fallar?<br>\u00c9l no&#8230;<br><br>En medio de la prueba<br>tu paz siempre sentir\u00e9.<br>No ser\u00e9 derrotado<br>pues mi fuerza est\u00e1 en \u00c9l.<br>Pongo mi vida en Cristo,<br>\u00c9l nunca fallar\u00e1.<br>Es fiel en todo momento.<br>\u00c9l nunca cambiar\u00e1<br><br>\u00c9l no, \u00c9l no,<br>El no fallar\u00e1,<br>El no fallar\u00e1.<br><br>Aun en tormenta<br>nada me mover\u00e1.<br>Anclado en Cristo,<br>s\u00e9 que me sostendr\u00e1.<\/p>\n\n\n\n<p class=\"has-vivid-purple-background-color has-background\"><\/p>\n\n\n\n<p class=\"has-text-align-center\"><img loading=\"lazy\" decoding=\"async\" width=\"300\" height=\"169\" class=\"wp-image-18104\" style=\"width: 300px;\" src=\"https:\/\/menesianosoy.org\/wp-content\/uploads\/2024\/11\/leccion-24-panes-y-peces-para-miles0004.jpg\" alt=\"\" srcset=\"https:\/\/menesianosoy.org\/wp-content\/uploads\/2024\/11\/leccion-24-panes-y-peces-para-miles0004.jpg 1000w, https:\/\/menesianosoy.org\/wp-content\/uploads\/2024\/11\/leccion-24-panes-y-peces-para-miles0004-300x169.jpg 300w, https:\/\/menesianosoy.org\/wp-content\/uploads\/2024\/11\/leccion-24-panes-y-peces-para-miles0004-768x432.jpg 768w\" sizes=\"auto, (max-width: 300px) 85vw, 300px\" \/><br><strong>ORACI\u00d3N POR EL CAP\u00cdTULO<br><br>Se\u00f1or Jes\u00fas,<br>somos disc\u00edpulas y disc\u00edpulos tuyos<br>que, como Familia Menesiana del Cono Sur,<br>queremos caminar en actitud sinodal,<br>en un clima de constante discernimiento,<br>\u00a0para descubrir y responder a la invitaci\u00f3n<br>que nos haces de colaborar contigo,<br>\u00a0anunciando tu Evangelio.<br><br>Se\u00f1or Jes\u00fas,<br>conscientes de nuestra fragilidad,<br>ponemos confiados en tus manos,<br>los cinco panes y dos peces que tenemos<br>para que t\u00fa, desde tu sensibilidad,<br>los repartas, transformando<br>corazones, mentes, manos y pies,<br>\u00a0saciando el hambre de fraternidad.<br><br>Se\u00f1or Jes\u00fas,<br>ens\u00e9\u00f1anos tu modo de ser misi\u00f3n,<br>a mirar como comunidades educativas<br>compasivamente la realidad,<br>a tejer lazos de corresponsabilidad<br>que nos hagan m\u00e1s hermanas y hermanos<br>de tus predilectos, los pobres.<br>Am\u00e9n<\/strong><\/p>\n","protected":false},"excerpt":{"rendered":"<p>Isa\u00edas 26, 1-6Salmo 117, 1. 8-9. 19-21. 25-27 Evangelio: Mateo 7, 21. 24-27 Jes\u00fas dijo a sus disc\u00edpulos: No son los que me dicen: \u2018Se\u00f1or, Se\u00f1or\u2019, los que entrar\u00e1n en el Reino de los Cielos, sino los que cumplen la voluntad de mi Padre que est\u00e1 en el cielo.As\u00ed, todo el que escucha las palabras &hellip; <a href=\"https:\/\/menesianosoy.org\/index.php\/2024\/12\/01\/san-sabas-3\/\" class=\"more-link\">Continue reading<span class=\"screen-reader-text\"> \u00abSan Sabas\u00bb<\/span><\/a><\/p>\n","protected":false},"author":3,"featured_media":0,"comment_status":"closed","ping_status":"closed","sticky":false,"template":"","format":"standard","meta":{"_acf_changed":false,"footnotes":""},"categories":[9],"tags":[],"class_list":["post-18336","post","type-post","status-publish","format-standard","hentry","category-evangelio"],"acf":[],"_links":{"self":[{"href":"https:\/\/menesianosoy.org\/index.php\/wp-json\/wp\/v2\/posts\/18336","targetHints":{"allow":["GET"]}}],"collection":[{"href":"https:\/\/menesianosoy.org\/index.php\/wp-json\/wp\/v2\/posts"}],"about":[{"href":"https:\/\/menesianosoy.org\/index.php\/wp-json\/wp\/v2\/types\/post"}],"author":[{"embeddable":true,"href":"https:\/\/menesianosoy.org\/index.php\/wp-json\/wp\/v2\/users\/3"}],"replies":[{"embeddable":true,"href":"https:\/\/menesianosoy.org\/index.php\/wp-json\/wp\/v2\/comments?post=18336"}],"version-history":[{"count":8,"href":"https:\/\/menesianosoy.org\/index.php\/wp-json\/wp\/v2\/posts\/18336\/revisions"}],"predecessor-version":[{"id":18349,"href":"https:\/\/menesianosoy.org\/index.php\/wp-json\/wp\/v2\/posts\/18336\/revisions\/18349"}],"wp:attachment":[{"href":"https:\/\/menesianosoy.org\/index.php\/wp-json\/wp\/v2\/media?parent=18336"}],"wp:term":[{"taxonomy":"category","embeddable":true,"href":"https:\/\/menesianosoy.org\/index.php\/wp-json\/wp\/v2\/categories?post=18336"},{"taxonomy":"post_tag","embeddable":true,"href":"https:\/\/menesianosoy.org\/index.php\/wp-json\/wp\/v2\/tags?post=18336"}],"curies":[{"name":"wp","href":"https:\/\/api.w.org\/{rel}","templated":true}]}}