{"id":18359,"date":"2024-12-01T11:31:49","date_gmt":"2024-12-01T14:31:49","guid":{"rendered":"https:\/\/menesianosoy.org\/?p=18359"},"modified":"2024-12-01T16:40:47","modified_gmt":"2024-12-01T19:40:47","slug":"san-nicolas-de-bari-3","status":"publish","type":"post","link":"https:\/\/menesianosoy.org\/index.php\/2024\/12\/01\/san-nicolas-de-bari-3\/","title":{"rendered":"San Nicol\u00e1s de Bari"},"content":{"rendered":"\n<p class=\"has-text-align-left\"><strong>Isa\u00edas 29, 17-24<br>Salmo 26, 1. 4. 13-14<\/strong><\/p>\n\n\n\n<h4 class=\"wp-block-heading has-text-align-left has-vivid-cyan-blue-color has-text-color has-link-color wp-elements-e1dcbde692140892d271933d63f721c9\"><br><strong>Evangelio: Mateo 9, 27-31<\/strong><\/h4>\n\n\n\n<p class=\"has-text-align-left\"><strong><em>Cuando Jes\u00fas se fue, lo siguieron dos ciegos, gritando: Ten piedad de nosotros, Hijo de David.<br>Al llegar a la casa, los ciegos se le acercaron y \u00e9l les pregunt\u00f3: \u00bfCreen que yo puedo hacer lo que me piden?<br>Ellos le respondieron: S\u00ed, Se\u00f1or.<br>Jes\u00fas les toc\u00f3 los ojos, diciendo: Que suceda como ustedes han cre\u00eddo.<br>Y se les abrieron sus ojos.<br>Entonces Jes\u00fas le dijo: \u00a1Cuidado! Que nadie lo sepa.<br>Pero ellos, apenas salieron, difundieron su fama por toda aquella regi\u00f3n.<\/em><\/strong><\/p>\n\n\n\n<figure class=\"wp-block-image size-full\"><img loading=\"lazy\" decoding=\"async\" width=\"500\" height=\"428\" src=\"https:\/\/menesianosoy.org\/wp-content\/uploads\/2024\/12\/xxx-to-b-fano.jpg\" alt=\"\" class=\"wp-image-18364\" srcset=\"https:\/\/menesianosoy.org\/wp-content\/uploads\/2024\/12\/xxx-to-b-fano.jpg 500w, https:\/\/menesianosoy.org\/wp-content\/uploads\/2024\/12\/xxx-to-b-fano-300x257.jpg 300w\" sizes=\"auto, (max-width: 500px) 85vw, 500px\" \/><\/figure>\n\n\n\n<p class=\"has-text-align-left\"><em>Se\u00f1or, hoy necesito que me ense\u00f1es a saber \u201cgritar en mi oraci\u00f3n\u201d. Y no es que crea que est\u00e1s sordo, ni que est\u00e1s tan lejos que no me puedas o\u00edr. Necesito poner delante de tus ojos \u201cmi vida desgarrada, mi coraz\u00f3n lacerado, mi alma dolorida\u201d. A veces, la vida pesa demasiado, nos duele el alma; y cuando duele el alma es que duele todo. Quisiera en esos momentos duros de la vida, que vinieras a m\u00ed como m\u00e9dico y tocaras mis heridas sangrantes.<\/em><br><br>Siempre me han impresionado los gritos en la oraci\u00f3n. Aparecen con frecuencia en los salmos. Tambi\u00e9n Jes\u00fas grit\u00f3 en la Cruz. Es verdad que Dios Padre no necesita ni de gritos, ni siquiera de palabras. <em>\u201c\u00c9l sabe lo que necesitamos antes incluso de que lo pidamos\u201d<\/em>. (Mt. 6,8). Pero el grito es la mejor expresi\u00f3n de un coraz\u00f3n dolorido que, en medio del dolor, busca la cercan\u00eda de \u201cuna presencia\u201d.<br>Estos dos ciegos ten\u00edan necesidad de acercarse y encontrarse con Jes\u00fas. El Se\u00f1or&nbsp;<strong>\u201cles toc\u00f3 los ojos\u201d.&nbsp;<\/strong>Ten\u00edan suficiente fe como para que Jes\u00fas, como hizo con el Centuri\u00f3n, hiciera el milagro desde la distancia. Pero quiso&nbsp;<strong>tocar sus ojos enfermos.&nbsp;<\/strong>Jes\u00fas es ese m\u00e9dico maravilloso que quiere acecharse, ver, tocar la enfermedad y curarla. Mateo quiere dejar bien manifiesto que Jes\u00fas curaba con la cercan\u00eda de su amor.<br>En realidad, podemos estar cojos, ciegos, sordos, mudos\u2026 pero nuestra enfermedad m\u00e1s profunda es la \u201clejan\u00eda de Dios\u201d. Esos ciegos no ten\u00edan vista, pero ten\u00edan fe. Y Jes\u00fas los cur\u00f3 \u201cconforme a su fe\u201d. Y les dio una extra\u00f1a recomendaci\u00f3n:&nbsp;<strong>\u00a1Que nadie lo sepa!&nbsp;<\/strong>Pero ellos no hicieron caso y lo divulgaron por toda la regi\u00f3n.<br>Probablemente nosotros hubi\u00e9ramos hecho lo mismo. \u00bfC\u00f3mo podemos ocultar las maravillas que Dios hace en nosotros? \u00bfAcaso no nos ha mandado el mismo Se\u00f1or que publiquemos desde las azoteas lo que nos ha dicho en lo oculto? (Mt. 10,27).<br>Con todo, hoy me parece tambi\u00e9n bonita la frase:\u201d&nbsp;<strong>\u00a1que nadie lo sepa!\u2026&nbsp;<\/strong>Hay muchas cosas maravillosas en nuestra vida que deben permanecer ocultas para que las disfrutemos en soledad, sin testigos, s\u00f3lo&nbsp;<strong>\u00a1entre \u00c9l y nosotros<\/strong>! Es estupendo conservar en nuestro solitario coraz\u00f3n experiencias que han sucedido en nuestra vida&nbsp;<strong>\u201csin saber c\u00f3mo\u201d.<\/strong>&nbsp;(Mr. 4,27).<br><br><em>Quiero darte las gracias por la riqueza de tus palabras. Nos podemos acercar a ti con nuestras palabras y con nuestros gritos; y podemos agradarte unas veces \u201cdivulgando\u201d lo que haces con nosotros y otras veces \u201csilenci\u00e1ndolo\u201d y rumi\u00e1ndolo a solas contigo. T\u00fa eres \u201cpresencia y ausencia\u201d, \u201cpalabra y silencio\u201d, \u201cprosa y poes\u00eda\u201d, \u201cviento y brisa\u201d. \u00a1Qu\u00e9 grande eres, Dios m\u00edo!<\/em><\/p>\n\n\n\n<p class=\"has-text-align-left\"><br><strong>M\u00c1XIMA<br>Jes\u00fas nos da la luz<\/strong><\/p>\n\n\n\n<h4 class=\"wp-block-heading has-text-align-left has-vivid-cyan-blue-color has-text-color has-link-color wp-elements-fc106bf8187ed34fa9151c6c240c10b4\"><br><strong>Palabras de Juan Mar\u00eda<\/strong><\/h4>\n\n\n\n<p class=\"has-text-align-left\"><img loading=\"lazy\" decoding=\"async\" width=\"150\" height=\"177\" class=\"wp-image-16108\" style=\"width: 150px;\" src=\"https:\/\/menesianosoy.org\/wp-content\/uploads\/2024\/09\/John-Mary.png\" alt=\"\" srcset=\"https:\/\/menesianosoy.org\/wp-content\/uploads\/2024\/09\/John-Mary.png 450w, https:\/\/menesianosoy.org\/wp-content\/uploads\/2024\/09\/John-Mary-255x300.png 255w\" sizes=\"auto, (max-width: 150px) 85vw, 150px\" \/><br><em>Tratemos de descubrir que ocurre en el fondo de nuestra alma, si Dios nos instruye con su luz, y nuestra primera preocupaci\u00f3n debe ser ped\u00edrsela; espesas tinieblas nos rodean por todas partes; no llegamos a comprender nuestros propios pensamientos, nuestras m\u00e1s \u00edntimas disposiciones se nos esconden; la causa de nuestra ca\u00eddas, nuestras mismas ca\u00eddas a menudo las desconocemos; y de todos los misterios, el m\u00e1s impenetrable para el hombre es el hombre mismo. (Sobre el conocimiento de s\u00ed mismos)<\/em><\/p>\n\n\n\n<h4 class=\"wp-block-heading has-text-align-left has-vivid-cyan-blue-color has-text-color has-link-color wp-elements-bdcc1161295d4bd39d66713ff9954adf\"><br><strong>Gracias, mi Dios &#8211; Kairy M\u00e1rquez<\/strong><\/h4>\n\n\n\n<figure class=\"wp-block-embed is-type-video is-provider-youtube wp-block-embed-youtube wp-embed-aspect-16-9 wp-has-aspect-ratio\"><div class=\"wp-block-embed__wrapper\">\n<iframe loading=\"lazy\" title=\"Kairy Marquez - Gracias Mi Dios (Video Oficial) - M\u00fasica Cat\u00f3lica\" width=\"1140\" height=\"641\" src=\"https:\/\/www.youtube.com\/embed\/O22Cn0jm1E8?feature=oembed\" frameborder=\"0\" allow=\"accelerometer; autoplay; clipboard-write; encrypted-media; gyroscope; picture-in-picture; web-share\" referrerpolicy=\"strict-origin-when-cross-origin\" allowfullscreen><\/iframe>\n<\/div><\/figure>\n\n\n\n<p>Tengo tanto que agradecer,<br>no hay palabras suficientes.<br>Tu amor me rescat\u00f3,<br>tu gracia me transform\u00f3.<br><br>Me viste caminando sin rumbo<br>y tu misericordia me alcanz\u00f3.<br>No soy la misma de ayer,<br>nueva criatura soy.<br><br>Sabes que te amo, mi Se\u00f1or.<br>Sabes que te adoro con todo mi coraz\u00f3n<br>y que agradezco todo lo que me has dado.<br>\u00a1Gracias, Jes\u00fas!<br>Sabes que te amo, mi Se\u00f1or.<br>Sabes que te adoro con todo mi coraz\u00f3n<br>y que agradezco todo lo que me has dado.<br>\u00a1Gracias, mi Dios!<br><br>Tengo tanto que agradecer.<br>Tus obras no me dejan de asombrar.<br>Mi adorado Redentor<br>me sigues demostrando tu bondad.<\/p>\n\n\n\n<p class=\"has-vivid-purple-background-color has-background\"><\/p>\n\n\n\n<p class=\"has-text-align-center\"><img loading=\"lazy\" decoding=\"async\" width=\"300\" height=\"169\" class=\"wp-image-18104\" style=\"width: 300px;\" src=\"https:\/\/menesianosoy.org\/wp-content\/uploads\/2024\/11\/leccion-24-panes-y-peces-para-miles0004.jpg\" alt=\"\" srcset=\"https:\/\/menesianosoy.org\/wp-content\/uploads\/2024\/11\/leccion-24-panes-y-peces-para-miles0004.jpg 1000w, https:\/\/menesianosoy.org\/wp-content\/uploads\/2024\/11\/leccion-24-panes-y-peces-para-miles0004-300x169.jpg 300w, https:\/\/menesianosoy.org\/wp-content\/uploads\/2024\/11\/leccion-24-panes-y-peces-para-miles0004-768x432.jpg 768w\" sizes=\"auto, (max-width: 300px) 85vw, 300px\" \/><br><strong>ORACI\u00d3N POR EL CAP\u00cdTULO<br><br>Se\u00f1or Jes\u00fas,<br>somos disc\u00edpulas y disc\u00edpulos tuyos<br>que como Familia Menesiana del Cono Sur,<br>queremos caminar en actitud sinodal,<br>en un clima de constante discernimiento,<br>\u00a0para descubrir y responder a la invitaci\u00f3n<br>que nos haces de colaborar contigo,<br>\u00a0anunciando tu Evangelio.<br><br>Se\u00f1or Jes\u00fas,<br>conscientes de nuestra fragilidad,<br>ponemos confiados en tus manos,<br>los cinco panes y dos peces que tenemos<br>para que t\u00fa, desde tu sensibilidad,<br>los repartas, transformando<br>corazones, mentes, manos y pies,<br>\u00a0saciando el hambre de fraternidad.<br><br>Se\u00f1or Jes\u00fas,<br>ens\u00e9\u00f1anos tu modo de ser misi\u00f3n,<br>a mirar como comunidades educativas<br>compasivamente la realidad,<br>a tejer lazos de corresponsabilidad<br>que nos hagan m\u00e1s hermanas y hermanos<br>de tus predilectos, los pobres.<br>Am\u00e9n<\/strong><\/p>\n","protected":false},"excerpt":{"rendered":"<p>Isa\u00edas 29, 17-24Salmo 26, 1. 4. 13-14 Evangelio: Mateo 9, 27-31 Cuando Jes\u00fas se fue, lo siguieron dos ciegos, gritando: Ten piedad de nosotros, Hijo de David.Al llegar a la casa, los ciegos se le acercaron y \u00e9l les pregunt\u00f3: \u00bfCreen que yo puedo hacer lo que me piden?Ellos le respondieron: S\u00ed, Se\u00f1or.Jes\u00fas les toc\u00f3 &hellip; <a href=\"https:\/\/menesianosoy.org\/index.php\/2024\/12\/01\/san-nicolas-de-bari-3\/\" class=\"more-link\">Continue reading<span class=\"screen-reader-text\"> \u00abSan Nicol\u00e1s de Bari\u00bb<\/span><\/a><\/p>\n","protected":false},"author":3,"featured_media":0,"comment_status":"closed","ping_status":"closed","sticky":false,"template":"","format":"standard","meta":{"_acf_changed":false,"footnotes":""},"categories":[9],"tags":[],"class_list":["post-18359","post","type-post","status-publish","format-standard","hentry","category-evangelio"],"acf":[],"_links":{"self":[{"href":"https:\/\/menesianosoy.org\/index.php\/wp-json\/wp\/v2\/posts\/18359","targetHints":{"allow":["GET"]}}],"collection":[{"href":"https:\/\/menesianosoy.org\/index.php\/wp-json\/wp\/v2\/posts"}],"about":[{"href":"https:\/\/menesianosoy.org\/index.php\/wp-json\/wp\/v2\/types\/post"}],"author":[{"embeddable":true,"href":"https:\/\/menesianosoy.org\/index.php\/wp-json\/wp\/v2\/users\/3"}],"replies":[{"embeddable":true,"href":"https:\/\/menesianosoy.org\/index.php\/wp-json\/wp\/v2\/comments?post=18359"}],"version-history":[{"count":5,"href":"https:\/\/menesianosoy.org\/index.php\/wp-json\/wp\/v2\/posts\/18359\/revisions"}],"predecessor-version":[{"id":18368,"href":"https:\/\/menesianosoy.org\/index.php\/wp-json\/wp\/v2\/posts\/18359\/revisions\/18368"}],"wp:attachment":[{"href":"https:\/\/menesianosoy.org\/index.php\/wp-json\/wp\/v2\/media?parent=18359"}],"wp:term":[{"taxonomy":"category","embeddable":true,"href":"https:\/\/menesianosoy.org\/index.php\/wp-json\/wp\/v2\/categories?post=18359"},{"taxonomy":"post_tag","embeddable":true,"href":"https:\/\/menesianosoy.org\/index.php\/wp-json\/wp\/v2\/tags?post=18359"}],"curies":[{"name":"wp","href":"https:\/\/api.w.org\/{rel}","templated":true}]}}