{"id":18369,"date":"2024-12-01T16:41:23","date_gmt":"2024-12-01T19:41:23","guid":{"rendered":"https:\/\/menesianosoy.org\/?p=18369"},"modified":"2024-12-01T16:47:41","modified_gmt":"2024-12-01T19:47:41","slug":"san-nicolas-de-bari-4","status":"publish","type":"post","link":"https:\/\/menesianosoy.org\/index.php\/2024\/12\/01\/san-nicolas-de-bari-4\/","title":{"rendered":"San Nicol\u00e1s de Bari"},"content":{"rendered":"\n<h5 class=\"wp-block-heading has-text-align-left has-vivid-red-color has-text-color has-link-color wp-elements-91f451a148faa6895d8aad9bde14383b\"><strong>1767 &#8211; Nacimiento de nuestro Padre Gabriel Deshayes en Beignon<\/strong><\/h5>\n\n\n\n<h4 class=\"wp-block-heading has-text-align-left has-vivid-purple-color has-text-color has-link-color wp-elements-ee387d0d5662abedfabb7986a324d730\"><br><strong><em>Oraci\u00f3n:<\/em><\/strong><\/h4>\n\n\n\n<p class=\"has-text-align-left\"><strong><em>Se\u00f1or, que has dicho:<br>Dejen que los ni\u00f1os vengan a M\u00ed.<br>T\u00fa me has inspirado el deseo<br>de dedicar mi vida<br>a los ni\u00f1os y j\u00f3venes<br>para llevarlos a Ti.<br>D\u00edgnate bendecir mi vocaci\u00f3n,<br>as\u00edsteme en mis trabajos de hoy,<br>derrama sobre m\u00ed,<br>sobre todos mis hermanos<br>y sobre todos los que trabajamos<br>en esta obra educativa,<br>el esp\u00edritu de fortaleza,<br>de caridad y de humildad,<br>para que nada nos aparte<br>de tu servicio.<br>Haz que hoy cumpla con celo<br>el ministerio educativo<br>al que nos has consagrado.<br>Hazme perseverar hasta el fin<br>para alcanzar as\u00ed<br>la salvaci\u00f3n que nos<br>has prometido. Am\u00e9n<\/em><\/strong><\/p>\n\n\n\n<h4 class=\"wp-block-heading has-text-align-left has-vivid-purple-color has-text-color has-link-color wp-elements-7d061d859364f3a3e70fa4ff7fdcac88\"><br>Intenciones:<\/h4>\n\n\n\n<ul class=\"wp-block-list\">\n<li>Por el Superior general y su consejo.<\/li>\n\n\n\n<li>Por los que se preparan para la profesi\u00f3n perpetua, en especial por Walter.<\/li>\n\n\n\n<li>Por los miembros de LAM y su proceso de organizaci\u00f3n como Asociaci\u00f3n.<\/li>\n\n\n\n<li>Por la familia menesiana del colegio Cardenal Copello de Buenos Aires y comunidad de Kambuga (Uganda)<\/li>\n<\/ul>\n\n\n\n<h4 class=\"wp-block-heading has-text-align-left has-vivid-purple-color has-text-color has-link-color wp-elements-e5b85f566f3bef59763bb373a0c8760b\"><br><strong><em>Directorio 37 c:<\/em><\/strong><\/h4>\n\n\n\n<p class=\"has-text-align-left\">[El Hermano] busca las condiciones de vida que favorecen el equilibrio ps\u00edquico y nervioso. No presume de sus fuerzas. Practica la vigilancia de los sentidos y adquiere, con la ascesis, la disciplina personal que le permite asumir progresivamente su celibato integr\u00e1ndolo en el desarrollo de su personalidad.<\/p>\n\n\n\n<h4 class=\"wp-block-heading has-text-align-left has-vivid-purple-color has-text-color has-link-color wp-elements-409cf00071ccf9bc16e74477f274a910\"><br><strong><em>Pensamiento del Padre Deshayes:<\/em><\/strong><\/h4>\n\n\n\n<p class=\"has-text-align-left\">El medio mejor para demostrarme su cari\u00f1o y para hacerme feliz, es darme el consuelo de saber que todos son edificantes para las personas con las que tienen alguna relaci\u00f3n y que viven como verdaderos religiosos.<\/p>\n\n\n\n<h4 class=\"wp-block-heading has-text-align-left has-vivid-purple-color has-text-color has-link-color wp-elements-a77aba329315af5c37d1ef3d7a73d551\"><br><strong><em>Difuntos: <\/em><\/strong><\/h4>\n\n\n\n<p class=\"has-text-align-left\">1981: Louis Fournier (Louis-Ollivier)<br>1987: Adrien Pertuisel (Colomban-Joseph)<br>2001: <strong>Luis del Vigo (Eusebio)<\/strong>. Naci\u00f3 en San Vicente (Burgos) en 1922. Muri\u00f3 en Bilbao<br>2003: Paul \u00c9mile Bergeron (Augustin-F\u00e9lix)<br>2004: Auguste Abjean (Protog\u00e8ne-Marie)<br>2015: Henri Roger (Louis-Charles)<br>2020: Ernest Kerfourn<\/p>\n","protected":false},"excerpt":{"rendered":"<p>1767 &#8211; Nacimiento de nuestro Padre Gabriel Deshayes en Beignon Oraci\u00f3n: Se\u00f1or, que has dicho:Dejen que los ni\u00f1os vengan a M\u00ed.T\u00fa me has inspirado el deseode dedicar mi vidaa los ni\u00f1os y j\u00f3venespara llevarlos a Ti.D\u00edgnate bendecir mi vocaci\u00f3n,as\u00edsteme en mis trabajos de hoy,derrama sobre m\u00ed,sobre todos mis hermanosy sobre todos los que trabajamosen esta &hellip; <a href=\"https:\/\/menesianosoy.org\/index.php\/2024\/12\/01\/san-nicolas-de-bari-4\/\" class=\"more-link\">Continue reading<span class=\"screen-reader-text\"> \u00abSan Nicol\u00e1s de Bari\u00bb<\/span><\/a><\/p>\n","protected":false},"author":3,"featured_media":0,"comment_status":"closed","ping_status":"closed","sticky":false,"template":"","format":"standard","meta":{"_acf_changed":false,"footnotes":""},"categories":[3],"tags":[],"class_list":["post-18369","post","type-post","status-publish","format-standard","hentry","category-calendario"],"acf":[],"_links":{"self":[{"href":"https:\/\/menesianosoy.org\/index.php\/wp-json\/wp\/v2\/posts\/18369","targetHints":{"allow":["GET"]}}],"collection":[{"href":"https:\/\/menesianosoy.org\/index.php\/wp-json\/wp\/v2\/posts"}],"about":[{"href":"https:\/\/menesianosoy.org\/index.php\/wp-json\/wp\/v2\/types\/post"}],"author":[{"embeddable":true,"href":"https:\/\/menesianosoy.org\/index.php\/wp-json\/wp\/v2\/users\/3"}],"replies":[{"embeddable":true,"href":"https:\/\/menesianosoy.org\/index.php\/wp-json\/wp\/v2\/comments?post=18369"}],"version-history":[{"count":3,"href":"https:\/\/menesianosoy.org\/index.php\/wp-json\/wp\/v2\/posts\/18369\/revisions"}],"predecessor-version":[{"id":18373,"href":"https:\/\/menesianosoy.org\/index.php\/wp-json\/wp\/v2\/posts\/18369\/revisions\/18373"}],"wp:attachment":[{"href":"https:\/\/menesianosoy.org\/index.php\/wp-json\/wp\/v2\/media?parent=18369"}],"wp:term":[{"taxonomy":"category","embeddable":true,"href":"https:\/\/menesianosoy.org\/index.php\/wp-json\/wp\/v2\/categories?post=18369"},{"taxonomy":"post_tag","embeddable":true,"href":"https:\/\/menesianosoy.org\/index.php\/wp-json\/wp\/v2\/tags?post=18369"}],"curies":[{"name":"wp","href":"https:\/\/api.w.org\/{rel}","templated":true}]}}