{"id":18399,"date":"2024-12-02T08:36:26","date_gmt":"2024-12-02T11:36:26","guid":{"rendered":"https:\/\/menesianosoy.org\/?p=18399"},"modified":"2024-12-08T08:10:52","modified_gmt":"2024-12-08T11:10:52","slug":"2o-domingo-de-adviento-3","status":"publish","type":"post","link":"https:\/\/menesianosoy.org\/index.php\/2024\/12\/02\/2o-domingo-de-adviento-3\/","title":{"rendered":"2\u00ba domingo de Adviento &#8211; Inmaculada Concepci\u00f3n de Mar\u00eda"},"content":{"rendered":"\n<h3 class=\"wp-block-heading has-text-align-left has-text-color has-link-color wp-elements-a792d088aa92634475f9d5ae77c34147\" style=\"color:#5359c8d9\"><img loading=\"lazy\" decoding=\"async\" width=\"150\" height=\"150\" class=\"wp-image-7405\" style=\"width: 150px;\" src=\"https:\/\/menesianosoy.org\/wp-content\/uploads\/2023\/12\/MeditacionesImmacolata20211206154342835195.jpeg\" alt=\"\" srcset=\"https:\/\/menesianosoy.org\/wp-content\/uploads\/2023\/12\/MeditacionesImmacolata20211206154342835195.jpeg 400w, https:\/\/menesianosoy.org\/wp-content\/uploads\/2023\/12\/MeditacionesImmacolata20211206154342835195-300x300.jpeg 300w, https:\/\/menesianosoy.org\/wp-content\/uploads\/2023\/12\/MeditacionesImmacolata20211206154342835195-150x150.jpeg 150w\" sizes=\"auto, (max-width: 150px) 85vw, 150px\" \/><\/h3>\n\n\n\n<p class=\"has-text-align-left\"><em>Las lecturas de la fiesta de Mar\u00eda aparecen m\u00e1s abajo.<\/em><\/p>\n\n\n\n<h4 class=\"wp-block-heading has-text-align-left has-luminous-vivid-orange-color has-text-color has-link-color wp-elements-fb744e572799124f4776ab138ccbb821\"><br><strong><em>Lecturas del 2\u00ba domingo de Adviento<\/em><\/strong><\/h4>\n\n\n\n<p class=\"has-text-align-left\"><strong>Primera lectura: Baruc 5, 1-9<br>Salmo: 125, 1b-6<br>Segunda lectura: Filipenses 1, 4-6.8-11<\/strong><\/p>\n\n\n\n<h4 class=\"wp-block-heading has-text-align-left has-vivid-cyan-blue-color has-text-color has-link-color wp-elements-9d0d3899afd124864c91671ae1855b54\"><br><strong>EVANGELIO: Lucas 3, 1-6<\/strong><\/h4>\n\n\n\n<p class=\"has-text-align-left\"><strong><em>El a\u00f1o decimoquinto del reinado del emperador Tiberio, cuando Poncio Pilato gobernaba la Judea, siendo Herodes tetrarca de Galilea, su hermano Felipe tetrarca de Iturea y Tracon\u00edtide, y Lisanias tetrarca de Abilene, bajo el pontificado de An\u00e1s y Caif\u00e1s, Dios dirigi\u00f3 su palabra a Juan, hijo de Zacar\u00edas, que estaba en el desierto.<br>Este comenz\u00f3 entonces a recorrer toda la regi\u00f3n del r\u00edo Jord\u00e1n, anunciando un bautismo de conversi\u00f3n para el perd\u00f3n de los pecados, como est\u00e1 escrito en el libro del profeta Isa\u00edas: \u00abUna voz grita en desierto: Preparen el camino del Se\u00f1or, allanen sus senderos. Los valles ser\u00e1n rellenados, las monta\u00f1as y las colinas ser\u00e1n aplanadas. Ser\u00e1n enderezados los senderos sinuosos y nivelados los caminos desparejos. Entonces, todos los hombres ver\u00e1n la Salvaci\u00f3n de Dios.\u00bb<\/em><\/strong><\/p>\n\n\n\n<figure class=\"wp-block-image size-full\"><img loading=\"lazy\" decoding=\"async\" width=\"500\" height=\"331\" src=\"https:\/\/menesianosoy.org\/wp-content\/uploads\/2024\/12\/juan.jpg\" alt=\"\" class=\"wp-image-18404\" srcset=\"https:\/\/menesianosoy.org\/wp-content\/uploads\/2024\/12\/juan.jpg 500w, https:\/\/menesianosoy.org\/wp-content\/uploads\/2024\/12\/juan-300x199.jpg 300w\" sizes=\"auto, (max-width: 500px) 85vw, 500px\" \/><\/figure>\n\n\n\n<h4 class=\"wp-block-heading has-text-align-left has-vivid-cyan-blue-color has-text-color has-link-color wp-elements-bc7c71104c9e7421f2e8bcf01acaa937\"><br><strong>PALABRA Y REALIDAD<\/strong><\/h4>\n\n\n\n<p class=\"has-text-align-left\">Pagola nos dice:<br>\u201cLucas tiene inter\u00e9s en precisar con detalle los nombres de los personajes que controlan en aquel momento las diferentes esferas del poder pol\u00edtico y religioso. Ellos son quienes lo planifican y dirigen todo. Sin embargo, el acontecimiento decisivo de Jesucristo se prepara y acontece fuera de su \u00e1mbito de influencia y poder, sin que ellos se enteren ni decidan nada.<br><br>As\u00ed aparece siempre lo esencial en el mundo y en nuestras vidas. As\u00ed penetra en la historia humana la gracia y la salvaci\u00f3n de Dios. Lo esencial no est\u00e1 en manos de los poderosos. Lucas dice escuetamente que&nbsp;<em>\u00abDios dirigi\u00f3 su palabra a Juan, hijo de Zacar\u00edas, que estaba en el desierto\u00bb<\/em>, no en la Roma imperial, ni en el recinto sagrado del Templo de Jerusal\u00e9n. En ninguna parte se puede escuchar mejor que en el desierto la llamada de Dios a cambiar el mundo. El desierto es el territorio de la verdad. El lugar donde se vive de lo esencial. No hay sitio para lo superfluo. No se puede vivir acumulando cosas sin necesidad. No es posible el lujo ni la ostentaci\u00f3n. Lo decisivo es buscar el camino acertado para orientar la vida. Por eso, algunos profetas a\u00f1oraban tanto el desierto, s\u00edmbolo de una vida m\u00e1s sencilla y mejor enraizada en lo esencial, una vida todav\u00eda sin distorsionar por tantas infidelidades a Dios y tantas injusticias con el pueblo. En este marco del desierto, el Bautista anuncia un&nbsp;<em>\u00abbautismo de conversi\u00f3n\u00bb<\/em>, punto de partida de purificaci\u00f3n, perd\u00f3n e inicio de vida nueva.<br><br>\u00bfC\u00f3mo responder hoy a esta llamada? El Bautista lo resume en una imagen tomada de Isa\u00edas:&nbsp;<em>\u00abPreparen el camino del Se\u00f1or\u00bb<\/em>. Nuestras vidas est\u00e1n sembradas de obst\u00e1culos y resistencias que impiden o dificultan la llegada de Dios a nuestros corazones y comunidades, a nuestra Iglesia y a nuestro mundo. Dios est\u00e1 siempre cerca. Somos nosotros los que hemos de abrir caminos para acogerlo encarnado en Jes\u00fas.<br><br>Las im\u00e1genes de Isa\u00edas invitan a compromisos muy b\u00e1sicos y fundamentales: cuidar mejor lo esencial sin distraernos en lo secundario; rectificar lo que hemos ido deformando entre todos; enderezar caminos torcidos; afrontar la verdad real de nuestras vidas para recuperar un talante de conversi\u00f3n.\u201d<br><br>El Dios de la historia sigue eligiendo \u2018Juanes bautistas\u2019 para ser voz que gritan en el desierto.<br>\u00bfQu\u00e9 oigo, si es que tengo o\u00eddos para ello?<br>\u00bfQu\u00e9 significa hoy, para la Familia Menesiana, preparar el camino para la llegada del Se\u00f1or?<br>\u00bfQu\u00e9 caminos preparar?<\/p>\n\n\n\n<h4 class=\"wp-block-heading has-text-align-left has-vivid-cyan-blue-color has-text-color has-link-color wp-elements-306b19841bc241656aeb417f7f6e81a7\"><br><strong>LECTURA de los LAZOS<\/strong><\/h4>\n\n\n\n<p class=\"has-text-align-left\">Dios y su pueblo: Dios no abandona a su pueblo, est\u00e1 junto a \u00e9l, es el Dios de vivos y no de muertos, es el Dios de la historia y act\u00faa en la historia, y muchas veces sin que los poderosos se enteren. Se comunica con todos, pero algunos, por su entorno (el desierto) est\u00e1n m\u00e1s dispuestos a escucharlo y acoger su palabra. El Dios de Jes\u00fas, quiere necesitar de nosotros, y llama realizar un aporte importante en la historia a Juan, el primo de Jes\u00fas, mientras \u00e9ste segu\u00eda creciendo en Nazaret.<\/p>\n\n\n\n<p class=\"has-vivid-purple-background-color has-background\"><\/p>\n\n\n\n<h4 class=\"wp-block-heading has-text-align-left has-luminous-vivid-orange-color has-text-color has-link-color wp-elements-281aea28683625e874e3efc63a9f111a\"><strong>Lecturas de la fiesta mariana<\/strong><\/h4>\n\n\n\n<p class=\"has-text-align-left\"><strong><em>G\u00e9nesis 3, 9-15. 20<br>Salmo 97, 1-4<br>Filipenses 1, 4-11<\/em><\/strong><\/p>\n\n\n\n<h4 class=\"wp-block-heading has-text-align-left has-vivid-cyan-blue-color has-text-color has-link-color wp-elements-00af3cb762a7d07a0e2d2cdcd176f0ee\"><strong>Evangelio: Lucas 1, 26-38<\/strong><\/h4>\n\n\n\n<p class=\"has-text-align-left\"><strong><em>En el sexto mes, el \u00e1ngel Gabriel fue enviado por Dios a una ciudad de Galilea, llamada Nazaret, a una virgen que estaba comprometida con un hombre perteneciente a la familia de David, llamado Jos\u00e9.<br>El nombre de la virgen era Mar\u00eda.<br>El \u00c1ngel entr\u00f3 en su casa y la salud\u00f3, diciendo: \u00a1Al\u00e9grate!, llena de gracia, el Se\u00f1or est\u00e1 contigo.<br>Al o\u00edr estas palabras, ella qued\u00f3 desconcertada y se preguntaba qu\u00e9 pod\u00eda significar ese saludo.<br>Pero el \u00c1ngel le dijo: No temas, Mar\u00eda, porque Dios te ha favorecido. Concebir\u00e1s y dar\u00e1s a luz un hijo, y le pondr\u00e1s por nombre Jes\u00fas; \u00e9l ser\u00e1 grande y ser\u00e1 llamado Hijo del Alt\u00edsimo. El Se\u00f1or Dios le dar\u00e1 el trono de David, su padre, reinar\u00e1 sobre la casa de Jacob para siempre y su reino no tendr\u00e1 fin.<br>Mar\u00eda dijo al \u00c1ngel: \u00bfC\u00f3mo puede ser eso, si yo no tengo relaciones con ning\u00fan hombre? El \u00c1ngel le respondi\u00f3: El Esp\u00edritu Santo descender\u00e1 sobre ti y el poder del Alt\u00edsimo te cubrir\u00e1 con su sombra.<br>Por eso el ni\u00f1o ser\u00e1 Santo y ser\u00e1 llamado Hijo de Dios. Tambi\u00e9n tu parienta Isabel concibi\u00f3 un hijo a pesar de su vejez, y la que era considerada est\u00e9ril, ya se encuentra en su sexto mes, porque no hay nada imposible para Dios.<br>Mar\u00eda dijo entonces: Yo soy la servidora del Se\u00f1or, que se cumpla en m\u00ed lo que has dicho.<br>Y el \u00c1ngel se alej\u00f3.<\/em><\/strong><\/p>\n\n\n\n<figure class=\"wp-block-image size-full\"><img loading=\"lazy\" decoding=\"async\" width=\"320\" height=\"478\" src=\"https:\/\/menesianosoy.org\/wp-content\/uploads\/2023\/12\/ss.jpg\" alt=\"\" class=\"wp-image-7393\" srcset=\"https:\/\/menesianosoy.org\/wp-content\/uploads\/2023\/12\/ss.jpg 320w, https:\/\/menesianosoy.org\/wp-content\/uploads\/2023\/12\/ss-201x300.jpg 201w\" sizes=\"auto, (max-width: 320px) 85vw, 320px\" \/><\/figure>\n\n\n\n<p class=\"has-text-align-left\">La primera palabra de parte de Dios a sus hijos, cuando el Salvador se acerca al mundo, es una invitaci\u00f3n a la alegr\u00eda. Es lo que escucha Mar\u00eda: \u201cAl\u00e9grate\u201d. J\u00fcrgen Moltmann, el gran te\u00f3logo de la esperanza, lo ha expresado as\u00ed:<br><em>\u201cLa palabra \u00faltima y primera de la gran liberaci\u00f3n que viene de Dios no es odio, sino alegr\u00eda; no es condena, sino absoluci\u00f3n. Cristo nace de la alegr\u00eda de Dios, y muere y resucita para traer su alegr\u00eda a este mundo contradictorio y absurdo\u201d.<\/em><br><br>Sin embargo, la alegr\u00eda no es f\u00e1cil. A nadie se le puede forzar a que est\u00e9 alegre; no se le puede imponer la alegr\u00eda desde fuera. El verdadero gozo ha de nacer en lo m\u00e1s hondo de nosotros mismos. De lo contrario ser\u00e1 risa exterior, carcajada vac\u00eda, euforia pasajera, pero la alegr\u00eda quedar\u00e1 fuera, a la puerta de nuestro coraz\u00f3n.<br>La alegr\u00eda es un regalo hermoso, pero tambi\u00e9n vulnerable. Un don que hemos de cuidar con humildad y generosidad en el fondo del alma. El novelista alem\u00e1n Hermann Hesse dice que los rostros atormentados, nerviosos y tristes de tantos hombres y mujeres se deben a que <em>\u201cla felicidad s\u00f3lo puede sentirla el alma, no la raz\u00f3n, ni el vientre, ni la cabeza, ni el bolsillo\u201d.<\/em><br><br>Pero hay algo m\u00e1s. \u00bfC\u00f3mo se puede ser feliz cuando hay tantos sufrimientos sobre la tierra? \u00bfC\u00f3mo se puede re\u00edr cuando a\u00fan no est\u00e1n secas todas las l\u00e1grimas y brotan diariamente otras nuevas? \u00bfC\u00f3mo gozar cuando dos terceras partes de la humanidad se encuentran hundidas en el hambre, la miseria o la guerra?<br><br>La alegr\u00eda de Mar\u00eda es el gozo de una mujer creyente que se alegra en Dios salvador, el que levanta a los humillados y dispersa a los soberbios, el que colma de bienes a los hambrientos y despide a los ricos vac\u00edos. La alegr\u00eda verdadera solo es posible en el coraz\u00f3n del que anhela y busca justicia, libertad y fraternidad para todos. Mar\u00eda se alegra en Dios, porque viene a consumar la esperanza de los abandonados.<br>S\u00f3lo se puede ser alegre en comuni\u00f3n con los que sufren y en solidaridad con los que lloran. S\u00f3lo tiene derecho a la alegr\u00eda quien lucha por hacerla posible entre los humillados. S\u00f3lo puede ser feliz quien se esfuerza por hacer felices a los dem\u00e1s\u2026\u201d (Jos\u00e9 Antonio&nbsp;Pagola)<\/p>\n\n\n\n<h4 class=\"wp-block-heading has-text-align-left has-vivid-cyan-blue-color has-text-color has-link-color wp-elements-0db716c13093a260c5e45f6a10560841\"><br><strong><em>Palabras de Gabriel<\/em><\/strong> <strong><em>Deshayes<\/em><\/strong><\/h4>\n\n\n\n<p class=\"has-text-align-left\"><img loading=\"lazy\" decoding=\"async\" width=\"150\" height=\"167\" class=\"wp-image-16195\" style=\"width: 150px;\" src=\"https:\/\/menesianosoy.org\/wp-content\/uploads\/2024\/09\/Gabriel-d.png\" alt=\"\" srcset=\"https:\/\/menesianosoy.org\/wp-content\/uploads\/2024\/09\/Gabriel-d.png 450w, https:\/\/menesianosoy.org\/wp-content\/uploads\/2024\/09\/Gabriel-d-270x300.png 270w\" sizes=\"auto, (max-width: 150px) 85vw, 150px\" \/><br><em>Si hiciese hoy el elogio de Mar\u00eda, encontrar\u00eda en las palabras del \u00e1ngel y en la respuesta de Mar\u00eda una fuente inagotable: la calidad de Madre de Dios que le da el \u00e1ngel, la calidad de sierva del Se\u00f1or que toma Mar\u00eda, son dos t\u00edtulos que la alabanza m\u00e1s lograda no alcanzar\u00eda jam\u00e1s. Los hombres m\u00e1s distinguidos por sus talentos se han visto obligados a confesar que todos sus elogios no eran dignos de la Madre de Dios.\u00bb (Serm\u00f3n sobre la Virgen)<\/em><\/p>\n\n\n\n<h4 class=\"wp-block-heading has-text-align-left has-vivid-cyan-blue-color has-text-color has-link-color wp-elements-ea2ee28273c8b010c7e64fc57769bc0f\"><br><strong><em>Al\u00e9grate, Mar\u00eda \u2013 Misi\u00f3n Pa\u00eds<\/em><\/strong><\/h4>\n\n\n\n<figure class=\"wp-block-embed is-type-video is-provider-youtube wp-block-embed-youtube wp-embed-aspect-4-3 wp-has-aspect-ratio\"><div class=\"wp-block-embed__wrapper\">\n<iframe loading=\"lazy\" title=\"Misi\u00f3n Pa\u00eds - Al\u00e9grate Mar\u00eda\" width=\"1140\" height=\"855\" src=\"https:\/\/www.youtube.com\/embed\/fgT_nxGqBTQ?feature=oembed\" frameborder=\"0\" allow=\"accelerometer; autoplay; clipboard-write; encrypted-media; gyroscope; picture-in-picture; web-share\" referrerpolicy=\"strict-origin-when-cross-origin\" allowfullscreen><\/iframe>\n<\/div><\/figure>\n\n\n\n<p class=\"has-text-align-left\">Al\u00e9grate Mar\u00eda, llena de gracia,<br>predilecta de Dios.<br>Al\u00e9grate, porque el Se\u00f1or est\u00e1 contigo.<br><br>\u00bfQu\u00e9 significa aquel saludo?<br>Es el anuncio del \u00e1ngel:<br>No temas Mar\u00eda, dar\u00e1s a luz un Hijo.<br>\u00c9l ser\u00e1 grande.<br><br>Su reino no tendr\u00e1 fin<br>Dios le dar\u00e1 el trono de David.<br>El esp\u00edritu Santo vendr\u00e1 sobre ti.<br>Tu hijo ser\u00e1 Santo.<br><br>Mar\u00eda respondi\u00f3:<br>Soy la esclava del Se\u00f1or.<br>H\u00e1gase en m\u00ed seg\u00fan tu palabra.<br>Este es el s\u00ed que al hombre salva.<\/p>\n\n\n\n<h4 class=\"wp-block-heading has-text-align-center has-vivid-purple-color has-vivid-purple-background-color has-text-color has-background has-link-color wp-elements-0840f24814a74b91a474cd615ebbc539\">O<\/h4>\n\n\n\n<p class=\"has-text-align-center\"><br><strong>ORACI\u00d3N POR EL CAP\u00cdTULO<\/strong><\/p>\n\n\n\n<figure class=\"wp-block-image size-full\"><img decoding=\"async\" src=\"https:\/\/menesianosoy.org\/wp-content\/uploads\/2024\/12\/ORACION-Y-logo-25-500-p-3.jpeg\" alt=\"\" class=\"wp-image-18500\"\/><\/figure>\n","protected":false},"excerpt":{"rendered":"<p>Las lecturas de la fiesta de Mar\u00eda aparecen m\u00e1s abajo. Lecturas del 2\u00ba domingo de Adviento Primera lectura: Baruc 5, 1-9Salmo: 125, 1b-6Segunda lectura: Filipenses 1, 4-6.8-11 EVANGELIO: Lucas 3, 1-6 El a\u00f1o decimoquinto del reinado del emperador Tiberio, cuando Poncio Pilato gobernaba la Judea, siendo Herodes tetrarca de Galilea, su hermano Felipe tetrarca de &hellip; <a href=\"https:\/\/menesianosoy.org\/index.php\/2024\/12\/02\/2o-domingo-de-adviento-3\/\" class=\"more-link\">Continue reading<span class=\"screen-reader-text\"> \u00ab2\u00ba domingo de Adviento &#8211; Inmaculada Concepci\u00f3n de Mar\u00eda\u00bb<\/span><\/a><\/p>\n","protected":false},"author":3,"featured_media":0,"comment_status":"closed","ping_status":"closed","sticky":false,"template":"","format":"standard","meta":{"_acf_changed":false,"footnotes":""},"categories":[9],"tags":[],"class_list":["post-18399","post","type-post","status-publish","format-standard","hentry","category-evangelio"],"acf":[],"_links":{"self":[{"href":"https:\/\/menesianosoy.org\/index.php\/wp-json\/wp\/v2\/posts\/18399","targetHints":{"allow":["GET"]}}],"collection":[{"href":"https:\/\/menesianosoy.org\/index.php\/wp-json\/wp\/v2\/posts"}],"about":[{"href":"https:\/\/menesianosoy.org\/index.php\/wp-json\/wp\/v2\/types\/post"}],"author":[{"embeddable":true,"href":"https:\/\/menesianosoy.org\/index.php\/wp-json\/wp\/v2\/users\/3"}],"replies":[{"embeddable":true,"href":"https:\/\/menesianosoy.org\/index.php\/wp-json\/wp\/v2\/comments?post=18399"}],"version-history":[{"count":15,"href":"https:\/\/menesianosoy.org\/index.php\/wp-json\/wp\/v2\/posts\/18399\/revisions"}],"predecessor-version":[{"id":18598,"href":"https:\/\/menesianosoy.org\/index.php\/wp-json\/wp\/v2\/posts\/18399\/revisions\/18598"}],"wp:attachment":[{"href":"https:\/\/menesianosoy.org\/index.php\/wp-json\/wp\/v2\/media?parent=18399"}],"wp:term":[{"taxonomy":"category","embeddable":true,"href":"https:\/\/menesianosoy.org\/index.php\/wp-json\/wp\/v2\/categories?post=18399"},{"taxonomy":"post_tag","embeddable":true,"href":"https:\/\/menesianosoy.org\/index.php\/wp-json\/wp\/v2\/tags?post=18399"}],"curies":[{"name":"wp","href":"https:\/\/api.w.org\/{rel}","templated":true}]}}