{"id":1841,"date":"2023-08-26T18:48:04","date_gmt":"2023-08-26T21:48:04","guid":{"rendered":"https:\/\/menesianosoy.org\/?p=1841"},"modified":"2023-08-27T20:48:09","modified_gmt":"2023-08-27T23:48:09","slug":"san-agustin-2","status":"publish","type":"post","link":"https:\/\/menesianosoy.org\/index.php\/2023\/08\/26\/san-agustin-2\/","title":{"rendered":"San Agust\u00edn"},"content":{"rendered":"\n<h4 class=\"wp-block-heading has-text-align-left has-vivid-cyan-blue-color has-text-color\"><br><strong>Oraci\u00f3n<\/strong><\/h4>\n\n\n\n<p><em>Se\u00f1or,<br>que puedas encontrar en nosotros<br>todas las perfecciones de tu Hijo,<br>que seamos,<br>en la medida que lo permita<br>la debilidad humana,<br>revestidos de Jesucristo,<br>que sigamos a Cristo<br>en todos sus caminos,<br>que juzguemos todas las cosas<br>como \u00e9l las juzga,<br>que amemos lo que \u00e9l ama,<br>que despreciemos lo que \u00e9l desprecia.<br>En una palabra,<br>que todos nuestros pensamientos<br>sean conformes a sus pensamientos<br>y que seamos su imagen viva. Am\u00e9n<br>(Juan Mar\u00eda)<\/em><\/p>\n\n\n\n<h4 class=\"wp-block-heading has-vivid-cyan-blue-color has-text-color\"><br><strong>Intenciones<\/strong><\/h4>\n\n\n\n<p class=\"has-text-align-left\">.- Por la familia menesiana del colegio La Mennais de Montevideo.<br>.- Por la comunidad de Ogaro (Togo).<br>.- Por la misi\u00f3n en Santiago de Estero de la comunidad del Colegio Copello.<br>.- Por el Juniorado menesiano del Congo.<\/p>\n\n\n\n<h4 class=\"wp-block-heading has-vivid-cyan-blue-color has-text-color\"><br><strong>Directorio 62 a:<\/strong><\/h4>\n\n\n\n<p class=\"has-text-align-left has-white-background-color has-background\">La consagraci\u00f3n religiosa del Hermano lo introduce en una intimidad m\u00e1s estrecha con el Se\u00f1or en el seno de la Comunidad. La castidad ensancha la capacidad de amor y lo hace m\u00e1s disponible para el trabajo apost\u00f3lico.<\/p>\n\n\n\n<h4 class=\"wp-block-heading has-vivid-cyan-blue-color has-text-color\"><br><strong>Al sacerdote Foucault, 6 de diciembre de 1853:<\/strong><\/h4>\n\n\n\n<p class=\"has-text-align-left has-white-background-color has-background\">\u00a1\u00c1nimo y perseverancia! La corona tiene ese precio. \u00bfQu\u00e9 m\u00e9rito tendr\u00edamos si no tuvi\u00e9semos nada que sufrir? Te lo repito: \u00a1\u00e1nimo! \u00a1Viva la Cruz!<\/p>\n\n\n\n<h4 class=\"wp-block-heading has-text-align-left has-vivid-cyan-blue-color has-text-color\"><br><strong>Difuntos: <\/strong><\/h4>\n\n\n\n<p>1984: Juan Ram\u00f3n Rizzo (Carmelo). Naci\u00f3 en Bilbao en 1920. Asistente General (1970-82). Muri\u00f3 en Bilbao.<br><br>1985: Juan S\u00e1ez (Pedro Mar\u00eda). Naci\u00f3 en Ozana (Burgos) en 1903. Trabaj\u00f3 en Argentina y Uruguay desde el a\u00f1o 1934 hasta el 1979. Muri\u00f3 en Nanclares.<br><br>1993: Joachim Le Marec (Emmanuel- Henri)<br>1995: Michel Der\u00e9gnaucourt (Floribert-Joseph)<\/p>\n\n\n\n<div class=\"wp-block-cover is-light\"><span aria-hidden=\"true\" class=\"wp-block-cover__background has-background-dim\"><\/span><img loading=\"lazy\" decoding=\"async\" width=\"169\" height=\"194\" class=\"wp-block-cover__image-background wp-image-1867\" alt=\"\" src=\"https:\/\/menesianosoy.org\/wp-content\/uploads\/2023\/08\/pedro.png\" data-object-fit=\"cover\"\/><div class=\"wp-block-cover__inner-container is-layout-flow wp-block-cover-is-layout-flow\">\n<p class=\"has-text-align-center has-large-font-size\"><\/p>\n\n\n\n<p><\/p>\n\n\n\n<p><\/p>\n\n\n\n<p><\/p>\n\n\n\n<h2 class=\"wp-block-heading has-text-align-center has-white-color has-text-color has-medium-font-size\">           <\/h2>\n\n\n\n<p><\/p>\n\n\n\n<p><\/p>\n\n\n\n<p><\/p>\n\n\n\n<p><\/p>\n\n\n\n<p><\/p>\n\n\n\n<h2 class=\"wp-block-heading has-text-align-center has-white-color has-text-color has-medium-font-size\"><\/h2>\n<\/div><\/div>\n\n\n\n<h5 class=\"wp-block-heading has-text-align-center has-vivid-cyan-blue-color has-text-color\">Hno. Pedro Mar\u00eda<\/h5>\n\n\n\n<p><\/p>\n","protected":false},"excerpt":{"rendered":"<p>Oraci\u00f3n Se\u00f1or,que puedas encontrar en nosotrostodas las perfecciones de tu Hijo,que seamos,en la medida que lo permitala debilidad humana,revestidos de Jesucristo,que sigamos a Cristoen todos sus caminos,que juzguemos todas las cosascomo \u00e9l las juzga,que amemos lo que \u00e9l ama,que despreciemos lo que \u00e9l desprecia.En una palabra,que todos nuestros pensamientossean conformes a sus pensamientosy que seamos &hellip; <a href=\"https:\/\/menesianosoy.org\/index.php\/2023\/08\/26\/san-agustin-2\/\" class=\"more-link\">Continue reading<span class=\"screen-reader-text\"> \u00abSan Agust\u00edn\u00bb<\/span><\/a><\/p>\n","protected":false},"author":3,"featured_media":0,"comment_status":"closed","ping_status":"closed","sticky":false,"template":"","format":"standard","meta":{"_acf_changed":false,"footnotes":""},"categories":[3],"tags":[],"class_list":["post-1841","post","type-post","status-publish","format-standard","hentry","category-calendario"],"acf":[],"_links":{"self":[{"href":"https:\/\/menesianosoy.org\/index.php\/wp-json\/wp\/v2\/posts\/1841","targetHints":{"allow":["GET"]}}],"collection":[{"href":"https:\/\/menesianosoy.org\/index.php\/wp-json\/wp\/v2\/posts"}],"about":[{"href":"https:\/\/menesianosoy.org\/index.php\/wp-json\/wp\/v2\/types\/post"}],"author":[{"embeddable":true,"href":"https:\/\/menesianosoy.org\/index.php\/wp-json\/wp\/v2\/users\/3"}],"replies":[{"embeddable":true,"href":"https:\/\/menesianosoy.org\/index.php\/wp-json\/wp\/v2\/comments?post=1841"}],"version-history":[{"count":41,"href":"https:\/\/menesianosoy.org\/index.php\/wp-json\/wp\/v2\/posts\/1841\/revisions"}],"predecessor-version":[{"id":2102,"href":"https:\/\/menesianosoy.org\/index.php\/wp-json\/wp\/v2\/posts\/1841\/revisions\/2102"}],"wp:attachment":[{"href":"https:\/\/menesianosoy.org\/index.php\/wp-json\/wp\/v2\/media?parent=1841"}],"wp:term":[{"taxonomy":"category","embeddable":true,"href":"https:\/\/menesianosoy.org\/index.php\/wp-json\/wp\/v2\/categories?post=1841"},{"taxonomy":"post_tag","embeddable":true,"href":"https:\/\/menesianosoy.org\/index.php\/wp-json\/wp\/v2\/tags?post=1841"}],"curies":[{"name":"wp","href":"https:\/\/api.w.org\/{rel}","templated":true}]}}