{"id":18574,"date":"2024-12-07T16:51:41","date_gmt":"2024-12-07T19:51:41","guid":{"rendered":"https:\/\/menesianosoy.org\/?p=18574"},"modified":"2024-12-07T16:57:00","modified_gmt":"2024-12-07T19:57:00","slug":"santa-lucia-4","status":"publish","type":"post","link":"https:\/\/menesianosoy.org\/index.php\/2024\/12\/07\/santa-lucia-4\/","title":{"rendered":"Santa Luc\u00eda"},"content":{"rendered":"\n<h4 class=\"wp-block-heading has-vivid-purple-color has-text-color has-link-color wp-elements-290a5c7c4bab7117622a256aa92a54bf\"><br><strong><em>Oraci\u00f3n:<\/em><\/strong><\/h4>\n\n\n\n<p class=\"has-text-align-left\"><strong>Se\u00f1or haz que vea<br>los llamados que vienen<br>de los hombres.<br>Se\u00f1or, haz que vea<br>los gritos de los ni\u00f1os y j\u00f3venes\u00a0<br>que vienen de la vida y de la historia\u00a0<br>que van tejiendo a nuestro lado.<br>Se\u00f1or, haz que vea\u00a0<br>todo con ojos nuevos,\u00a0<br>con coraz\u00f3n de entra\u00f1able misericordia.<br>Se\u00f1or haz que vea\u00a0<br>y que avive mi pasi\u00f3n por los ni\u00f1os,\u00a0<br>por los j\u00f3venes y por todos\u00a0<br>los que est\u00e1n sedientos\u00a0<br>de presencia y cercan\u00eda.<br>Se\u00f1or haz que vea\u00a0<br>y que como Juan Mar\u00eda\u00a0<br>tenga los ojos bien abiertos\u00a0<br>para ir a la frontera, al extremo,\u00a0<br>donde nadie alcanza,\u00a0<br>porque desde all\u00ed llegan\u00a0<br>las voces m\u00e1s apremiantes\u00a0<br>de los hombres que nos convocan\u00a0<br>y provocan.<\/strong><\/p>\n\n\n\n<h4 class=\"wp-block-heading has-text-align-left has-vivid-purple-color has-text-color has-link-color wp-elements-d7db2ffc8ebbc10abc0b559de040a9b9\"><br><strong><em>Intenciones:<\/em><\/strong><\/h4>\n\n\n\n<ul class=\"wp-block-list\">\n<li>Por la comunidad de Zamora y la comunidad Juan de la Mennais de Abidjan (Costa de Marfil).<\/li>\n\n\n\n<li>Por los que se preparan para la profesi\u00f3n perpetua, en especial por Walter.<\/li>\n\n\n\n<li>Por la preparaci\u00f3n del Cap\u00edtulo de Distrito.<\/li>\n\n\n\n<li>Por los hermanos y laicos menesianos enfermos.<\/li>\n\n\n\n<li>Por la Provincia San Juan Bautista.<\/li>\n<\/ul>\n\n\n\n<h4 class=\"wp-block-heading has-text-align-left has-vivid-purple-color has-text-color has-link-color wp-elements-1c18f350982c9c15b4aedfdd8c214572\"><br><strong><em>Directorio 190 c:<\/em><\/strong><\/h4>\n\n\n\n<p class=\"has-text-align-left\">El Hermano trata de penetrar en su sentido [de la Regla], la estudia y la medita para asimilar sus riquezas y su esp\u00edritu.<\/p>\n\n\n\n<h4 class=\"wp-block-heading has-text-align-left has-vivid-purple-color has-text-color has-link-color wp-elements-549e21e7f7502ecd7a0b7961873572a3\"><br><strong><em>Aviso a Religiosas sobre la pobreza y la obediencia:<\/em><\/strong><\/h4>\n\n\n\n<p class=\"has-text-align-left\">Hay otro sacrificio, real, que a diario debe renovar el alma aunque experimente angustia: me refiero a la pobreza de esp\u00edritu que el Se\u00f1or presenta como la primera bienaventuranza, porque es el primer signo de la vida religiosa.<\/p>\n\n\n\n<p class=\"has-text-align-left\">No hay difuntos<\/p>\n","protected":false},"excerpt":{"rendered":"<p>Oraci\u00f3n: Se\u00f1or haz que vealos llamados que vienende los hombres.Se\u00f1or, haz que vealos gritos de los ni\u00f1os y j\u00f3venes\u00a0que vienen de la vida y de la historia\u00a0que van tejiendo a nuestro lado.Se\u00f1or, haz que vea\u00a0todo con ojos nuevos,\u00a0con coraz\u00f3n de entra\u00f1able misericordia.Se\u00f1or haz que vea\u00a0y que avive mi pasi\u00f3n por los ni\u00f1os,\u00a0por los j\u00f3venes y &hellip; <a href=\"https:\/\/menesianosoy.org\/index.php\/2024\/12\/07\/santa-lucia-4\/\" class=\"more-link\">Continue reading<span class=\"screen-reader-text\"> \u00abSanta Luc\u00eda\u00bb<\/span><\/a><\/p>\n","protected":false},"author":3,"featured_media":0,"comment_status":"closed","ping_status":"closed","sticky":false,"template":"","format":"standard","meta":{"_acf_changed":false,"footnotes":""},"categories":[3],"tags":[],"class_list":["post-18574","post","type-post","status-publish","format-standard","hentry","category-calendario"],"acf":[],"_links":{"self":[{"href":"https:\/\/menesianosoy.org\/index.php\/wp-json\/wp\/v2\/posts\/18574","targetHints":{"allow":["GET"]}}],"collection":[{"href":"https:\/\/menesianosoy.org\/index.php\/wp-json\/wp\/v2\/posts"}],"about":[{"href":"https:\/\/menesianosoy.org\/index.php\/wp-json\/wp\/v2\/types\/post"}],"author":[{"embeddable":true,"href":"https:\/\/menesianosoy.org\/index.php\/wp-json\/wp\/v2\/users\/3"}],"replies":[{"embeddable":true,"href":"https:\/\/menesianosoy.org\/index.php\/wp-json\/wp\/v2\/comments?post=18574"}],"version-history":[{"count":4,"href":"https:\/\/menesianosoy.org\/index.php\/wp-json\/wp\/v2\/posts\/18574\/revisions"}],"predecessor-version":[{"id":18579,"href":"https:\/\/menesianosoy.org\/index.php\/wp-json\/wp\/v2\/posts\/18574\/revisions\/18579"}],"wp:attachment":[{"href":"https:\/\/menesianosoy.org\/index.php\/wp-json\/wp\/v2\/media?parent=18574"}],"wp:term":[{"taxonomy":"category","embeddable":true,"href":"https:\/\/menesianosoy.org\/index.php\/wp-json\/wp\/v2\/categories?post=18574"},{"taxonomy":"post_tag","embeddable":true,"href":"https:\/\/menesianosoy.org\/index.php\/wp-json\/wp\/v2\/tags?post=18574"}],"curies":[{"name":"wp","href":"https:\/\/api.w.org\/{rel}","templated":true}]}}