{"id":18671,"date":"2024-12-10T16:21:46","date_gmt":"2024-12-10T19:21:46","guid":{"rendered":"https:\/\/menesianosoy.org\/?p=18671"},"modified":"2024-12-10T16:29:41","modified_gmt":"2024-12-10T19:29:41","slug":"san-lazaro-2","status":"publish","type":"post","link":"https:\/\/menesianosoy.org\/index.php\/2024\/12\/10\/san-lazaro-2\/","title":{"rendered":"San L\u00e1zaro"},"content":{"rendered":"\n<p class=\"has-text-align-left\"><strong><em>1820 &#8211; Nuestro venerado Padre Gabriel Deshayes es nombrado asistente del Superior General de los Misioneros de Mar\u00eda y de las Hijas de la Sabidur\u00eda.<\/em><\/strong><\/p>\n\n\n\n<h4 class=\"wp-block-heading has-text-align-left has-vivid-purple-color has-text-color has-link-color wp-elements-ee387d0d5662abedfabb7986a324d730\"><br><strong><em>Oraci\u00f3n:<\/em><\/strong><\/h4>\n\n\n\n<p class=\"has-text-align-left\"><strong><em>Se\u00f1or Jes\u00fas, te damos gracias<br>por la sublime vocaci\u00f3n<br>que nos has regalado.<br>Danos tu Esp\u00edritu para que pasemos<br>por el mundo<br>haciendo el bien que T\u00fa mismo hiciste.<br>Que nuestra educaci\u00f3n evangelice hoy a todos,<br>que instruya a los pobres, que d\u00e9 vista a los ciegos,<br>que haga caminar a los d\u00e9biles y cansados.<br>Conc\u00e9denos vivir hoy y siempre de tal forma<br>que eduquemos a los que nos son confiados,<br>abramos los ojos a los ni\u00f1os y a los j\u00f3venes,<br>sanemos a los d\u00e9biles,<br>resucitemos a los que viven sepultados lejos de ti.<br>Que tu presencia en nuestra vida fraterna<br>nos haga capaces de realizar prodigios<br>en el orden espiritual para gloria tuya. Am\u00e9n<\/em><\/strong><\/p>\n\n\n\n<h4 class=\"wp-block-heading has-text-align-left has-vivid-purple-color has-text-color has-link-color wp-elements-d7db2ffc8ebbc10abc0b559de040a9b9\"><br><strong><em>Intenciones:<\/em><\/strong><\/h4>\n\n\n\n<ul class=\"wp-block-list\">\n<li>Por el pr\u00f3ximo Cap\u00edtulo de Distrito<\/li>\n\n\n\n<li>Por los que se preparan para la profesi\u00f3n perpetua, en especial por Walter.<\/li>\n\n\n\n<li>Por la comunidad menesiana de Quinta Normal y la de San Jos\u00e9 de Buenavista (Filipinas).<\/li>\n\n\n\n<li>Por los menesianos y las obras de la Provincia San Luis Gonzaga (Hait\u00ed).<\/li>\n<\/ul>\n\n\n\n<h4 class=\"wp-block-heading has-text-align-left has-vivid-purple-color has-text-color has-link-color wp-elements-f0098dd69f94fdd6542e54ff98f912d8\"><br><strong><em>Directorio 44 a:<\/em><\/strong><\/h4>\n\n\n\n<p class=\"has-text-align-left\">El Hermano sabe que su pr\u00e1ctica personal de la pobreza no tiene l\u00edmites. Se le ofrecen muchas posibilidades de ser \u201cpobre de hecho y de esp\u00edritu\u201d:<br>.- Privarse no s\u00f3lo de lo superfluo, sino a veces de lo simplemente \u00fatil o agradable.<br>.- Aceptar con alegr\u00eda ciertas formas de austeridad, las privaciones impuestas por las circunstancias, incluso el despojo total.<\/p>\n\n\n\n<h4 class=\"wp-block-heading has-text-align-left has-vivid-purple-color has-text-color has-link-color wp-elements-e97612700af2287df49ec3c540437658\"><br><strong><em>Al H. Ambrosio Le Haiget, 27 de noviembre de 1848:<\/em><\/strong><\/h4>\n\n\n\n<p class=\"has-text-align-left\">La obra de Dios no depende de tal o cual hombre, no depende m\u00e1s que de Dios y en \u00c9l debemos poner nosotros toda nuestra confianza.<\/p>\n\n\n\n<h4 class=\"wp-block-heading has-text-align-left has-vivid-purple-color has-text-color has-link-color wp-elements-a77aba329315af5c37d1ef3d7a73d551\"><br><strong><em>Difuntos: <\/em><\/strong><\/h4>\n\n\n\n<p class=\"has-text-align-left\">1958: Maurice-No\u00ebl Lalibert\u00e9<br>1980: Eug\u00e8ne Moro Silas<br>1987: Henri Croteau (Eug\u00e9nius)<br>2006: Charles Saint-James (Edmund)<br>2009: Adrien Tardif (Odilon-Joseph) <br>2012: Paul Fr\u00e9neau (\u00c9milien-Fran\u00e7ois)<\/p>\n","protected":false},"excerpt":{"rendered":"<p>1820 &#8211; Nuestro venerado Padre Gabriel Deshayes es nombrado asistente del Superior General de los Misioneros de Mar\u00eda y de las Hijas de la Sabidur\u00eda. Oraci\u00f3n: Se\u00f1or Jes\u00fas, te damos graciaspor la sublime vocaci\u00f3nque nos has regalado.Danos tu Esp\u00edritu para que pasemospor el mundohaciendo el bien que T\u00fa mismo hiciste.Que nuestra educaci\u00f3n evangelice hoy a &hellip; <a href=\"https:\/\/menesianosoy.org\/index.php\/2024\/12\/10\/san-lazaro-2\/\" class=\"more-link\">Continue reading<span class=\"screen-reader-text\"> \u00abSan L\u00e1zaro\u00bb<\/span><\/a><\/p>\n","protected":false},"author":3,"featured_media":0,"comment_status":"closed","ping_status":"closed","sticky":false,"template":"","format":"standard","meta":{"_acf_changed":false,"footnotes":""},"categories":[3],"tags":[],"class_list":["post-18671","post","type-post","status-publish","format-standard","hentry","category-calendario"],"acf":[],"_links":{"self":[{"href":"https:\/\/menesianosoy.org\/index.php\/wp-json\/wp\/v2\/posts\/18671","targetHints":{"allow":["GET"]}}],"collection":[{"href":"https:\/\/menesianosoy.org\/index.php\/wp-json\/wp\/v2\/posts"}],"about":[{"href":"https:\/\/menesianosoy.org\/index.php\/wp-json\/wp\/v2\/types\/post"}],"author":[{"embeddable":true,"href":"https:\/\/menesianosoy.org\/index.php\/wp-json\/wp\/v2\/users\/3"}],"replies":[{"embeddable":true,"href":"https:\/\/menesianosoy.org\/index.php\/wp-json\/wp\/v2\/comments?post=18671"}],"version-history":[{"count":5,"href":"https:\/\/menesianosoy.org\/index.php\/wp-json\/wp\/v2\/posts\/18671\/revisions"}],"predecessor-version":[{"id":18679,"href":"https:\/\/menesianosoy.org\/index.php\/wp-json\/wp\/v2\/posts\/18671\/revisions\/18679"}],"wp:attachment":[{"href":"https:\/\/menesianosoy.org\/index.php\/wp-json\/wp\/v2\/media?parent=18671"}],"wp:term":[{"taxonomy":"category","embeddable":true,"href":"https:\/\/menesianosoy.org\/index.php\/wp-json\/wp\/v2\/categories?post=18671"},{"taxonomy":"post_tag","embeddable":true,"href":"https:\/\/menesianosoy.org\/index.php\/wp-json\/wp\/v2\/tags?post=18671"}],"curies":[{"name":"wp","href":"https:\/\/api.w.org\/{rel}","templated":true}]}}