{"id":18680,"date":"2024-12-10T16:30:16","date_gmt":"2024-12-10T19:30:16","guid":{"rendered":"https:\/\/menesianosoy.org\/?p=18680"},"modified":"2024-12-18T07:19:45","modified_gmt":"2024-12-18T10:19:45","slug":"nuestra-senora-de-la-esperanza","status":"publish","type":"post","link":"https:\/\/menesianosoy.org\/index.php\/2024\/12\/10\/nuestra-senora-de-la-esperanza\/","title":{"rendered":"Nuestra Se\u00f1ora de la Esperanza"},"content":{"rendered":"\n<p><img loading=\"lazy\" decoding=\"async\" width=\"300\" height=\"248\" class=\"wp-image-18699\" style=\"width: 300px;\" src=\"https:\/\/menesianosoy.org\/wp-content\/uploads\/2024\/12\/84c231e932a067db270ca6e17450a649.jpg\" alt=\"\">.<\/p>\n\n\n\n<h4 class=\"wp-block-heading has-text-align-left has-vivid-cyan-blue-color has-text-color has-link-color wp-elements-a8fc91b11ff9faa41047ee0aef91d3ce\"><strong><em>Jerem\u00edas 23, 5-8<br>Salmo 71, 1-2. 12-13. 18-19<\/em><\/strong><\/h4>\n\n\n\n<h4 class=\"wp-block-heading has-text-align-left has-vivid-cyan-blue-color has-text-color has-link-color wp-elements-b08b7c36ef722110d42708c3ca6d8fe5\"><br><strong>Evangelio: Mateo 1, 18-24<\/strong><\/h4>\n\n\n\n<p class=\"has-text-align-left\"><strong><em>Este fue el origen de Jesucristo: Mar\u00eda, su madre, estaba comprometida con Jos\u00e9 y, cuando todav\u00eda no hab\u00edan vivido juntos, concibi\u00f3 un hijo por obra del Esp\u00edritu Santo.<br>Jos\u00e9, su esposo, que era un hombre justo y no quer\u00eda denunciarla p\u00fablicamente, resolvi\u00f3 abandonarla en secreto.<br>Mientras pensaba en esto, el \u00e1ngel del Se\u00f1or se le apareci\u00f3 en sue\u00f1os y le dijo: Jos\u00e9, hijo de David, no temas recibir a Mar\u00eda, tu esposa, porque lo que ha sido engendrado en ella proviene del Esp\u00edritu Santo. Ella dar\u00e1 a luz un hijo, a quien pondr\u00e1s el nombre de Jes\u00fas, porque \u00e9l salvar\u00e1 a su Pueblo de todos sus pecados.<br>Todo esto sucedi\u00f3 para que se cumpliera lo que el Se\u00f1or hab\u00eda anunciado por el Profeta: \u00abLa Virgen concebir\u00e1 y dar\u00e1 a luz un hijo a quien pondr\u00e1n el nombre de Emanuel\u00bb, que traducido significa: \u2018Dios con nosotros\u2019.<br>Al despertar, Jos\u00e9 hizo lo que el \u00c1ngel del Se\u00f1or le hab\u00eda ordenado: llev\u00f3 a Mar\u00eda a su casa.<\/em><\/strong><\/p>\n\n\n\n<figure class=\"wp-block-image size-full\"><img loading=\"lazy\" decoding=\"async\" width=\"360\" height=\"240\" src=\"https:\/\/menesianosoy.org\/wp-content\/uploads\/2023\/12\/M3IoqWF23_360x240__1.jpg\" alt=\"\" class=\"wp-image-7779\" srcset=\"https:\/\/menesianosoy.org\/wp-content\/uploads\/2023\/12\/M3IoqWF23_360x240__1.jpg 360w, https:\/\/menesianosoy.org\/wp-content\/uploads\/2023\/12\/M3IoqWF23_360x240__1-300x200.jpg 300w\" sizes=\"auto, (max-width: 360px) 85vw, 360px\" \/><\/figure>\n\n\n\n<p class=\"has-text-align-left\">Jos\u00e9 est\u00e1 en un dilema. Su mujer est\u00e1 encinta y, obviamente, \u00e9l no es el padre. Es un hombre religioso. La ley, en estos casos, manda lapidar a la mujer o, al menos, repudiarla, es decir, abandonarla. Pero al parecer, su conciencia le dice otra cosa. La lucha de Jos\u00e9 es grande. Y, cuando cae agotado, el Se\u00f1or le puede despejar sus dudas a trav\u00e9s de un \u00e1ngel que le habla en sue\u00f1os.<br><br>Muchas veces en la Biblia aparecen momentos en que Dios se manifiesta en sue\u00f1os. Ad\u00e1n cay\u00f3 en un profundo sue\u00f1o antes de la creaci\u00f3n de Eva. Jacob vio en sue\u00f1os aquella escalera que un\u00eda el cielo y la tierra. Jos\u00e9, el hijo de Jacob, es famoso por sus sue\u00f1os\u2026 As\u00ed, muchos ejemplos. Este es un modo de decir que Dios no siempre se manifiesta de manera clara y contundente. Muchas veces, nos parece que ha sido como un sue\u00f1o y necesitamos discernir&#8230;<br><br>El centro del relato es precisamente el anuncio del \u00e1ngel. \u00c9l le revela a Jos\u00e9 que Mar\u00eda ha concebido por obra del Esp\u00edritu Santo. Y, sobre todo, le revela la identidad de aquel que va a nacer a trav\u00e9s de los dos nombres que le va a dar (recordemos que el nombre expresa la identidad). Aquel que va a nacer se llamar\u00e1 Jes\u00fas (Dios-salva) y Emmanuel (Dios-con-nosotros). Es decir, aquel ni\u00f1o es Dios que viene entre nosotros para salvarnos. Un detalle bonito es que ser\u00e1 Jos\u00e9 quien, por indicaci\u00f3n del \u00e1ngel, le pondr\u00e1 el nombre, como un modo de tomar parte en este acontecimiento tan importante.<br><br>Y, Jos\u00e9, aquel hombre sencillo y profundamente creyente, acoge las palabras del \u00e1ngel y hace lo que le dijo. En Jos\u00e9 podemos ver claramente qu\u00e9 es ser creyente: disponernos para escuchar la Palabra de Dios, acogerla y ponerla por obra.<br><br>Que estos d\u00edas, ya cercanos a la Navidad, sean d\u00edas para leer, escuchar y acoger la Palabra de Dios y ponerla en pr\u00e1ctica. Y, no olvidemos que, la Palabra de Dios es, sobre todo, Jes\u00fas. En \u00c9l, Dios nos ha dicho claramente qui\u00e9n y c\u00f3mo es \u00c9l y lo que nosotros tenemos que hacer y c\u00f3mo tenemos que vivir. (Jacqueline Rivas, Hesed)<\/p>\n\n\n\n<h4 class=\"wp-block-heading has-text-align-left has-vivid-cyan-blue-color has-text-color has-link-color wp-elements-fc106bf8187ed34fa9151c6c240c10b4\"><br><strong>Palabras de Juan Mar\u00eda<\/strong><\/h4>\n\n\n\n<p class=\"has-text-align-left has-black-color has-text-color has-link-color wp-elements-c999e4fae499841ec04a725ca8ffd4ac\"><img loading=\"lazy\" decoding=\"async\" width=\"150\" height=\"213\" class=\"wp-image-16065\" style=\"width: 150px;\" src=\"https:\/\/menesianosoy.org\/wp-content\/uploads\/2024\/09\/Juanma-211x300-1.jpg\" alt=\"\"><br><a><em>Jes\u00fas, Mar\u00eda, Jos\u00e9, la trinidad de la tierra; nombres sagrados que el hombre de fe siempre pronuncia con los sentimientos de amor m\u00e1s intenso y de la piedad m\u00e1s tierna. (Memorial p. 20)<\/em><\/a><\/p>\n\n\n\n<h4 class=\"wp-block-heading has-text-align-left has-vivid-cyan-blue-color has-text-color has-link-color wp-elements-740e7f64e128870a77e975155a45a273\"><br>San Jos\u00e9, silencios \u2013 Mariana Granillo<\/h4>\n\n\n\n<figure class=\"wp-block-embed is-type-video is-provider-youtube wp-block-embed-youtube wp-embed-aspect-4-3 wp-has-aspect-ratio\"><div class=\"wp-block-embed__wrapper\">\n<iframe loading=\"lazy\" title=\"Jos\u00e9 silencios\" width=\"1140\" height=\"855\" src=\"https:\/\/www.youtube.com\/embed\/mozmmfld6l0?feature=oembed\" frameborder=\"0\" allow=\"accelerometer; autoplay; clipboard-write; encrypted-media; gyroscope; picture-in-picture; web-share\" referrerpolicy=\"strict-origin-when-cross-origin\" allowfullscreen><\/iframe>\n<\/div><\/figure>\n\n\n\n<p class=\"has-text-align-left\">Creaci\u00f3n artesanal,<br>tus manos son las que hablan.<br>Hay gozo en tu mirar<br>que grita mil palabras.<br>Silencio ante tu Dios,<br>conf\u00edas en su Palabra,<br>y ofreces, a su Amor,<br>a tu mujer amada.<br><br>Dejaste sin temor:<br>trabajo, casa y patria.<br>Silente al contemplar<br>la incomprensible trama<br>\u00a1De ver nacer tu Dios<br>del vientre de tu amada!<br>Nos hablas de dolor<br>sin proferir palabra.<br><br>Silencio eres Jos\u00e9.<br>Silencio tu morada.<br>Silencio fue tu pan,<br>silencio tu jornada.<br>Silencio al contemplar.<br>Silencio ante la nada.<br>Silencio en el amor.<br>Silencio es tu palabra.<br><br>Temblabas de pensar<br>en no tener la entra\u00f1a<br>para educar a un Dios,<br>nacido en carne blanda.<br>Le diste sin hablar<br>tu fe y viril confianza,<br>tu oficio, tu honradez<br>y tu presencia casta.<br><br>Mar\u00eda, en tu mirar,<br>entiende que la amas.<br>Le explicas sin hablar<br>que ves a Dios en su alma,<br>que juntos librar\u00e1n<br>una dura batalla.<br>Pioneros en creer<br>que su Hijo es Dios, que salva.<\/p>\n\n\n\n<p class=\"has-vivid-purple-background-color has-background\"><\/p>\n\n\n\n<figure class=\"wp-block-image size-full\"><img loading=\"lazy\" decoding=\"async\" width=\"500\" height=\"888\" src=\"https:\/\/menesianosoy.org\/wp-content\/uploads\/2024\/12\/ORACION-Y-logo-25-500-p-1.jpeg\" alt=\"\" class=\"wp-image-18663\" srcset=\"https:\/\/menesianosoy.org\/wp-content\/uploads\/2024\/12\/ORACION-Y-logo-25-500-p-1.jpeg 500w, https:\/\/menesianosoy.org\/wp-content\/uploads\/2024\/12\/ORACION-Y-logo-25-500-p-1-169x300.jpeg 169w\" sizes=\"auto, (max-width: 500px) 85vw, 500px\" \/><\/figure>\n","protected":false},"excerpt":{"rendered":"<p>. Jerem\u00edas 23, 5-8Salmo 71, 1-2. 12-13. 18-19 Evangelio: Mateo 1, 18-24 Este fue el origen de Jesucristo: Mar\u00eda, su madre, estaba comprometida con Jos\u00e9 y, cuando todav\u00eda no hab\u00edan vivido juntos, concibi\u00f3 un hijo por obra del Esp\u00edritu Santo.Jos\u00e9, su esposo, que era un hombre justo y no quer\u00eda denunciarla p\u00fablicamente, resolvi\u00f3 abandonarla en &hellip; <a href=\"https:\/\/menesianosoy.org\/index.php\/2024\/12\/10\/nuestra-senora-de-la-esperanza\/\" class=\"more-link\">Continue reading<span class=\"screen-reader-text\"> \u00abNuestra Se\u00f1ora de la Esperanza\u00bb<\/span><\/a><\/p>\n","protected":false},"author":3,"featured_media":0,"comment_status":"closed","ping_status":"closed","sticky":false,"template":"","format":"standard","meta":{"_acf_changed":false,"footnotes":""},"categories":[9],"tags":[],"class_list":["post-18680","post","type-post","status-publish","format-standard","hentry","category-evangelio"],"acf":[],"_links":{"self":[{"href":"https:\/\/menesianosoy.org\/index.php\/wp-json\/wp\/v2\/posts\/18680","targetHints":{"allow":["GET"]}}],"collection":[{"href":"https:\/\/menesianosoy.org\/index.php\/wp-json\/wp\/v2\/posts"}],"about":[{"href":"https:\/\/menesianosoy.org\/index.php\/wp-json\/wp\/v2\/types\/post"}],"author":[{"embeddable":true,"href":"https:\/\/menesianosoy.org\/index.php\/wp-json\/wp\/v2\/users\/3"}],"replies":[{"embeddable":true,"href":"https:\/\/menesianosoy.org\/index.php\/wp-json\/wp\/v2\/comments?post=18680"}],"version-history":[{"count":11,"href":"https:\/\/menesianosoy.org\/index.php\/wp-json\/wp\/v2\/posts\/18680\/revisions"}],"predecessor-version":[{"id":18938,"href":"https:\/\/menesianosoy.org\/index.php\/wp-json\/wp\/v2\/posts\/18680\/revisions\/18938"}],"wp:attachment":[{"href":"https:\/\/menesianosoy.org\/index.php\/wp-json\/wp\/v2\/media?parent=18680"}],"wp:term":[{"taxonomy":"category","embeddable":true,"href":"https:\/\/menesianosoy.org\/index.php\/wp-json\/wp\/v2\/categories?post=18680"},{"taxonomy":"post_tag","embeddable":true,"href":"https:\/\/menesianosoy.org\/index.php\/wp-json\/wp\/v2\/tags?post=18680"}],"curies":[{"name":"wp","href":"https:\/\/api.w.org\/{rel}","templated":true}]}}