{"id":18693,"date":"2024-12-10T16:55:30","date_gmt":"2024-12-10T19:55:30","guid":{"rendered":"https:\/\/menesianosoy.org\/?p=18693"},"modified":"2024-12-10T17:01:47","modified_gmt":"2024-12-10T20:01:47","slug":"nuestra-senora-de-la-esperanza-2","status":"publish","type":"post","link":"https:\/\/menesianosoy.org\/index.php\/2024\/12\/10\/nuestra-senora-de-la-esperanza-2\/","title":{"rendered":"Nuestra Se\u00f1ora de la Esperanza"},"content":{"rendered":"\n<h4 class=\"wp-block-heading has-text-align-left has-vivid-purple-color has-text-color has-link-color wp-elements-ee387d0d5662abedfabb7986a324d730\"><br><strong><em>Oraci\u00f3n:<\/em><\/strong><\/h4>\n\n\n\n<p class=\"has-text-align-left\"><strong><em>Se\u00f1or,<br>que puedas encontrar en nosotros<br>todas las perfecciones de tu Hijo,<br>que seamos,<br>en la medida que lo permita<br>la debilidad humana,<br>revestidos de Jesucristo,<br>que sigamos a Cristo<br>en todos sus caminos,<br>que juzguemos todas las cosas<br>como \u00e9l las juzga,<br>que amemos lo que \u00e9l ama,<br>que despreciemos lo que \u00e9l desprecia.<br>En una palabra,<br>que todos nuestros pensamientos<br>sean conformes a sus pensamientos<br>y que seamos su imagen viva. Am\u00e9n<br>(Juan Mar\u00eda)<\/em><\/strong><\/p>\n\n\n\n<h4 class=\"wp-block-heading has-text-align-left has-vivid-purple-color has-text-color has-link-color wp-elements-d7db2ffc8ebbc10abc0b559de040a9b9\"><br><strong><em>Intenciones:<\/em><\/strong><\/h4>\n\n\n\n<ul class=\"wp-block-list\">\n<li>Por los miembros de LAM y sus actividades como Asociaci\u00f3n.<\/li>\n\n\n\n<li>Por la familia menesiana del Centro Educacional de Culipr\u00e1n.<\/li>\n\n\n\n<li>Por las personas encomendadas a Juan Mar\u00eda.<\/li>\n\n\n\n<li>Por los menesianos y las obras del distrito San Francisco Javier (Indonesia, Jap\u00f3n, Filipinas)<\/li>\n\n\n\n<li>Por la preparaci\u00f3n para el pr\u00f3ximo Cap\u00edtulo de Distrito.<\/li>\n<\/ul>\n\n\n\n<h4 class=\"wp-block-heading has-text-align-left has-vivid-purple-color has-text-color has-link-color wp-elements-900de7a588c891ebd0c7e5b0a6c01892\"><br><strong><em>Directorio 44 b:<\/em><\/strong><\/h4>\n\n\n\n<p class=\"has-text-align-left\">Se le ofrecen [al Hermano] muchas posibilidades de ser \u201cpobre de hecho y de esp\u00edritu\u201d:<br>.- Desprenderse de toda mentalidad de posesi\u00f3n y de la preocupaci\u00f3n exagerada por el porvenir.<br>.- Consagrar con gusto tiempo y talentos al servicio de los pobres.<\/p>\n\n\n\n<h4 class=\"wp-block-heading has-text-align-left has-vivid-purple-color has-text-color has-link-color wp-elements-cf9eb86e67acdb812bdb18e69ddb6385\"><br><strong><em>Al Hno. G\u00e9rard Le Texier,22 de noviembre de 1844:<\/em><\/strong><\/h4>\n\n\n\n<p class=\"has-text-align-left\">Dios tiene sus miras que no coinciden siempre con las nuestras; hagamos todo lo que depende de nosotros y luego, qued\u00e9monos tranquilos.<\/p>\n\n\n\n<h4 class=\"wp-block-heading has-text-align-left has-vivid-purple-color has-text-color has-link-color wp-elements-a77aba329315af5c37d1ef3d7a73d551\"><br><strong><em>Difuntos: <\/em><\/strong><\/h4>\n\n\n\n<p class=\"has-text-align-left\">1942: <strong>Alipio Rodr\u00edguez (Ces\u00e1reo)<\/strong>: Naci\u00f3 en Santa Gadea de Alfoz (Burgos) en 1916. Muri\u00f3 en Nanclares.<br>1969: Louis Ledroit (Gonzague-Marie)<br>1991: Joseph-\u00c9douard Lacasse (Camille-Marie)<br>1996: Hno Yves Picard (Yves-Marie)<br>2008: Fran\u00e7ois Ragu\u00e9nes (Ligourie-Fran\u00f3is) <br>2013: Jean-Louis Laz (Louis- Lucidas).<\/p>\n","protected":false},"excerpt":{"rendered":"<p>Oraci\u00f3n: Se\u00f1or,que puedas encontrar en nosotrostodas las perfecciones de tu Hijo,que seamos,en la medida que lo permitala debilidad humana,revestidos de Jesucristo,que sigamos a Cristoen todos sus caminos,que juzguemos todas las cosascomo \u00e9l las juzga,que amemos lo que \u00e9l ama,que despreciemos lo que \u00e9l desprecia.En una palabra,que todos nuestros pensamientossean conformes a sus pensamientosy que seamos &hellip; <a href=\"https:\/\/menesianosoy.org\/index.php\/2024\/12\/10\/nuestra-senora-de-la-esperanza-2\/\" class=\"more-link\">Continue reading<span class=\"screen-reader-text\"> \u00abNuestra Se\u00f1ora de la Esperanza\u00bb<\/span><\/a><\/p>\n","protected":false},"author":3,"featured_media":0,"comment_status":"closed","ping_status":"closed","sticky":false,"template":"","format":"standard","meta":{"_acf_changed":false,"footnotes":""},"categories":[3],"tags":[],"class_list":["post-18693","post","type-post","status-publish","format-standard","hentry","category-calendario"],"acf":[],"_links":{"self":[{"href":"https:\/\/menesianosoy.org\/index.php\/wp-json\/wp\/v2\/posts\/18693","targetHints":{"allow":["GET"]}}],"collection":[{"href":"https:\/\/menesianosoy.org\/index.php\/wp-json\/wp\/v2\/posts"}],"about":[{"href":"https:\/\/menesianosoy.org\/index.php\/wp-json\/wp\/v2\/types\/post"}],"author":[{"embeddable":true,"href":"https:\/\/menesianosoy.org\/index.php\/wp-json\/wp\/v2\/users\/3"}],"replies":[{"embeddable":true,"href":"https:\/\/menesianosoy.org\/index.php\/wp-json\/wp\/v2\/comments?post=18693"}],"version-history":[{"count":3,"href":"https:\/\/menesianosoy.org\/index.php\/wp-json\/wp\/v2\/posts\/18693\/revisions"}],"predecessor-version":[{"id":18698,"href":"https:\/\/menesianosoy.org\/index.php\/wp-json\/wp\/v2\/posts\/18693\/revisions\/18698"}],"wp:attachment":[{"href":"https:\/\/menesianosoy.org\/index.php\/wp-json\/wp\/v2\/media?parent=18693"}],"wp:term":[{"taxonomy":"category","embeddable":true,"href":"https:\/\/menesianosoy.org\/index.php\/wp-json\/wp\/v2\/categories?post=18693"},{"taxonomy":"post_tag","embeddable":true,"href":"https:\/\/menesianosoy.org\/index.php\/wp-json\/wp\/v2\/tags?post=18693"}],"curies":[{"name":"wp","href":"https:\/\/api.w.org\/{rel}","templated":true}]}}