{"id":18747,"date":"2024-12-12T16:43:50","date_gmt":"2024-12-12T19:43:50","guid":{"rendered":"https:\/\/menesianosoy.org\/?p=18747"},"modified":"2024-12-12T16:52:31","modified_gmt":"2024-12-12T19:52:31","slug":"santo-domingo-de-silos-3","status":"publish","type":"post","link":"https:\/\/menesianosoy.org\/index.php\/2024\/12\/12\/santo-domingo-de-silos-3\/","title":{"rendered":"Santo Domingo de Silos"},"content":{"rendered":"\n<h4 class=\"wp-block-heading has-text-align-left has-vivid-purple-color has-text-color has-link-color wp-elements-ee387d0d5662abedfabb7986a324d730\"><br><strong><em>Oraci\u00f3n:<\/em><\/strong><\/h4>\n\n\n\n<p class=\"has-text-align-left\"><strong><em>Mar\u00eda, aceptaste ser la madre de Jes\u00fas,<br>El Hijo de Dios<br>y cumpliste fielmente<br>tu santa misi\u00f3n.<br>Intensa fue la vida de familia<br>en tu hogar de Nazaret.<br>Mar\u00eda, velaste con amor&nbsp;<br>por tu familia y por tu casa,<br>Fuiste ternura a manos llenas&nbsp;<br>hacia los tuyos,<br>Acunaste y guiaste los pasos&nbsp;<br>de Dios hecho ni\u00f1o,<br>Acompa\u00f1aste estremecida&nbsp;<br>su desarrollo y crecimiento<br>y lo viste partir, dispuesta&nbsp;<br>siempre a los planes de Dios.<br>Mar\u00eda, ens\u00e9\u00f1anos a valorar&nbsp;<br>y dignificar la vida de familia;<br>mu\u00e9stranos el camino<br>del di\u00e1logo&nbsp;y la comprensi\u00f3n;<br>haz que aprendamos a escucharnos<br>y a querernos incondicionalmente.<br>Mar\u00eda, cuida de cada una<br>de nuestras familias,<br>como cuidaste de tu familia de Nazaret.<\/em><\/strong><\/p>\n\n\n\n<h4 class=\"wp-block-heading has-text-align-left has-vivid-purple-color has-text-color has-link-color wp-elements-d7db2ffc8ebbc10abc0b559de040a9b9\"><br><strong><em>Intenciones:<\/em><\/strong><\/h4>\n\n\n\n<ul class=\"wp-block-list\">\n<li>Para que preparemos convenientemente el camino del Se\u00f1or en nuestras comunidades.<\/li>\n\n\n\n<li>Por la familia menesiana del colegio San Pablo de Luj\u00e1n de Cuyo<\/li>\n\n\n\n<li>Por el pr\u00f3ximo Cap\u00edtulo de Distrito.<\/li>\n\n\n\n<li>Por los que se preparan para la profesi\u00f3n perpetua, en especial por Walter.<\/li>\n\n\n\n<li>Por la comunidad de Santo Domingo (Espa\u00f1a) y la de Mango (Togo)<\/li>\n<\/ul>\n\n\n\n<h4 class=\"wp-block-heading has-text-align-left has-vivid-purple-color has-text-color has-link-color wp-elements-7880ea39c59b29615609fc5859d6eaed\"><br><strong><em>Directorio 19 b:<\/em><\/strong><\/h4>\n\n\n\n<p class=\"has-text-align-left\">[El Hermano] se coloca cierta distancia de las condiciones que forman la trama de la existencia com\u00fan de los hombres, donde se encarnan, sin embargo, valores asumidos por el Reino. Intenta sustraerse de este modo a las seducciones de un mundo ambiguo, ciertamente salvado, pero siempre amenazado y en busca de salvaci\u00f3n.<\/p>\n\n\n\n<h4 class=\"wp-block-heading has-text-align-left has-vivid-purple-color has-text-color has-link-color wp-elements-945fbd8ffdf3a500f9476001a120536a\"><br><strong><em>Al Hno. Arturo Greffier, 3 de abril de 1842:<\/em><\/strong><\/h4>\n\n\n\n<p class=\"has-text-align-left\">Procuren no tener m\u00e1s que un solo coraz\u00f3n y una sola alma, y estar animados por la caridad m\u00e1s pura.<\/p>\n\n\n\n<h4 class=\"wp-block-heading has-text-align-left has-vivid-purple-color has-text-color has-link-color wp-elements-a77aba329315af5c37d1ef3d7a73d551\"><br><strong><em>Difuntos: <\/em><\/strong><\/h4>\n\n\n\n<p class=\"has-text-align-left\">2008: Andr\u00e9 Launay (Armel-Clair)<br>2014: Melaine Poirier (Melaine-Joseph)<\/p>\n","protected":false},"excerpt":{"rendered":"<p>Oraci\u00f3n: Mar\u00eda, aceptaste ser la madre de Jes\u00fas,El Hijo de Diosy cumpliste fielmentetu santa misi\u00f3n.Intensa fue la vida de familiaen tu hogar de Nazaret.Mar\u00eda, velaste con amor&nbsp;por tu familia y por tu casa,Fuiste ternura a manos llenas&nbsp;hacia los tuyos,Acunaste y guiaste los pasos&nbsp;de Dios hecho ni\u00f1o,Acompa\u00f1aste estremecida&nbsp;su desarrollo y crecimientoy lo viste partir, dispuesta&nbsp;siempre a &hellip; <a href=\"https:\/\/menesianosoy.org\/index.php\/2024\/12\/12\/santo-domingo-de-silos-3\/\" class=\"more-link\">Continue reading<span class=\"screen-reader-text\"> \u00abSanto Domingo de Silos\u00bb<\/span><\/a><\/p>\n","protected":false},"author":3,"featured_media":0,"comment_status":"closed","ping_status":"closed","sticky":false,"template":"","format":"standard","meta":{"_acf_changed":false,"footnotes":""},"categories":[3],"tags":[],"class_list":["post-18747","post","type-post","status-publish","format-standard","hentry","category-calendario"],"acf":[],"_links":{"self":[{"href":"https:\/\/menesianosoy.org\/index.php\/wp-json\/wp\/v2\/posts\/18747","targetHints":{"allow":["GET"]}}],"collection":[{"href":"https:\/\/menesianosoy.org\/index.php\/wp-json\/wp\/v2\/posts"}],"about":[{"href":"https:\/\/menesianosoy.org\/index.php\/wp-json\/wp\/v2\/types\/post"}],"author":[{"embeddable":true,"href":"https:\/\/menesianosoy.org\/index.php\/wp-json\/wp\/v2\/users\/3"}],"replies":[{"embeddable":true,"href":"https:\/\/menesianosoy.org\/index.php\/wp-json\/wp\/v2\/comments?post=18747"}],"version-history":[{"count":4,"href":"https:\/\/menesianosoy.org\/index.php\/wp-json\/wp\/v2\/posts\/18747\/revisions"}],"predecessor-version":[{"id":18753,"href":"https:\/\/menesianosoy.org\/index.php\/wp-json\/wp\/v2\/posts\/18747\/revisions\/18753"}],"wp:attachment":[{"href":"https:\/\/menesianosoy.org\/index.php\/wp-json\/wp\/v2\/media?parent=18747"}],"wp:term":[{"taxonomy":"category","embeddable":true,"href":"https:\/\/menesianosoy.org\/index.php\/wp-json\/wp\/v2\/categories?post=18747"},{"taxonomy":"post_tag","embeddable":true,"href":"https:\/\/menesianosoy.org\/index.php\/wp-json\/wp\/v2\/tags?post=18747"}],"curies":[{"name":"wp","href":"https:\/\/api.w.org\/{rel}","templated":true}]}}