{"id":18814,"date":"2024-12-15T17:40:23","date_gmt":"2024-12-15T20:40:23","guid":{"rendered":"https:\/\/menesianosoy.org\/?p=18814"},"modified":"2024-12-16T10:28:18","modified_gmt":"2024-12-16T13:28:18","slug":"san-gregorio-de-spoleto","status":"publish","type":"post","link":"https:\/\/menesianosoy.org\/index.php\/2024\/12\/15\/san-gregorio-de-spoleto\/","title":{"rendered":"San Gregorio de Spoleto"},"content":{"rendered":"\n<p class=\"has-text-align-left\"><strong><em>2\u00ba Samuel 7, 1-5. 8-12. 14- 16<br>Salmo 88, 2-5. 27- 29<\/em><\/strong><\/p>\n\n\n\n<h4 class=\"wp-block-heading has-text-align-left has-vivid-cyan-blue-color has-text-color has-link-color wp-elements-63560523b2d322d64d8f5fa231f21875\"><br><strong>Evangelio: Lucas 1, 67-79<\/strong><\/h4>\n\n\n\n<p class=\"has-text-align-left\"><strong><em>Zacar\u00edas qued\u00f3 lleno del Esp\u00edritu Santo y dijo prof\u00e9ticamente: <br>Bendito sea el Se\u00f1or, el Dios de Israel, porque ha visitado y redimido a su Pueblo, y nos ha dado un poderoso Salvador en la casa de David, su servidor, como lo hab\u00eda anunciado mucho tiempo antes, por boca de sus santos profetas, para salvarnos de nuestros enemigos y de las manos de todos los que nos odian.<br>Tuvo misericordia de nuestros padres y se acord\u00f3 de su santa Alianza, del juramento que hizo a nuestro padre Abraham de concedernos que, libres de temor, arrancados de las manos de nuestros enemigos, lo sirvamos en santidad y justicia, bajo su mirada, durante toda nuestra vida.<br>Y t\u00fa, ni\u00f1o, ser\u00e1s llamado Profeta del Alt\u00edsimo, porque ir\u00e1s delante del Se\u00f1or preparando sus caminos, para hacer conocer a su Pueblo la salvaci\u00f3n mediante el perd\u00f3n de los pecados; gracias a la misericordiosa ternura de nuestro Dios, que nos traer\u00e1 del cielo la visita del Sol naciente, para iluminar a los que est\u00e1n en las tinieblas y en las sombras de la muerte, y guiar nuestros pasos por el camino de la paz.<\/em><\/strong><\/p>\n\n\n\n<figure class=\"wp-block-image size-full\"><img loading=\"lazy\" decoding=\"async\" width=\"500\" height=\"400\" src=\"https:\/\/menesianosoy.org\/wp-content\/uploads\/2024\/12\/zacarias-v.jpg\" alt=\"\" class=\"wp-image-18815\" srcset=\"https:\/\/menesianosoy.org\/wp-content\/uploads\/2024\/12\/zacarias-v.jpg 500w, https:\/\/menesianosoy.org\/wp-content\/uploads\/2024\/12\/zacarias-v-300x240.jpg 300w\" sizes=\"auto, (max-width: 500px) 85vw, 500px\" \/><\/figure>\n\n\n\n<p class=\"has-text-align-left\">El C\u00e1ntico de Zacar\u00edas es uno de los muchos c\u00e1nticos de las comunidades de los primeros cristianos y deja entrever una liturgia que era, al mismo tiempo, celebraci\u00f3n del misterio, profesi\u00f3n de fe, animaci\u00f3n de la esperanza y catequesis.<br>Tambi\u00e9n muestra de alguna manera el esfuerzo de la comunidad cristiana de dar un nuevo sentido a la fiesta pagana del <em>Dios invicto<\/em>, que se celebraba todos los 25 de diciembre. El motivo de esa fiesta pagana era que los d\u00edas que se hab\u00edan ido acortando progresivamente, a partir de ese momento, del solsticio de invierno, comenzaban a alargarse. El sol volv\u00eda a resucitar y a traer vida a la tierra. Esa imagen en el cristianismo es atribuida a Jesucristo. \u00c9l es el \u201csol que nace de lo alto\u201d, que nos libra de las tinieblas, nos da nueva vida y nos lleva por caminos de paz.<br><br>Es un canto de fe y esperanza. Todo lo esperado durante siglos se est\u00e1 haciendo realidad. Zacar\u00edas es un hombre de fe y sabe que Dios cumple sus promesas. Su canto es prof\u00e9tico, nos habla del enviado de Dios, el Emmanuel, que viene del cielo y nos trae el perd\u00f3n de los pecados. Nos proclama el amor entra\u00f1able de Dios que no olvida a su pueblo.<br><br>Podemos como Zacar\u00edas cantar las promesas de Dios que se cumplen en nuestras vidas o entonar lamentaciones por todo lo que falta para el cumplimiento pleno de esas promesas. Es evidente que despu\u00e9s de 2000 a\u00f1os de la venida de Jes\u00fas la humanidad parece caminar por sendas distintas al marcado por \u00c9l. Y se nos puede hacer pesada la espera, flaquear en la fe y olvidarnos de mantener la l\u00e1mpara encendida. Pero Dios se ha manifestado y se manifiesta de mil manera en nuestras vidas. Abramos los ojos para ver las maravillas del Se\u00f1or, para creer que \u00c9l est\u00e1, quiz\u00e1s no como lo esperamos nosotros con nuestros preconceptos, ilusiones y miedos. Repasemos el a\u00f1o que va culminando y veremos los signos de su presencia viva y operante.<\/p>\n\n\n\n<h4 class=\"wp-block-heading has-text-align-left has-vivid-cyan-blue-color has-text-color has-link-color wp-elements-fc106bf8187ed34fa9151c6c240c10b4\"><br><strong>Palabras de Juan Mar\u00eda<\/strong><\/h4>\n\n\n\n<p class=\"has-text-align-left\"><img loading=\"lazy\" decoding=\"async\" width=\"150\" height=\"183\" class=\"wp-image-16098\" style=\"width: 150px;\" src=\"https:\/\/menesianosoy.org\/wp-content\/uploads\/2024\/09\/juanmaria.png\" alt=\"\" srcset=\"https:\/\/menesianosoy.org\/wp-content\/uploads\/2024\/09\/juanmaria.png 450w, https:\/\/menesianosoy.org\/wp-content\/uploads\/2024\/09\/juanmaria-246x300.png 246w\" sizes=\"auto, (max-width: 150px) 85vw, 150px\" \/><br><em>Ciertamente podemos representar al soberano maestro del mundo bajo los rasgos m\u00e1s augusto y admirables a la vez. Pero eso no es todo y los misterios que la religi\u00f3n nos revela, nos hacen penetrar mucho m\u00e1s adentro en la naturaleza de Dios. Nos abren, en cierto sentido, su coraz\u00f3n, nos hacen ver todas las riquezas de su bondad, ponen su misericordia ante nuestros ojos, y cuanto m\u00e1s nos adentramos en esta profundidad, m\u00e1s descubrimos sus maravillas. Me dan pena aquellos que no sienten qu\u00e9 hermoso es ver al Padre adoptarnos como hijos y extender sobre nosotros este amor infinito que tiene por su Verbo. Qu\u00e9 dulce es escuchar la voz del mismo Dios que nos llama y que nos dice: Son mis hijos, tendr\u00e1n la misma herencia que Jesucristo, su hermano, se sentar\u00e1n sobre un trono, compartir\u00e1n su gloria, ser\u00e1n felices en \u00e9l, por \u00e9l y con \u00e9l durante toda la eternidad.<\/em><\/p>\n\n\n\n<h4 class=\"wp-block-heading has-text-align-left has-vivid-cyan-blue-color has-text-color has-link-color wp-elements-27eaf79d306baa204a922c4f34057da6\"><br><strong>Bendito sea el Se\u00f1or &#8211; Miguel Cassina<\/strong><\/h4>\n\n\n\n<figure class=\"wp-block-embed is-type-video is-provider-youtube wp-block-embed-youtube wp-embed-aspect-4-3 wp-has-aspect-ratio\"><div class=\"wp-block-embed__wrapper\">\n<iframe loading=\"lazy\" title=\"Bendito sea el se\u00f1or\" width=\"1140\" height=\"855\" src=\"https:\/\/www.youtube.com\/embed\/xQ2aJAMr3ho?feature=oembed\" frameborder=\"0\" allow=\"accelerometer; autoplay; clipboard-write; encrypted-media; gyroscope; picture-in-picture; web-share\" referrerpolicy=\"strict-origin-when-cross-origin\" allowfullscreen><\/iframe>\n<\/div><\/figure>\n\n\n\n<p class=\"has-text-align-left\">Bendito sea el Se\u00f1or<br>que oy\u00f3 mi voz.<br>En \u00c9l conf\u00eda mi coraz\u00f3n.<br>Bendito sea el Se\u00f1or.<br><br>Bendito sea el Se\u00f1or.<br>\u00c9l me bendijo con gozo.<br>Con mi canto le alabare.<br>Bendito sea el Se\u00f1or.<br><br>Bendito sea el Se\u00f1or<br>que oy\u00f3 mi voz.<br>En \u00c9l conf\u00eda mi coraz\u00f3n.<br>Bendito sea el Se\u00f1or.<\/p>\n\n\n\n<p class=\"has-text-align-left has-vivid-purple-background-color has-background\"><\/p>\n\n\n\n<figure class=\"wp-block-image size-full\"><img loading=\"lazy\" decoding=\"async\" width=\"500\" height=\"888\" src=\"https:\/\/menesianosoy.org\/wp-content\/uploads\/2024\/12\/ORACION-Y-logo-25-500-p-1.jpeg\" alt=\"\" class=\"wp-image-18663\" srcset=\"https:\/\/menesianosoy.org\/wp-content\/uploads\/2024\/12\/ORACION-Y-logo-25-500-p-1.jpeg 500w, https:\/\/menesianosoy.org\/wp-content\/uploads\/2024\/12\/ORACION-Y-logo-25-500-p-1-169x300.jpeg 169w\" sizes=\"auto, (max-width: 500px) 85vw, 500px\" \/><\/figure>\n","protected":false},"excerpt":{"rendered":"<p>2\u00ba Samuel 7, 1-5. 8-12. 14- 16Salmo 88, 2-5. 27- 29 Evangelio: Lucas 1, 67-79 Zacar\u00edas qued\u00f3 lleno del Esp\u00edritu Santo y dijo prof\u00e9ticamente: Bendito sea el Se\u00f1or, el Dios de Israel, porque ha visitado y redimido a su Pueblo, y nos ha dado un poderoso Salvador en la casa de David, su servidor, como &hellip; <a href=\"https:\/\/menesianosoy.org\/index.php\/2024\/12\/15\/san-gregorio-de-spoleto\/\" class=\"more-link\">Continue reading<span class=\"screen-reader-text\"> \u00abSan Gregorio de Spoleto\u00bb<\/span><\/a><\/p>\n","protected":false},"author":3,"featured_media":0,"comment_status":"closed","ping_status":"closed","sticky":false,"template":"","format":"standard","meta":{"_acf_changed":false,"footnotes":""},"categories":[9],"tags":[],"class_list":["post-18814","post","type-post","status-publish","format-standard","hentry","category-evangelio"],"acf":[],"_links":{"self":[{"href":"https:\/\/menesianosoy.org\/index.php\/wp-json\/wp\/v2\/posts\/18814","targetHints":{"allow":["GET"]}}],"collection":[{"href":"https:\/\/menesianosoy.org\/index.php\/wp-json\/wp\/v2\/posts"}],"about":[{"href":"https:\/\/menesianosoy.org\/index.php\/wp-json\/wp\/v2\/types\/post"}],"author":[{"embeddable":true,"href":"https:\/\/menesianosoy.org\/index.php\/wp-json\/wp\/v2\/users\/3"}],"replies":[{"embeddable":true,"href":"https:\/\/menesianosoy.org\/index.php\/wp-json\/wp\/v2\/comments?post=18814"}],"version-history":[{"count":8,"href":"https:\/\/menesianosoy.org\/index.php\/wp-json\/wp\/v2\/posts\/18814\/revisions"}],"predecessor-version":[{"id":18847,"href":"https:\/\/menesianosoy.org\/index.php\/wp-json\/wp\/v2\/posts\/18814\/revisions\/18847"}],"wp:attachment":[{"href":"https:\/\/menesianosoy.org\/index.php\/wp-json\/wp\/v2\/media?parent=18814"}],"wp:term":[{"taxonomy":"category","embeddable":true,"href":"https:\/\/menesianosoy.org\/index.php\/wp-json\/wp\/v2\/categories?post=18814"},{"taxonomy":"post_tag","embeddable":true,"href":"https:\/\/menesianosoy.org\/index.php\/wp-json\/wp\/v2\/tags?post=18814"}],"curies":[{"name":"wp","href":"https:\/\/api.w.org\/{rel}","templated":true}]}}