{"id":18821,"date":"2024-12-15T17:42:19","date_gmt":"2024-12-15T20:42:19","guid":{"rendered":"https:\/\/menesianosoy.org\/?p=18821"},"modified":"2024-12-16T10:46:13","modified_gmt":"2024-12-16T13:46:13","slug":"san-juan-de-kety-san-antonio-galvao-de-franca","status":"publish","type":"post","link":"https:\/\/menesianosoy.org\/index.php\/2024\/12\/15\/san-juan-de-kety-san-antonio-galvao-de-franca\/","title":{"rendered":"San Juan de Kety \u2013 San Antonio Galvao de Franca"},"content":{"rendered":"\n<h4 class=\"wp-block-heading has-text-align-left\"><strong><em>Malaqu\u00edas 3, 1-4. 23-24<br>Salmo 24, 4-5. 8-10. 14<\/em><\/strong><\/h4>\n\n\n\n<h4 class=\"wp-block-heading has-text-align-left has-vivid-cyan-blue-color has-text-color has-link-color wp-elements-a1f32cce9996714052d2ff8cca21a9d4\"><br><strong>Evangelio: Lucas 1, 57-66<\/strong><\/h4>\n\n\n\n<p class=\"has-text-align-left\"><strong><em>Cuando lleg\u00f3 el tiempo en que Isabel deb\u00eda ser madre, dio a luz un hijo.<br>Al enterarse sus vecinos y parientes de la gran misericordia con que Dios la hab\u00eda tratado, se alegraban con ella.<br>A los ocho d\u00edas, se reunieron para circuncidar al ni\u00f1o, y quer\u00edan llamarlo Zacar\u00edas, como su padre; pero la madre dijo: No, debe llamarse Juan.<br>Ellos le dec\u00edan: No hay nadie en tu familia que lleve ese nombre.<br>Entonces preguntaron por se\u00f1as al padre qu\u00e9 nombre quer\u00eda que le pusieran.<br>\u00c9l pidi\u00f3 una pizarra y escribi\u00f3: Su nombre es Juan. <br>Todos quedaron admirados. Y en ese mismo momento, Zacar\u00edas recuper\u00f3 el habla y comenz\u00f3 a alabar a Dios. Este acontecimiento produjo una gran impresi\u00f3n entre la gente de los alrededores, y se lo comentaba en toda la regi\u00f3n monta\u00f1osa de Judea.<br>Todos los que se enteraron guardaban este recuerdo en su coraz\u00f3n y se dec\u00edan: \u00bfQu\u00e9 llegar\u00e1 a ser este ni\u00f1o? Porque la mano del Se\u00f1or estaba con \u00e9l.<\/em><\/strong><\/p>\n\n\n\n<figure class=\"wp-block-image size-full\"><img loading=\"lazy\" decoding=\"async\" width=\"450\" height=\"450\" src=\"https:\/\/menesianosoy.org\/wp-content\/uploads\/2024\/12\/zac.jpg\" alt=\"\" class=\"wp-image-18824\" srcset=\"https:\/\/menesianosoy.org\/wp-content\/uploads\/2024\/12\/zac.jpg 450w, https:\/\/menesianosoy.org\/wp-content\/uploads\/2024\/12\/zac-300x300.jpg 300w, https:\/\/menesianosoy.org\/wp-content\/uploads\/2024\/12\/zac-150x150.jpg 150w\" sizes=\"auto, (max-width: 450px) 85vw, 450px\" \/><\/figure>\n\n\n\n<p class=\"has-text-align-left\">Hoy est\u00e1 internet, est\u00e1 el tel\u00e9fono y las noticias vuelan por el \u00e9ter en tiempo real. Pero pensemos por un momento en los tiempos en que Isabel dio a luz al peque\u00f1o Juan. Vayamos a ver las familias de la \u00e9poca, concentrados en su trabajo, unos hilando, otros cuidando las ovejas, etc. Un poco como las escenas que montamos en nuestros pesebres estos d\u00edas. \u2018\u00bfPero sabes que Elizabeth tuvo un hijo? \u00bfQui\u00e9n?<br>\u00bfLa esposa anciana del viejo Zacar\u00edas? \u00bfC\u00f3mo pudo pasar? \u00a1Es un milagro!\u2019<br><br>Dios primero asombr\u00f3 a Zacar\u00edas e Isabel, quienes en esos meses hab\u00edan tenido la oportunidad de entender que se equivocaron al cuestionar el poder de la gracia de Dios. Aqu\u00ed est\u00e1n ahora aceptando valientemente su voluntad en todo y para todo.<br><br>Se llamar\u00e1 Juan, como dijo el \u00c1ngel del Se\u00f1or, no como su padre Zacar\u00edas, como impon\u00edan las reglas de la \u00e9poca. Este simple gesto encarna algo muy grande, la aceptaci\u00f3n de la voluntad de Dios, de pertenecer al linaje divino. Juan significa &#8216;lleno de la gracia de Dios&#8217; y con esto entr\u00f3 en la vida de Zacar\u00edas y en la nuestra, aunque seguramente estos ancianos nunca habr\u00e1n imaginado que despu\u00e9s de 2000 a\u00f1os todav\u00eda los recordamos por esto. <br><br>Juan no es solo un ni\u00f1o, sino que es una se\u00f1al del Se\u00f1or, es algo inexplicable por leyes naturales. Nacido de una mujer est\u00e9ril y un hombre muy anciano; pero a trav\u00e9s de \u00e9l el Se\u00f1or hablar\u00e1 al mundo, presentar\u00e1 un milagro a\u00fan m\u00e1s genial, presentar\u00e1 a ese hijo Dios, que se encarnar\u00e1 en una Virgen y cambiar\u00e1 nuestra historia.<br><br>Nuestra vida nunca es un fin en s\u00ed misma, porque todos somos parte del plan de amor de nuestro Se\u00f1or.<br>Debemos aprender a realizarlo, a tomar conciencia de ello y vivir en consecuencia\u201d. (Lela Mingardi, <em>Migajas de espiritualidad)<\/em><\/p>\n\n\n\n<h4 class=\"wp-block-heading has-text-align-left has-vivid-cyan-blue-color has-text-color has-link-color wp-elements-fc106bf8187ed34fa9151c6c240c10b4\"><br><strong>Palabras de Juan Mar\u00eda<\/strong><\/h4>\n\n\n\n<p class=\"has-text-align-left\"><img loading=\"lazy\" decoding=\"async\" width=\"150\" height=\"127\" class=\"wp-image-16112\" style=\"width: 150px;\" src=\"https:\/\/menesianosoy.org\/wp-content\/uploads\/2024\/09\/ppp.png\" alt=\"\" srcset=\"https:\/\/menesianosoy.org\/wp-content\/uploads\/2024\/09\/ppp.png 450w, https:\/\/menesianosoy.org\/wp-content\/uploads\/2024\/09\/ppp-300x254.png 300w\" sizes=\"auto, (max-width: 150px) 85vw, 150px\" \/><br><em>\u00bfNo es entonces (en el retiro) que Dios obra milagros de misericordia en todas las almas, no menos asombrosos que las maravillas que leemos en los hermosos relatos del santo Evangelio, de modo que si pedimos pruebas de la presencia de Jesucristo en medio de nosotros y su acci\u00f3n divina durante estos d\u00edas felices, podr\u00edamos decir lo que \u00e9l mismo dijo a los disc\u00edpulos de Juan el Bautista, que le preguntaron si \u00e9l era realmente el Mes\u00edas: los ciegos ven, los sordos oyen, los rengos caminan, los muertos resucitan! (Retiro de ni\u00f1os) <\/em><\/p>\n\n\n\n<h4 class=\"wp-block-heading has-text-align-left has-vivid-cyan-blue-color has-text-color has-link-color wp-elements-7b971e5636344ff22132f30cafeedd61\"><br><strong>Su nombre es Juan &#8211; Javier Br\u00fa<\/strong><\/h4>\n\n\n\n<figure class=\"wp-block-embed is-type-video is-provider-youtube wp-block-embed-youtube wp-embed-aspect-16-9 wp-has-aspect-ratio\"><div class=\"wp-block-embed__wrapper\">\n<iframe loading=\"lazy\" title=\"Su Nombre es Juan - Javier Br\u00fa | Solemnidad de la Natividad de San Juan Bautista (Lc 1, 57-66. 80)\" width=\"1140\" height=\"641\" src=\"https:\/\/www.youtube.com\/embed\/vv2RW7iNFGI?feature=oembed\" frameborder=\"0\" allow=\"accelerometer; autoplay; clipboard-write; encrypted-media; gyroscope; picture-in-picture; web-share\" referrerpolicy=\"strict-origin-when-cross-origin\" allowfullscreen><\/iframe>\n<\/div><\/figure>\n\n\n\n<p class=\"has-text-align-left\">Por aquellos d\u00edas<br>Le lleg\u00f3 el tiempo a Isabel.<br>Parientes, vecinos,<br>se alegraron con ella,<br>porque grande se manifest\u00f3<br>el Dios de Israel,<br>Pues dio a luz a un hijo<br>aun siendo est\u00e9ril y vieja.<br>Y aunque todos pensaban<br>en llamarlo como el padre,<br>se opuso Isabel:<br>Su nombre ser\u00e1 Juan, les dijo,<br>Y todos comentaban.<br>\u00bfc\u00f3mo puede ser?<br><br>Juan, su nombre es Juan.<br>Es voz que prepara el camino al Se\u00f1or.<br>Juan, su nombre es Juan,<br>profeta, bautista,<br>enviado de Dios.<br><br>Luego a Zacar\u00edas<br>le fueron a preguntar<br>si le parec\u00eda bien<br>el nombre de su hijo.<br>Mas al no poder<br>Con sus palabras expresar<br>lo que el \u00e1ngel<br>en el templo<br>un d\u00eda le dijo,<br>pidiendo una tablilla<br>escrib\u00eda convencido:<br>Su nombre es Juan.<br>Y en el mismo momento<br>a Dios alab\u00f3 y bendijo<br>al poder hablar.<br><br>Pronto se quedaron asombrados<br>los vecinos<br>y en toda Judea<br>comentaban lo ocurrido.<br>Los que se enteraban<br>preguntaban: \u00bfqu\u00e9 va a hacer,<br>cuando el ni\u00f1o crezca,<br>porque Dios est\u00e1 con \u00e9l?<br>Creciendo se hizo fuerte<br>y fue a vivir en el desierto.<br>Y un d\u00eda volvi\u00f3<br>y ya, como el Bautista,<br>regres\u00f3 llamando al pueblo<br>a la conversi\u00f3n.<\/p>\n\n\n\n<p class=\"has-vivid-purple-background-color has-background\"><\/p>\n\n\n\n<figure class=\"wp-block-image size-full\"><img loading=\"lazy\" decoding=\"async\" width=\"500\" height=\"888\" src=\"https:\/\/menesianosoy.org\/wp-content\/uploads\/2024\/12\/ORACION-Y-logo-25-500-p-1.jpeg\" alt=\"\" class=\"wp-image-18663\" srcset=\"https:\/\/menesianosoy.org\/wp-content\/uploads\/2024\/12\/ORACION-Y-logo-25-500-p-1.jpeg 500w, https:\/\/menesianosoy.org\/wp-content\/uploads\/2024\/12\/ORACION-Y-logo-25-500-p-1-169x300.jpeg 169w\" sizes=\"auto, (max-width: 500px) 85vw, 500px\" \/><\/figure>\n","protected":false},"excerpt":{"rendered":"<p>Malaqu\u00edas 3, 1-4. 23-24Salmo 24, 4-5. 8-10. 14 Evangelio: Lucas 1, 57-66 Cuando lleg\u00f3 el tiempo en que Isabel deb\u00eda ser madre, dio a luz un hijo.Al enterarse sus vecinos y parientes de la gran misericordia con que Dios la hab\u00eda tratado, se alegraban con ella.A los ocho d\u00edas, se reunieron para circuncidar al ni\u00f1o, &hellip; <a href=\"https:\/\/menesianosoy.org\/index.php\/2024\/12\/15\/san-juan-de-kety-san-antonio-galvao-de-franca\/\" class=\"more-link\">Continue reading<span class=\"screen-reader-text\"> \u00abSan Juan de Kety \u2013 San Antonio Galvao de Franca\u00bb<\/span><\/a><\/p>\n","protected":false},"author":3,"featured_media":0,"comment_status":"closed","ping_status":"closed","sticky":false,"template":"","format":"standard","meta":{"_acf_changed":false,"footnotes":""},"categories":[9],"tags":[],"class_list":["post-18821","post","type-post","status-publish","format-standard","hentry","category-evangelio"],"acf":[],"_links":{"self":[{"href":"https:\/\/menesianosoy.org\/index.php\/wp-json\/wp\/v2\/posts\/18821","targetHints":{"allow":["GET"]}}],"collection":[{"href":"https:\/\/menesianosoy.org\/index.php\/wp-json\/wp\/v2\/posts"}],"about":[{"href":"https:\/\/menesianosoy.org\/index.php\/wp-json\/wp\/v2\/types\/post"}],"author":[{"embeddable":true,"href":"https:\/\/menesianosoy.org\/index.php\/wp-json\/wp\/v2\/users\/3"}],"replies":[{"embeddable":true,"href":"https:\/\/menesianosoy.org\/index.php\/wp-json\/wp\/v2\/comments?post=18821"}],"version-history":[{"count":6,"href":"https:\/\/menesianosoy.org\/index.php\/wp-json\/wp\/v2\/posts\/18821\/revisions"}],"predecessor-version":[{"id":18858,"href":"https:\/\/menesianosoy.org\/index.php\/wp-json\/wp\/v2\/posts\/18821\/revisions\/18858"}],"wp:attachment":[{"href":"https:\/\/menesianosoy.org\/index.php\/wp-json\/wp\/v2\/media?parent=18821"}],"wp:term":[{"taxonomy":"category","embeddable":true,"href":"https:\/\/menesianosoy.org\/index.php\/wp-json\/wp\/v2\/categories?post=18821"},{"taxonomy":"post_tag","embeddable":true,"href":"https:\/\/menesianosoy.org\/index.php\/wp-json\/wp\/v2\/tags?post=18821"}],"curies":[{"name":"wp","href":"https:\/\/api.w.org\/{rel}","templated":true}]}}