{"id":18829,"date":"2024-12-15T17:55:28","date_gmt":"2024-12-15T20:55:28","guid":{"rendered":"https:\/\/menesianosoy.org\/?p=18829"},"modified":"2024-12-16T10:43:50","modified_gmt":"2024-12-16T13:43:50","slug":"san-juan-de-kety-san-antonio-galvao-de-franca-2","status":"publish","type":"post","link":"https:\/\/menesianosoy.org\/index.php\/2024\/12\/15\/san-juan-de-kety-san-antonio-galvao-de-franca-2\/","title":{"rendered":"San Juan de Kety \u2013 San Antonio Galvao de Franca"},"content":{"rendered":"\n<h4 class=\"wp-block-heading has-text-align-left has-vivid-purple-color has-text-color has-link-color wp-elements-ee387d0d5662abedfabb7986a324d730\"><br><strong><em>Oraci\u00f3n:<\/em><\/strong><\/h4>\n\n\n\n<p class=\"has-text-align-left\"><strong><em>Providencia de mi Dios,<br>oh madre, que tantas veces he invocado,<br>y a quien he ofrecido, consagrado,<br>entregado esta casa<br>y cuantos ha reunido en ella tu gracia.<br>Providencia siempre buena,<br>tan sabia, tan llena de piedad y amor<br>para con tus pobres criaturas;<br>te adoramos, te bendecimos,<br>nos abandonamos<br>en tus manos sin reserva.<br>Haz de nosotros todo lo que quieras.<br>S\u00f3lo deseamos<br>cumplir tu voluntad en todo:<br>En las humillaciones y en las grandezas,<br>en la pobreza y en la riqueza,<br>en la salud y en la enfermedad,<br>en la vida y en la muerte.<br>Providencia de mi Dios,<br>vela sobre tus hijos,<br>afi\u00e1nzanos, dir\u00edgenos.<br>S\u00e9 t\u00fa nuestra defensa,<br>nuestra gu\u00eda y nuestra esperanza.<br>\u00a1Dios S\u00f3lo en el tiempo!<br>\u00a1Dios S\u00f3lo en la eternidad!<br>\u00a1Dios S\u00f3lo en el d\u00eda de hoy!<br>En todo y en cada cosa,<br>\u00a1Dios S\u00f3lo!<\/em><\/strong><\/p>\n\n\n\n<h4 class=\"wp-block-heading has-text-align-left has-vivid-purple-color has-text-color has-link-color wp-elements-887486676bef83e011629c71d289a322\"><br><strong><em>Intenciones: <\/em><\/strong><\/h4>\n\n\n\n<ul class=\"wp-block-list\">\n<li>Para que Dios encuentre un lugar propicio en nuestras comunidades para que venga su Hijo al mundo.<\/li>\n\n\n\n<li>Por el pr\u00f3ximo Cap\u00edtulo de Distrito<\/li>\n\n\n\n<li>Por los que se preparan para la profesi\u00f3n perpetua, en especial por Walter.<\/li>\n\n\n\n<li>Por la familia menesiana del colegio Nuestra Se\u00f1ora del Rosario de Bialet Mass\u00e9.<\/li>\n\n\n\n<li>Por la comunidad de Plo\u00ebrmel-La Touche (Francia) y la de Buhungiro (Uganda).<\/li>\n<\/ul>\n\n\n\n<h4 class=\"wp-block-heading has-text-align-left has-vivid-purple-color has-text-color has-link-color wp-elements-d53e570567df95c05bb9b0fafa971d30\"><br><strong><em>Directorio 116 a: <\/em><\/strong><\/h4>\n\n\n\n<p class=\"has-text-align-left\">La catequesis es una participaci\u00f3n en el ministerio de la Palabra. Para que sea fecunda necesita el apoyo de convicciones profundas y el testimonio de la propia vida del educador. <\/p>\n\n\n\n<h4 class=\"wp-block-heading has-text-align-left has-vivid-purple-color has-text-color has-link-color wp-elements-62efc3f4bd0f0648c7695fc7afc54ee1\"><br><strong><em>Al Hno. Ambrosio Le Haiget, , 17 de junio de 1842: <\/em><\/strong><\/h4>\n\n\n\n<p class=\"has-text-align-left\">Dios bendecir\u00e1 tu abandono y tendr\u00e1s motivo para felicitarte m\u00e1s tarde por haberte mantenido en el orden de la Providencia. <\/p>\n\n\n\n<h4 class=\"wp-block-heading has-text-align-left has-vivid-purple-color has-text-color has-link-color wp-elements-4021587428f97268397b8f274ab2a49d\"><br><strong>Difuntos: <\/strong><\/h4>\n\n\n\n<p class=\"has-text-align-left\">1986: Fran\u00e7ois Alonder (Cl\u00e9ment-Joseph)<br>2011: Richard Ledoux (Yvon-Gabriel)<\/p>\n\n\n\n<p><\/p>\n","protected":false},"excerpt":{"rendered":"<p>Oraci\u00f3n: Providencia de mi Dios,oh madre, que tantas veces he invocado,y a quien he ofrecido, consagrado,entregado esta casay cuantos ha reunido en ella tu gracia.Providencia siempre buena,tan sabia, tan llena de piedad y amorpara con tus pobres criaturas;te adoramos, te bendecimos,nos abandonamosen tus manos sin reserva.Haz de nosotros todo lo que quieras.S\u00f3lo deseamoscumplir tu voluntad &hellip; <a href=\"https:\/\/menesianosoy.org\/index.php\/2024\/12\/15\/san-juan-de-kety-san-antonio-galvao-de-franca-2\/\" class=\"more-link\">Continue reading<span class=\"screen-reader-text\"> \u00abSan Juan de Kety \u2013 San Antonio Galvao de Franca\u00bb<\/span><\/a><\/p>\n","protected":false},"author":3,"featured_media":0,"comment_status":"closed","ping_status":"closed","sticky":false,"template":"","format":"standard","meta":{"_acf_changed":false,"footnotes":""},"categories":[3],"tags":[],"class_list":["post-18829","post","type-post","status-publish","format-standard","hentry","category-calendario"],"acf":[],"_links":{"self":[{"href":"https:\/\/menesianosoy.org\/index.php\/wp-json\/wp\/v2\/posts\/18829","targetHints":{"allow":["GET"]}}],"collection":[{"href":"https:\/\/menesianosoy.org\/index.php\/wp-json\/wp\/v2\/posts"}],"about":[{"href":"https:\/\/menesianosoy.org\/index.php\/wp-json\/wp\/v2\/types\/post"}],"author":[{"embeddable":true,"href":"https:\/\/menesianosoy.org\/index.php\/wp-json\/wp\/v2\/users\/3"}],"replies":[{"embeddable":true,"href":"https:\/\/menesianosoy.org\/index.php\/wp-json\/wp\/v2\/comments?post=18829"}],"version-history":[{"count":6,"href":"https:\/\/menesianosoy.org\/index.php\/wp-json\/wp\/v2\/posts\/18829\/revisions"}],"predecessor-version":[{"id":18855,"href":"https:\/\/menesianosoy.org\/index.php\/wp-json\/wp\/v2\/posts\/18829\/revisions\/18855"}],"wp:attachment":[{"href":"https:\/\/menesianosoy.org\/index.php\/wp-json\/wp\/v2\/media?parent=18829"}],"wp:term":[{"taxonomy":"category","embeddable":true,"href":"https:\/\/menesianosoy.org\/index.php\/wp-json\/wp\/v2\/categories?post=18829"},{"taxonomy":"post_tag","embeddable":true,"href":"https:\/\/menesianosoy.org\/index.php\/wp-json\/wp\/v2\/tags?post=18829"}],"curies":[{"name":"wp","href":"https:\/\/api.w.org\/{rel}","templated":true}]}}