{"id":18940,"date":"2024-12-19T16:20:58","date_gmt":"2024-12-19T19:20:58","guid":{"rendered":"https:\/\/menesianosoy.org\/?p=18940"},"modified":"2024-12-19T16:56:37","modified_gmt":"2024-12-19T19:56:37","slug":"los-santos-inocentes-3","status":"publish","type":"post","link":"https:\/\/menesianosoy.org\/index.php\/2024\/12\/19\/los-santos-inocentes-3\/","title":{"rendered":"Los Santos Inocentes"},"content":{"rendered":"\n<h5 class=\"wp-block-heading has-vivid-red-color has-text-color has-link-color wp-elements-adcaf6fadc95f6616647342ccb71c8ce\"><img loading=\"lazy\" decoding=\"async\" width=\"115\" height=\"143\" class=\"wp-image-17000\" style=\"width: 115px;\" src=\"https:\/\/menesianosoy.org\/wp-content\/uploads\/2024\/10\/gabriel.jpg\" alt=\"\"><br><strong><em>1841: Muerte del padre Gabriel Deshayes en Saint-Laurent-sur-S\u00e8vre.<\/em><\/strong><\/h5>\n\n\n\n<p class=\"has-text-align-left\"><br><strong><em>1\u00aa Juan 1,5-2,2<br>Salmo 123, 2-5. 7-8<\/em><\/strong><\/p>\n\n\n\n<h4 class=\"wp-block-heading has-text-align-left has-vivid-cyan-blue-color has-text-color has-link-color wp-elements-ad641f164154bb4c7295abd4e9048c02\"><br><strong>Evangelio: Mateo 2, 13-18<\/strong><\/h4>\n\n\n\n<p class=\"has-text-align-left\"><strong><em>Despu\u00e9s de la partida de los magos, el \u00c1ngel del Se\u00f1or se apareci\u00f3 en sue\u00f1os a Jos\u00e9 y le dijo:<br>Lev\u00e1ntate, toma al ni\u00f1o y a su madre, huye a Egipto y permanece all\u00ed hasta que yo te avise, porque Herodes va a buscar al ni\u00f1o para matarlo.<br>Jos\u00e9 se levant\u00f3, tom\u00f3 de noche al ni\u00f1o y a su madre y se fue a Egipto.<br>All\u00ed permaneci\u00f3 hasta la muerte de Herodes, para que se cumpliera lo que el Se\u00f1or hab\u00eda anunciado por medio del Profeta: \u00abDesde Egipto llam\u00e9 a mi hijo\u00bb.<br>Al verse enga\u00f1ado por los magos, Herodes se enfureci\u00f3 y mand\u00f3 matar, en Bel\u00e9n y sus alrededores, a todos los ni\u00f1os menores de dos a\u00f1os, de acuerdo con la fecha que los magos le hab\u00edan indicado.<br>As\u00ed se cumpli\u00f3 lo que hab\u00eda sido anunciado por el profeta Jerem\u00edas: \u00abEn Ram\u00e1 se oy\u00f3 una voz, hubo l\u00e1grimas y gemidos: es Raquel, que llora a sus hijos y no quiere que la consuelen, porque ya no existen\u00bb<\/em><\/strong><em>.<\/em><\/p>\n\n\n\n<figure class=\"wp-block-image size-full\"><img loading=\"lazy\" decoding=\"async\" width=\"320\" height=\"426\" src=\"https:\/\/menesianosoy.org\/wp-content\/uploads\/2024\/12\/migrantes.png\" alt=\"\" class=\"wp-image-18952\" srcset=\"https:\/\/menesianosoy.org\/wp-content\/uploads\/2024\/12\/migrantes.png 320w, https:\/\/menesianosoy.org\/wp-content\/uploads\/2024\/12\/migrantes-225x300.png 225w\" sizes=\"auto, (max-width: 320px) 85vw, 320px\" \/><\/figure>\n\n\n\n<p class=\"has-text-align-left\">Todo el relato de los Magos, que vinieron de tierras lejanas, como la crueldad de Herodes (y sus colaboradores los sacerdotes del Templo) no tiene valor hist\u00f3rico. Solo un punto ha de tomarse en serio: La tradici\u00f3n que indica la estancia de Jes\u00fas en Egipto y trabaj\u00f3 all\u00ed de adulto, cosa que podr\u00eda tener un n\u00facleo de verdad, basada en el juda\u00edsmo tard\u00edo (los rabinos: Josu\u00e9-ben- Peragchja (bSanh 107b) y Ben. Stada (bSahab 104b); cf P. Billerbeck I,84s). Seg\u00fan Or\u00edgenes (Celso,128-30), Jes\u00fas huy\u00f3 de ni\u00f1o a Egipto y trabaj\u00f3 all\u00ed como jornalero (U. Luz).<br><br>En todo caso, la Iglesia nos ha conservado una antiqu\u00edsima tradici\u00f3n seg\u00fan la cual Jes\u00fas fue, desde la infancia, un emigrante \u201csospechoso\u201d. Se sabe que la \u201c\u00e1nach\u00f3resis\u201d (fuga a los desiertos de Egipto) era, desde los lejanos tiempos de los faraones, la huida de los campesinos y otras gentes marginales a los desiertos, para escapar de la presi\u00f3n fiscal, del servicio militar o de otras obligaciones. Era pues un \u201cestado de ilegalidad\u201d (H. Henne; M. Naldini; A. Piganiol).<br><br>Jes\u00fas, pues, fue desde su infancia un inmigrante, un perseguido, un indocumentado, que vivi\u00f3 la dureza de la vida de los \u201cexcluidos\u201d. Lo m\u00e1s espantoso es que, en el siglo XXI, estamos asistiendo a un \u201ca\u00f1o devastador\u201d para millones de ni\u00f1os, el sufrimiento del pueblo palestino, y millones de v\u00edctimas inocentes de las guerras y violencia entre pueblos\u2026 \u00a1es atroz! \u00bfY sigue siendo nuestra preocupaci\u00f3n mayor recuperar el bienestar y el lujo que ya no tenemos? \u00bfCreemos realmente en Jes\u00fas?<\/p>\n\n\n\n<h4 class=\"wp-block-heading has-text-align-left has-vivid-cyan-blue-color has-text-color has-link-color wp-elements-bbda71269ca087e6d1e39f83e98e33bb\"><br><strong>Palabras de F\u00e9li Lamennais<\/strong><\/h4>\n\n\n\n<p class=\"has-text-align-left\">\u00bf<em>C\u00f3mo puede la muerte del hombre agradar a Dios, que le ha dicho, \u2018no matar\u00e1s\u2019? Cuando la sangre del hombre corre sobre la tierra, como ofrenda a Dios, los demonios acuden a beberla y entran en aqu\u00e9l que la ha derramado. Comienza a perseguir s\u00f3lo quien pierde la esperanza de convencer y quien desespera de convencer o blasfema en su interior por el poder de la verdad, o carece \u00e9l mismo de confianza en la verdad de las doctrinas que anuncia. (Palabra de un creyente XXVIII)<\/em><\/p>\n\n\n\n<h4 class=\"wp-block-heading has-text-align-left has-vivid-cyan-blue-color has-text-color has-link-color wp-elements-df8c1712702ea6b71fd90266c2514778\"><br><strong>Chambao &#8211; Papeles mojados<\/strong><\/h4>\n\n\n\n<figure class=\"wp-block-embed is-type-video is-provider-youtube wp-block-embed-youtube wp-embed-aspect-16-9 wp-has-aspect-ratio\"><div class=\"wp-block-embed__wrapper\">\n<iframe loading=\"lazy\" title=\"Chambao - Papeles Mojados (V\u00eddeo Oficial)\" width=\"1140\" height=\"641\" src=\"https:\/\/www.youtube.com\/embed\/Oj8aNCtTHW4?feature=oembed\" frameborder=\"0\" allow=\"accelerometer; autoplay; clipboard-write; encrypted-media; gyroscope; picture-in-picture; web-share\" referrerpolicy=\"strict-origin-when-cross-origin\" allowfullscreen><\/iframe>\n<\/div><\/figure>\n\n\n\n<p>Miles de sombras<br>cada noche trae la marea.<br>Navegan cargaos de ilusiones,<br>que en la orilla se quedan.<br><br>Historias del d\u00eda al d\u00eda.<br>Historias de buena gente.<br>Se juegan la vida cansaos,<br>con hambre y un fr\u00edo que pela.<br><br>Ahogan sus penas con una candela.<br>Ponte t\u00fa en su lugar.<br>El miedo que en sus ojos refleja.<br>La mar se ech\u00f3 a llorar.<br><br>Muchos no llegan,<br>se hunden sus sue\u00f1os.<br>Papeles mojados,<br>papeles sin due\u00f1o.<br><br>Fr\u00e1giles recuerdos a la deriva<br>desgarran el alma.<br>Calados los huesos,<br>el agua lo arrastra sin esperanza.<br><br>La impotencia en su garganta<br>con sabor a sal.<br>Una bocanada de aire<br>les da otra oportunidad.<br><br>Tanta injusticia me desespera.<br>Ponte t\u00fa en su lugar.<br>El miedo que sus ojos refleja.<br>La mar se ech\u00f3 a llorar.<br><br>Muchos no llegan,<br>se hunden sus sue\u00f1os.<br>Papeles mojados,<br>papeles sin due\u00f1o.<\/p>\n\n\n\n<p class=\"has-vivid-purple-background-color has-background\"><\/p>\n\n\n\n<figure class=\"wp-block-image size-full\"><img loading=\"lazy\" decoding=\"async\" width=\"500\" height=\"888\" src=\"https:\/\/menesianosoy.org\/wp-content\/uploads\/2024\/12\/ORACION-Y-logo-25-500-p-1.jpeg\" alt=\"\" class=\"wp-image-18663\" srcset=\"https:\/\/menesianosoy.org\/wp-content\/uploads\/2024\/12\/ORACION-Y-logo-25-500-p-1.jpeg 500w, https:\/\/menesianosoy.org\/wp-content\/uploads\/2024\/12\/ORACION-Y-logo-25-500-p-1-169x300.jpeg 169w\" sizes=\"auto, (max-width: 500px) 85vw, 500px\" \/><\/figure>\n","protected":false},"excerpt":{"rendered":"<p>1841: Muerte del padre Gabriel Deshayes en Saint-Laurent-sur-S\u00e8vre. 1\u00aa Juan 1,5-2,2Salmo 123, 2-5. 7-8 Evangelio: Mateo 2, 13-18 Despu\u00e9s de la partida de los magos, el \u00c1ngel del Se\u00f1or se apareci\u00f3 en sue\u00f1os a Jos\u00e9 y le dijo:Lev\u00e1ntate, toma al ni\u00f1o y a su madre, huye a Egipto y permanece all\u00ed hasta que yo te &hellip; <a href=\"https:\/\/menesianosoy.org\/index.php\/2024\/12\/19\/los-santos-inocentes-3\/\" class=\"more-link\">Continue reading<span class=\"screen-reader-text\"> \u00abLos Santos Inocentes\u00bb<\/span><\/a><\/p>\n","protected":false},"author":3,"featured_media":0,"comment_status":"closed","ping_status":"closed","sticky":false,"template":"","format":"standard","meta":{"_acf_changed":false,"footnotes":""},"categories":[9],"tags":[],"class_list":["post-18940","post","type-post","status-publish","format-standard","hentry","category-evangelio"],"acf":[],"_links":{"self":[{"href":"https:\/\/menesianosoy.org\/index.php\/wp-json\/wp\/v2\/posts\/18940","targetHints":{"allow":["GET"]}}],"collection":[{"href":"https:\/\/menesianosoy.org\/index.php\/wp-json\/wp\/v2\/posts"}],"about":[{"href":"https:\/\/menesianosoy.org\/index.php\/wp-json\/wp\/v2\/types\/post"}],"author":[{"embeddable":true,"href":"https:\/\/menesianosoy.org\/index.php\/wp-json\/wp\/v2\/users\/3"}],"replies":[{"embeddable":true,"href":"https:\/\/menesianosoy.org\/index.php\/wp-json\/wp\/v2\/comments?post=18940"}],"version-history":[{"count":8,"href":"https:\/\/menesianosoy.org\/index.php\/wp-json\/wp\/v2\/posts\/18940\/revisions"}],"predecessor-version":[{"id":18965,"href":"https:\/\/menesianosoy.org\/index.php\/wp-json\/wp\/v2\/posts\/18940\/revisions\/18965"}],"wp:attachment":[{"href":"https:\/\/menesianosoy.org\/index.php\/wp-json\/wp\/v2\/media?parent=18940"}],"wp:term":[{"taxonomy":"category","embeddable":true,"href":"https:\/\/menesianosoy.org\/index.php\/wp-json\/wp\/v2\/categories?post=18940"},{"taxonomy":"post_tag","embeddable":true,"href":"https:\/\/menesianosoy.org\/index.php\/wp-json\/wp\/v2\/tags?post=18940"}],"curies":[{"name":"wp","href":"https:\/\/api.w.org\/{rel}","templated":true}]}}