{"id":18971,"date":"2024-12-19T17:01:01","date_gmt":"2024-12-19T20:01:01","guid":{"rendered":"https:\/\/menesianosoy.org\/?p=18971"},"modified":"2024-12-19T17:12:39","modified_gmt":"2024-12-19T20:12:39","slug":"sagrada-familia-de-jesus","status":"publish","type":"post","link":"https:\/\/menesianosoy.org\/index.php\/2024\/12\/19\/sagrada-familia-de-jesus\/","title":{"rendered":"Sagrada Familia de Jes\u00fas"},"content":{"rendered":"\n<p class=\"has-text-align-left\"><strong><em>1\u00ba Samuel 1, 20-22. 24-28<br>Salmo 79, 2-3. 15-16. 18-19<br>1\u00aa Juan 3, 1-2. 21-24<\/em><\/strong><\/p>\n\n\n\n<h4 class=\"wp-block-heading has-text-align-left has-vivid-cyan-blue-color has-text-color has-link-color wp-elements-c20fa58592e7b0e72142a493ff80a4b1\"><br><strong>Evangelio: Lucas 2, 41-52<\/strong><\/h4>\n\n\n\n<p class=\"has-text-align-left\"><strong><em>Los padres de Jes\u00fas iban todos los a\u00f1os a Jerusal\u00e9n en la fiesta de la Pascua.<br>Cuando el ni\u00f1o cumpli\u00f3 doce a\u00f1os, subieron como de costumbre, y acabada la fiesta, Mar\u00eda y Jos\u00e9 regresaron, pero Jes\u00fas permaneci\u00f3 en Jerusal\u00e9n sin que ellos se dieran cuenta.<br>Creyendo que estaba en la caravana, caminaron todo un d\u00eda y despu\u00e9s comenzaron a buscarlo entre los parientes y conocidos. Como no lo encontraron, volvieron a Jerusal\u00e9n en busca de \u00e9l. Al tercer d\u00eda, lo hallaron en el Templo en medio de los doctores de la Ley, escuch\u00e1ndolos y haci\u00e9ndoles preguntas.<br>Todos los que los o\u00edan estaban asombrados de su inteligencia y sus respuestas.<br>Al ver, sus padres quedaron maravillados y su madre le dijo: Hijo m\u00edo, \u00bfpor qu\u00e9 nos has hecho esto? Piensa que tu padre y yo te busc\u00e1bamos angustiados.<br>Jes\u00fas les respondi\u00f3: \u00bfPor qu\u00e9 me buscaban? \u00bfNo sab\u00edan que yo debo ocuparme de los asuntos de mi Padre?<br>Ellos no entendieron lo que les dec\u00eda.<br>\u00c9l regres\u00f3 con sus padres a Nazaret y viv\u00eda sujeto a ellos. Su madre conservaba estas cosas en su coraz\u00f3n.<br>Jes\u00fas iba creciendo en sabidur\u00eda, en estatura y en gracia, delante de Dios y de los hombres.<\/em><\/strong><\/p>\n\n\n\n<figure class=\"wp-block-image size-full\"><img loading=\"lazy\" decoding=\"async\" width=\"450\" height=\"450\" src=\"https:\/\/menesianosoy.org\/wp-content\/uploads\/2024\/12\/Sagrada-familia.jpg\" alt=\"\" class=\"wp-image-18978\" srcset=\"https:\/\/menesianosoy.org\/wp-content\/uploads\/2024\/12\/Sagrada-familia.jpg 450w, https:\/\/menesianosoy.org\/wp-content\/uploads\/2024\/12\/Sagrada-familia-300x300.jpg 300w, https:\/\/menesianosoy.org\/wp-content\/uploads\/2024\/12\/Sagrada-familia-150x150.jpg 150w\" sizes=\"auto, (max-width: 450px) 85vw, 450px\" \/><\/figure>\n\n\n\n<h4 class=\"wp-block-heading has-text-align-left has-vivid-cyan-blue-color has-text-color has-link-color wp-elements-bc7c71104c9e7421f2e8bcf01acaa937\"><br><strong>PALABRA Y REALIDAD<\/strong><\/h4>\n\n\n\n<p class=\"has-text-align-left\">Hoy la Iglesia celebra la fiesta de la Sagrada Familia, fiesta instituida por el Vaticano II, que habla de la familia como Iglesia dom\u00e9stica y nos invita a darle a la familia el lugar que tiene en nuestra historia y en nuestras historias. No tenemos familia. Somos familia. Y en esta l\u00ednea los menesianos somos llamados a vivir \u2018en modo familia\u2019.<br><br>Estamos en el Tiempo Lit\u00fargico de Navidad, en el que se leen evangelios de la infancia de Jes\u00fas. Sabemos que estos pasajes son\u00a0relatos teol\u00f3gicos y cristol\u00f3gicos, no hist\u00f3ricos (al menos como nosotros entendemos hoy la historia)<em>.<\/em>\u00a0El de hoy es el \u00faltimo de esos pasajes en Lucas y sirve de enlace con su vida apost\u00f3lica.<br><br>Por este relato sabemos que Jos\u00e9 y Mar\u00eda eran unos jud\u00edos muy piadosos, que bajaban cada a\u00f1o a Jerusal\u00e9n por la fiesta de la Pascua, a rezar en el Templo y agradecer las bendiciones de Dios. El ni\u00f1o Jes\u00fas hab\u00eda cumplido 12 a\u00f1os y era un adulto para los jud\u00edos. Para la gran peregrinaci\u00f3n, que pod\u00eda durar varios d\u00edas, sol\u00edan juntarse los del mismo pueblo y pueblos cercanos e iban en caravana.<br><br>Al emprender el viaje de regreso pronto se dan cuenta de que falta Jes\u00fas y regresan a Jerusal\u00e9n. Esa angustia se transform\u00f3 en asombro cuando, por fin, lo encontraron en el Templo escuchando y preguntando a los doctores de la Ley. El evangelista no pretende narrarnos los detalles hist\u00f3ricos del hecho, sino revelarnos anticipadamente, a la luz de la fe pascual, la identidad profunda de Jes\u00fas, el Hijo de Dios; y comunicarnos la actitud de Jes\u00fas, dedicado por completo a los asuntos de su Padre.<br><br>Pocas veces nos encontramos en el evangelio tan explicitados los sentimientos de los padres de Jes\u00fas: \u201c<em>tu padre y yo te busc\u00e1bamos angustiados\u201d. <\/em>A la angustia se suma la desorientaci\u00f3n: \u201c<em>\u00bfpor qu\u00e9 nos has tratado as\u00ed?\u201d.<\/em>Jes\u00fas se extra\u00f1a de que le buscaran. \u00c9l ten\u00eda que estar en la casa de su Padre.\u00a0<br><br>Esta escena es, desde luego, dif\u00edcil de interpretar, aunque podemos aprender mucho de ella. Aprender a no querer saberlo y comprenderlo todo; aprender a no querer agotar el misterio de Dios e intentar racionalizarlo sin m\u00e1s; aprender a acoger con delicadeza de coraz\u00f3n el despliegue de los dem\u00e1s aunque esto nos desconcierte; aprender a acompa\u00f1arnos en los procesos y no abandonar nunca; aprender a sostener al otro en los momentos de angustia, como lo hizo Jos\u00e9 con Mar\u00eda; aprender que los hijos no nos pertenecen; aprender\u2026 Mar\u00eda tampoco comprendi\u00f3 lo que acababa de pasar, y no ser\u00e1 la \u00faltima vez, pero se fio de Dios y guard\u00f3, en su coraz\u00f3n, todo lo que acababa de vivir, para poder seguir rumi\u00e1ndolo.<br><br>Lucas nos dice que, despu\u00e9s de esta escena, Jes\u00fas volvi\u00f3 a Nazaret, que vivi\u00f3 en obediencia a sus padres y sigui\u00f3 creciendo en su familia en distintas dimensiones: espiritual, f\u00edsica, intelectual, etc. Crecemos en familia, no s\u00f3lo crecen los hijos, tambi\u00e9n crecen los pap\u00e1s y cuando un miembro de la familia crece, todos crecemos.<br><br>Agradezcamos a Dios el regalo que nos ha hecho\u00a0de la familia, es la tierra en la que crecemos, con sus virtudes y defectos. Ama esa tierra y todo ser\u00e1 distinto.<\/p>\n\n\n\n<h4 class=\"wp-block-heading has-text-align-left has-vivid-cyan-blue-color has-text-color has-link-color wp-elements-306b19841bc241656aeb417f7f6e81a7\"><br><strong>LECTURA de los LAZOS<\/strong><\/h4>\n\n\n\n<p class=\"has-text-align-left\">Jes\u00fas y su familia: naci\u00f3 y vivi\u00f3 como hijo, como hijo acompa\u00f1\u00f3 a sus pap\u00e1s al Templo, creci\u00f3 en la fe religiosa de ellos, mam\u00f3 de su familia el valor del trabajo y de la cotidianeidad, aprendi\u00f3 a observar la naturaleza y a leer la presencia de Dios en ella, vivi\u00f3 el valor del otro y en especial del necesitado, supo hacerse pr\u00f3ximo y aprendi\u00f3 a rezar en familia, memoriz\u00f3 salmos y textos de la Tor\u00e1, escuch\u00f3 interpretaciones de estos en la sinagoga, en el Templo y seguramente en su casa, tambi\u00e9n rumi\u00f3 lo que a \u00e9l le dec\u00edan, descubri\u00f3 incoherencias en la Ley y en las actitudes de los maestros. Am\u00f3 su tierra, am\u00f3 su familia, am\u00f3 su historia.<\/p>\n\n\n\n<h4 class=\"wp-block-heading has-text-align-left has-vivid-cyan-blue-color has-text-color has-link-color wp-elements-b48f80707808666562ea9c79503e27e0\"><br><strong>PALABRAS DE JUAN MAR\u00cdA<\/strong><\/h4>\n\n\n\n<p class=\"has-text-align-left\"><img loading=\"lazy\" decoding=\"async\" width=\"150\" height=\"183\" class=\"wp-image-16098\" style=\"width: 150px;\" src=\"https:\/\/menesianosoy.org\/wp-content\/uploads\/2024\/09\/juanmaria.png\" alt=\"\" srcset=\"https:\/\/menesianosoy.org\/wp-content\/uploads\/2024\/09\/juanmaria.png 450w, https:\/\/menesianosoy.org\/wp-content\/uploads\/2024\/09\/juanmaria-246x300.png 246w\" sizes=\"auto, (max-width: 150px) 85vw, 150px\" \/><br><em>Lamento que el momento de volver a vernos se atrase un poco, cuando vuelva, ir\u00e9 a pasar algunos d\u00edas con ustedes, quisiera ya estar ah\u00ed, porque \u00bfd\u00f3nde se est\u00e1 mejor que en el seno de la familia? Mis peque\u00f1as sobrinas, mis peque\u00f1os sobrinos habr\u00e1n crecido mucho y ser\u00e1n muy buenos. (Carta a \u00c1ngel Blaise, 11-VIII-1814)<\/em><\/p>\n\n\n\n<h4 class=\"wp-block-heading has-text-align-left has-vivid-cyan-blue-color has-text-color has-link-color wp-elements-4fcd774a6b6065ce29e7b64a95c7dd7c\"><br><strong>Somos familia menesiana<\/strong><\/h4>\n\n\n\n<figure class=\"wp-block-embed is-type-video is-provider-youtube wp-block-embed-youtube wp-embed-aspect-4-3 wp-has-aspect-ratio\"><div class=\"wp-block-embed__wrapper\">\n<iframe loading=\"lazy\" title=\"Somos Familia menesiana\" width=\"1140\" height=\"855\" src=\"https:\/\/www.youtube.com\/embed\/sDC_nPjOi1o?feature=oembed\" frameborder=\"0\" allow=\"accelerometer; autoplay; clipboard-write; encrypted-media; gyroscope; picture-in-picture; web-share\" referrerpolicy=\"strict-origin-when-cross-origin\" allowfullscreen><\/iframe>\n<\/div><\/figure>\n\n\n\n<p class=\"has-text-align-left\">Somos familia menesiana\u00a0<br>que quiere seguir a Jes\u00fas.<br>Con alegr\u00eda anunciar su Palabra<br>a los sedientos de un agua nueva.<br><br>Por eso estamos aqu\u00ed, la la la la.<br>Conmigo puedes contar, la la la la.<br>Y dejar\u00e9 mi equipaje a un lado\u00a0<br>para tener bien abiertas las manos<br>y el coraz\u00f3n lleno de paz.<br><br>Somos ciudadanos de un mundo<br>que fue creado como casa de todos,<br>como el hogar de una gran familia<br>donde todos vivimos en paz.<\/p>\n\n\n\n<p class=\"has-vivid-purple-background-color has-background\"><\/p>\n\n\n\n<figure class=\"wp-block-image size-full\"><img loading=\"lazy\" decoding=\"async\" width=\"500\" height=\"888\" src=\"https:\/\/menesianosoy.org\/wp-content\/uploads\/2024\/12\/ORACION-Y-logo-25-500-p-1.jpeg\" alt=\"\" class=\"wp-image-18663\" srcset=\"https:\/\/menesianosoy.org\/wp-content\/uploads\/2024\/12\/ORACION-Y-logo-25-500-p-1.jpeg 500w, https:\/\/menesianosoy.org\/wp-content\/uploads\/2024\/12\/ORACION-Y-logo-25-500-p-1-169x300.jpeg 169w\" sizes=\"auto, (max-width: 500px) 85vw, 500px\" \/><\/figure>\n","protected":false},"excerpt":{"rendered":"<p>1\u00ba Samuel 1, 20-22. 24-28Salmo 79, 2-3. 15-16. 18-191\u00aa Juan 3, 1-2. 21-24 Evangelio: Lucas 2, 41-52 Los padres de Jes\u00fas iban todos los a\u00f1os a Jerusal\u00e9n en la fiesta de la Pascua.Cuando el ni\u00f1o cumpli\u00f3 doce a\u00f1os, subieron como de costumbre, y acabada la fiesta, Mar\u00eda y Jos\u00e9 regresaron, pero Jes\u00fas permaneci\u00f3 en Jerusal\u00e9n &hellip; <a href=\"https:\/\/menesianosoy.org\/index.php\/2024\/12\/19\/sagrada-familia-de-jesus\/\" class=\"more-link\">Continue reading<span class=\"screen-reader-text\"> \u00abSagrada Familia de Jes\u00fas\u00bb<\/span><\/a><\/p>\n","protected":false},"author":3,"featured_media":0,"comment_status":"closed","ping_status":"closed","sticky":false,"template":"","format":"standard","meta":{"_acf_changed":false,"footnotes":""},"categories":[9],"tags":[],"class_list":["post-18971","post","type-post","status-publish","format-standard","hentry","category-evangelio"],"acf":[],"_links":{"self":[{"href":"https:\/\/menesianosoy.org\/index.php\/wp-json\/wp\/v2\/posts\/18971","targetHints":{"allow":["GET"]}}],"collection":[{"href":"https:\/\/menesianosoy.org\/index.php\/wp-json\/wp\/v2\/posts"}],"about":[{"href":"https:\/\/menesianosoy.org\/index.php\/wp-json\/wp\/v2\/types\/post"}],"author":[{"embeddable":true,"href":"https:\/\/menesianosoy.org\/index.php\/wp-json\/wp\/v2\/users\/3"}],"replies":[{"embeddable":true,"href":"https:\/\/menesianosoy.org\/index.php\/wp-json\/wp\/v2\/comments?post=18971"}],"version-history":[{"count":8,"href":"https:\/\/menesianosoy.org\/index.php\/wp-json\/wp\/v2\/posts\/18971\/revisions"}],"predecessor-version":[{"id":18984,"href":"https:\/\/menesianosoy.org\/index.php\/wp-json\/wp\/v2\/posts\/18971\/revisions\/18984"}],"wp:attachment":[{"href":"https:\/\/menesianosoy.org\/index.php\/wp-json\/wp\/v2\/media?parent=18971"}],"wp:term":[{"taxonomy":"category","embeddable":true,"href":"https:\/\/menesianosoy.org\/index.php\/wp-json\/wp\/v2\/categories?post=18971"},{"taxonomy":"post_tag","embeddable":true,"href":"https:\/\/menesianosoy.org\/index.php\/wp-json\/wp\/v2\/tags?post=18971"}],"curies":[{"name":"wp","href":"https:\/\/api.w.org\/{rel}","templated":true}]}}