{"id":19105,"date":"2024-12-29T11:56:33","date_gmt":"2024-12-29T14:56:33","guid":{"rendered":"https:\/\/menesianosoy.org\/?p=19105"},"modified":"2025-01-01T12:04:46","modified_gmt":"2025-01-01T15:04:46","slug":"santos-basilio-magno-y-gregorio-nacianceno-4","status":"publish","type":"post","link":"https:\/\/menesianosoy.org\/index.php\/2024\/12\/29\/santos-basilio-magno-y-gregorio-nacianceno-4\/","title":{"rendered":"Santos Basilio Magno y Gregorio Nacianceno"},"content":{"rendered":"\n<p class=\"has-text-align-left\"><strong><em>2000 &#8211; Salen de Roma los cuatro primeros Hermanos con destino a Indonesia<\/em><\/strong>: <strong><em>Oscar Ruiz, Nicol\u00e1s Mediavilla, Stephan Le Pape y Daniel Lefr\u00e8re.<\/em><\/strong><\/p>\n\n\n\n<h4 class=\"wp-block-heading has-text-align-left has-vivid-red-color has-text-color has-link-color wp-elements-5c226fa2351cf2bbbf02554cdf6cc1f5\"><br><strong><em>Oraci\u00f3n:<\/em><\/strong><\/h4>\n\n\n\n<p class=\"has-text-align-left\"><strong><em>Padre bueno,<br>te doy gracias por la vida,<br>regalo de tu amor.<br>Haz que la comparta con todos:<br>con mis hermanos, con mi familia,<br>con mis amigos,<br>tejiendo lazos como lo hizo Jes\u00fas.<br>Env\u00edame tu Esp\u00edritu Santo<br>para descubrir lo que quieres de m\u00ed.<br>Hazme cada d\u00eda m\u00e1s parecido a tu Hijo:<br>que sus sentimientos sean mis sentimientos,<br>que sus pensamientos<br>sean mis pensamientos,<br>que su proyecto sea mi proyecto,<br>que ame como \u00c9l am\u00f3.<br>Como a Mar\u00eda, Padre Bueno,<br>conc\u00e9denos a todos<br>un coraz\u00f3n d\u00f3cil a tu Palabra. Am\u00e9n<\/em><\/strong><\/p>\n\n\n\n<h4 class=\"wp-block-heading has-text-align-left has-vivid-red-color has-text-color has-link-color wp-elements-d8ab20fdebaef8855552afa8a761c20f\"><br><em><strong>Intenciones:<\/strong> <\/em>&nbsp; <\/h4>\n\n\n\n<ul class=\"wp-block-list\">\n<li>Por nuestros Hermanos y laicos misioneros.<\/li>\n\n\n\n<li>Por las vocaciones en nuestro Distrito y la casa de formaci\u00f3n de El Alto.<\/li>\n\n\n\n<li>Por el retiro de Hermanos y laicos que comienza hoy en Bialet Mass\u00e9.<\/li>\n\n\n\n<li>Por el pr\u00f3ximo Cap\u00edtulo de Distrito.<\/li>\n\n\n\n<li>Por la profesi\u00f3n perpetua de nuestro hermano Walter.<\/li>\n\n\n\n<li>Por la familia menesiana del Dionisio D\u00edaz de Maldonado 8Uruguay) y la comunidad de Larantuka (Indonesia).<\/li>\n<\/ul>\n\n\n\n<h4 class=\"wp-block-heading has-text-align-left has-vivid-red-color has-text-color has-link-color wp-elements-40b0f466bce7809be47941253160c585\"><br><strong><em>Nueva Regla de Vida n\u00ba 1a:<\/em><\/strong><\/h4>\n\n\n\n<p class=\"has-text-align-left\">La Congregaci\u00f3n de los Hermanos de la Instrucci\u00f3n Cristiana de Plo\u00ebrmel es un Instituto religioso de Hermanos, de derecho pontificio. Fue fundada por Juan Mar\u00eda Robert de la Mennais y Gabriel Deshayes. El 6 de junio de 1819, en el Tratado de Uni\u00f3n, los dos fundadores en Saint-Brieuc sientan las bases de la naciente Congregaci\u00f3n. En septiembre de 1820, en el retiro de Auray, recibe su forma definitiva por medio de su nombre, su regla y su divisa.<\/p>\n\n\n\n<h4 class=\"wp-block-heading has-text-align-left has-vivid-red-color has-text-color has-link-color wp-elements-32f03347068ad4f4036b991069e8af1b\"><br><strong><em>P. Gabriel Deshayes:<\/em><\/strong><\/h4>\n\n\n\n<p class=\"has-text-align-left\"><em>Den gracias sin cesar a Dios por sus beneficios y que su agradecimiento y su piedad sean un poderoso motivo para que su bondad se sienta comprometida en procurar a su peque\u00f1a sociedad todas las gracias que necesita para realizar, en toda su amplitud, el fin al que la llama.<\/em><\/p>\n\n\n\n<h4 class=\"wp-block-heading has-text-align-left has-vivid-red-color has-text-color has-link-color wp-elements-091d67905dea06f3113f3a6fdf5f878b\"><br><strong><em>Difuntos:<\/em><\/strong><\/h4>\n\n\n\n<p class=\"has-text-align-left\">1955: <strong>Julien-Marie Bertho<\/strong> (Dominique-Julien): Nacido en Guehenno (Morbihan) en 1874. Fue uno de los primeros Hermanos que llegaron a Lujua en 1903. Pas\u00f3 gran parte de su vida en Nanclares. Muri\u00f3 en Josselin a los 80 a\u00f1os.<br>1973:&nbsp; Mathurin Guillot (Honor\u00e9)<br>1976: Henri Deneau (Adrien)<br>1994: Charles Godfrey Kakinda et Fran\u00e7ois Miniou (Alexis-Marie)<br>1996: Maurice Tessier (Lucien-Marie)<br>2001: Jean Lemarchand (Daniel-Andr\u00e9)<br>2009: Fran\u00e7ois Ropars (Gr\u00e9goire-Yves)<\/p>\n","protected":false},"excerpt":{"rendered":"<p>2000 &#8211; Salen de Roma los cuatro primeros Hermanos con destino a Indonesia: Oscar Ruiz, Nicol\u00e1s Mediavilla, Stephan Le Pape y Daniel Lefr\u00e8re. Oraci\u00f3n: Padre bueno,te doy gracias por la vida,regalo de tu amor.Haz que la comparta con todos:con mis hermanos, con mi familia,con mis amigos,tejiendo lazos como lo hizo Jes\u00fas.Env\u00edame tu Esp\u00edritu Santopara descubrir &hellip; <a href=\"https:\/\/menesianosoy.org\/index.php\/2024\/12\/29\/santos-basilio-magno-y-gregorio-nacianceno-4\/\" class=\"more-link\">Continue reading<span class=\"screen-reader-text\"> \u00abSantos Basilio Magno y Gregorio Nacianceno\u00bb<\/span><\/a><\/p>\n","protected":false},"author":3,"featured_media":0,"comment_status":"closed","ping_status":"closed","sticky":false,"template":"","format":"standard","meta":{"_acf_changed":false,"footnotes":""},"categories":[3],"tags":[],"class_list":["post-19105","post","type-post","status-publish","format-standard","hentry","category-calendario"],"acf":[],"_links":{"self":[{"href":"https:\/\/menesianosoy.org\/index.php\/wp-json\/wp\/v2\/posts\/19105","targetHints":{"allow":["GET"]}}],"collection":[{"href":"https:\/\/menesianosoy.org\/index.php\/wp-json\/wp\/v2\/posts"}],"about":[{"href":"https:\/\/menesianosoy.org\/index.php\/wp-json\/wp\/v2\/types\/post"}],"author":[{"embeddable":true,"href":"https:\/\/menesianosoy.org\/index.php\/wp-json\/wp\/v2\/users\/3"}],"replies":[{"embeddable":true,"href":"https:\/\/menesianosoy.org\/index.php\/wp-json\/wp\/v2\/comments?post=19105"}],"version-history":[{"count":12,"href":"https:\/\/menesianosoy.org\/index.php\/wp-json\/wp\/v2\/posts\/19105\/revisions"}],"predecessor-version":[{"id":19300,"href":"https:\/\/menesianosoy.org\/index.php\/wp-json\/wp\/v2\/posts\/19105\/revisions\/19300"}],"wp:attachment":[{"href":"https:\/\/menesianosoy.org\/index.php\/wp-json\/wp\/v2\/media?parent=19105"}],"wp:term":[{"taxonomy":"category","embeddable":true,"href":"https:\/\/menesianosoy.org\/index.php\/wp-json\/wp\/v2\/categories?post=19105"},{"taxonomy":"post_tag","embeddable":true,"href":"https:\/\/menesianosoy.org\/index.php\/wp-json\/wp\/v2\/tags?post=19105"}],"curies":[{"name":"wp","href":"https:\/\/api.w.org\/{rel}","templated":true}]}}