{"id":19226,"date":"2024-12-30T12:56:27","date_gmt":"2024-12-30T15:56:27","guid":{"rendered":"https:\/\/menesianosoy.org\/?p=19226"},"modified":"2024-12-31T15:59:52","modified_gmt":"2024-12-31T18:59:52","slug":"epifania-del-senor-4","status":"publish","type":"post","link":"https:\/\/menesianosoy.org\/index.php\/2024\/12\/30\/epifania-del-senor-4\/","title":{"rendered":"Epifan\u00eda del Se\u00f1or"},"content":{"rendered":"\n<h4 class=\"wp-block-heading has-text-align-left has-vivid-red-color has-text-color has-link-color wp-elements-b975b6f614943690c645dde5eb9ee26c\"><br>Oraci\u00f3n:<\/h4>\n\n\n\n<p class=\"has-text-align-left\"><strong><em>Te ofrezco, \u00a1oh Dios!<br>mi fortuna, mi tiempo, mi libertad,<br>mi reputaci\u00f3n, mi cuerpo,<br>mi alma, mi vida;<br>me entrego todo, s\u00ed todo, sin excepci\u00f3n.<br>Disp\u00f3n pues de m\u00ed<br>y de todo lo que es m\u00edo,<br>seg\u00fan te plazca.<br>Yo no tengo ahora otro pensamiento,<br>otro deseo,<br>que el de contribuir a tu gloria<br>seg\u00fan la medida completa<br>de mis medios y mis fuerzas. (Juan Mar\u00eda)<\/em><\/strong><\/p>\n\n\n\n<h4 class=\"wp-block-heading has-text-align-left has-vivid-red-color has-text-color has-link-color wp-elements-92213977f2b54be218dbbd2d511e87f3\"><br><strong>Intenciones<\/strong>:<\/h4>\n\n\n\n<ul class=\"wp-block-list\">\n<li>Por el retiro de hermanos y laicos en Bialet Mass\u00e9.<\/li>\n\n\n\n<li>Por la preparaci\u00f3n del Cap\u00edtulo de Distrito 2025.<\/li>\n\n\n\n<li>Por la comunidad del centro educativo San Dami\u00e1n de Villa G. G\u00e1lvez y la comunidad de Rennes (Francia).<\/li>\n\n\n\n<li>Por los miembros de LAM y sus actividades como Asociaci\u00f3n.<\/li>\n\n\n\n<li>Por la preparaci\u00f3n a la profesi\u00f3n perpetua del H. Walter.<\/li>\n<\/ul>\n\n\n\n<h4 class=\"wp-block-heading has-text-align-left has-vivid-red-color has-text-color has-link-color wp-elements-bfc9c131c9625090e8b283ba054ed622\"><br><strong>Nueva Regla de Vida n\u00ba 3a<\/strong><\/h4>\n\n\n\n<p class=\"has-text-align-left\">El esp\u00edritu del Instituto es un esp\u00edritu de fe y de caridad, de abnegaci\u00f3n y de humildad. El lema del Instituto es &#8216;DIOS SOLO&#8217;.<\/p>\n\n\n\n<h4 class=\"wp-block-heading has-text-align-left has-vivid-red-color has-text-color has-link-color wp-elements-ba9fee2fdd956a82f05483dcee004d84\"><br><strong>A los grupos de j\u00f3venes, serm\u00f3n sobre Epifan\u00eda<\/strong>:<\/h4>\n\n\n\n<p class=\"has-text-align-left\"><em>Observen qu\u00e9 viva es la fe de los Magos, cu\u00e1n pronta su obediencia a la voluntad de Dios. Tan pronto como son informados de lo que el Se\u00f1or les pide, nada los detiene.<\/em><\/p>\n\n\n\n<h4 class=\"wp-block-heading has-text-align-left has-vivid-red-color has-text-color has-link-color wp-elements-09ca2e751e021d3cea44fa6563946cc1\"><br><strong>Difuntos:<\/strong><\/h4>\n\n\n\n<p class=\"has-text-align-left\">1957: H. Jean-Joseph Quirion, Superior General (1909-1933)<br>1972: Henri Paquin (Wilfrid- Joseph)<br>1973: Philipe Morin (Joseph-Gabriel)<br>1986: Melaine Rouxel (Melaine-Ernest)<br>1997: Alfred Lafreni\u00e8re (Florien-Marie)<br>1998: Alexandre Jubier (Lucien-Louis)<br>2011: Doris Galarneau (Augustin\u2013Charles)<br>2019: Gaston Roy (Georges-Andr\u00e9). Asistente General (1982-1988)<\/p>\n","protected":false},"excerpt":{"rendered":"<p>Oraci\u00f3n: Te ofrezco, \u00a1oh Dios!mi fortuna, mi tiempo, mi libertad,mi reputaci\u00f3n, mi cuerpo,mi alma, mi vida;me entrego todo, s\u00ed todo, sin excepci\u00f3n.Disp\u00f3n pues de m\u00edy de todo lo que es m\u00edo,seg\u00fan te plazca.Yo no tengo ahora otro pensamiento,otro deseo,que el de contribuir a tu gloriaseg\u00fan la medida completade mis medios y mis fuerzas. (Juan Mar\u00eda) &hellip; <a href=\"https:\/\/menesianosoy.org\/index.php\/2024\/12\/30\/epifania-del-senor-4\/\" class=\"more-link\">Continue reading<span class=\"screen-reader-text\"> \u00abEpifan\u00eda del Se\u00f1or\u00bb<\/span><\/a><\/p>\n","protected":false},"author":3,"featured_media":0,"comment_status":"closed","ping_status":"closed","sticky":false,"template":"","format":"standard","meta":{"_acf_changed":false,"footnotes":""},"categories":[3],"tags":[],"class_list":["post-19226","post","type-post","status-publish","format-standard","hentry","category-calendario"],"acf":[],"_links":{"self":[{"href":"https:\/\/menesianosoy.org\/index.php\/wp-json\/wp\/v2\/posts\/19226","targetHints":{"allow":["GET"]}}],"collection":[{"href":"https:\/\/menesianosoy.org\/index.php\/wp-json\/wp\/v2\/posts"}],"about":[{"href":"https:\/\/menesianosoy.org\/index.php\/wp-json\/wp\/v2\/types\/post"}],"author":[{"embeddable":true,"href":"https:\/\/menesianosoy.org\/index.php\/wp-json\/wp\/v2\/users\/3"}],"replies":[{"embeddable":true,"href":"https:\/\/menesianosoy.org\/index.php\/wp-json\/wp\/v2\/comments?post=19226"}],"version-history":[{"count":7,"href":"https:\/\/menesianosoy.org\/index.php\/wp-json\/wp\/v2\/posts\/19226\/revisions"}],"predecessor-version":[{"id":19239,"href":"https:\/\/menesianosoy.org\/index.php\/wp-json\/wp\/v2\/posts\/19226\/revisions\/19239"}],"wp:attachment":[{"href":"https:\/\/menesianosoy.org\/index.php\/wp-json\/wp\/v2\/media?parent=19226"}],"wp:term":[{"taxonomy":"category","embeddable":true,"href":"https:\/\/menesianosoy.org\/index.php\/wp-json\/wp\/v2\/categories?post=19226"},{"taxonomy":"post_tag","embeddable":true,"href":"https:\/\/menesianosoy.org\/index.php\/wp-json\/wp\/v2\/tags?post=19226"}],"curies":[{"name":"wp","href":"https:\/\/api.w.org\/{rel}","templated":true}]}}