{"id":19381,"date":"2025-01-06T12:03:03","date_gmt":"2025-01-06T15:03:03","guid":{"rendered":"https:\/\/menesianosoy.org\/?p=19381"},"modified":"2025-01-10T22:37:24","modified_gmt":"2025-01-11T01:37:24","slug":"santo-tomas-de-cori-2","status":"publish","type":"post","link":"https:\/\/menesianosoy.org\/index.php\/2025\/01\/06\/santo-tomas-de-cori-2\/","title":{"rendered":"Santo Tom\u00e1s de Cori"},"content":{"rendered":"\n<p><strong><em>1815 &#8211; El Padre de la Mennais es nombrado Vicario capitular de Saint Brieuc<\/em><\/strong><\/p>\n\n\n\n<h5 class=\"wp-block-heading has-text-align-left has-luminous-vivid-orange-color has-text-color has-link-color wp-elements-20fb4cdf218d93e196e4e10d9effdab0\"><br><strong>Liturgia de las horas: Rezamos con el tema IM\u00c1GENES DE JESUCRISTO.<\/strong><\/h5>\n\n\n\n<h4 class=\"wp-block-heading has-text-align-left has-vivid-red-color has-text-color has-link-color wp-elements-1af8d1655da0d118c0bb0f37d65ec17b\"><br><strong>Intenciones:<\/strong> &nbsp; <\/h4>\n\n\n\n<ul class=\"wp-block-list\">\n<li>Por los novicios de la Congregaci\u00f3n.<\/li>\n\n\n\n<li>Por el cumplea\u00f1os de <strong>Kevin Jarol Mamani<\/strong> <strong>Uchani<\/strong>, joven de la comunidad de El Alto.<\/li>\n\n\n\n<li>Por la preparaci\u00f3n a la profesi\u00f3n perpetua del H. <strong>Walter<\/strong>.<\/li>\n\n\n\n<li>Por nuestro pr\u00f3ximo Cap\u00edtulo de Distrito.<\/li>\n\n\n\n<li>Por la familia menesiana del colegio Nuestra Se\u00f1ora del Rosario de Bialet Mass\u00e9 y la comunidad de Santo Domingo de la Calzada (Espa\u00f1a). <\/li>\n<\/ul>\n\n\n\n<h4 class=\"wp-block-heading has-text-align-left has-vivid-red-color has-text-color has-link-color wp-elements-328c90bb13ed0f89aa3df63b189b1d23\"><br><strong>REGLA DE VIDA N\u00ba 5<\/strong><\/h4>\n\n\n\n<p class=\"has-text-align-left\">Como beneficiario del amor gratuito de Dios, el Hermano se esfuerza por crecer en la caridad. Ama a su familia religiosa, cuyos miembros no quieren ser \u00abm\u00e1s que un solo coraz\u00f3n y una sola alma \u00bb A imagen del amor de Cristo a los hombres, su caridad es atenta con todos, creativa y respetuosa, sin esperar beneficio ni reconocimiento.<\/p>\n\n\n\n<h4 class=\"wp-block-heading has-text-align-left has-vivid-red-color has-text-color has-link-color wp-elements-5d592a7ebb38e62dc7821a3cd2ce0717\"><br><strong>A los Hermanos, serm\u00f3n sobre la humildad\u201d<\/strong><\/h4>\n\n\n\n<p class=\"has-text-align-left\"><em>Entiendan bien que su gloria es hacer cristianos de estos ni\u00f1os que no pueden serlo sino en la medida en que se lo ense\u00f1en, no con sus discursos sino con sus ejemplos, a ser humildes de coraz\u00f3n.<\/em><\/p>\n\n\n\n<h4 class=\"wp-block-heading has-text-align-left has-vivid-red-color has-text-color has-link-color wp-elements-09ca2e751e021d3cea44fa6563946cc1\"><br><strong>Difuntos:<\/strong><\/h4>\n\n\n\n<p class=\"has-text-align-left\">1976:\u00a0Jean Le Brun (Jean-Louis)<br>1986:\u00a0Bernard Tr\u00e9panier (Bernard-Yves)<br>2012:\u00a0Andr\u00e9 Paquin (Jules-Andr\u00e9)<br>2024:Ren\u00e9 Ja\u00efn (Henri-Robert).<\/p>\n","protected":false},"excerpt":{"rendered":"<p>1815 &#8211; El Padre de la Mennais es nombrado Vicario capitular de Saint Brieuc Liturgia de las horas: Rezamos con el tema IM\u00c1GENES DE JESUCRISTO. Intenciones: &nbsp; REGLA DE VIDA N\u00ba 5 Como beneficiario del amor gratuito de Dios, el Hermano se esfuerza por crecer en la caridad. Ama a su familia religiosa, cuyos miembros &hellip; <a href=\"https:\/\/menesianosoy.org\/index.php\/2025\/01\/06\/santo-tomas-de-cori-2\/\" class=\"more-link\">Continue reading<span class=\"screen-reader-text\"> \u00abSanto Tom\u00e1s de Cori\u00bb<\/span><\/a><\/p>\n","protected":false},"author":3,"featured_media":0,"comment_status":"closed","ping_status":"closed","sticky":false,"template":"","format":"standard","meta":{"_acf_changed":false,"footnotes":""},"categories":[3],"tags":[],"class_list":["post-19381","post","type-post","status-publish","format-standard","hentry","category-calendario"],"acf":[],"_links":{"self":[{"href":"https:\/\/menesianosoy.org\/index.php\/wp-json\/wp\/v2\/posts\/19381","targetHints":{"allow":["GET"]}}],"collection":[{"href":"https:\/\/menesianosoy.org\/index.php\/wp-json\/wp\/v2\/posts"}],"about":[{"href":"https:\/\/menesianosoy.org\/index.php\/wp-json\/wp\/v2\/types\/post"}],"author":[{"embeddable":true,"href":"https:\/\/menesianosoy.org\/index.php\/wp-json\/wp\/v2\/users\/3"}],"replies":[{"embeddable":true,"href":"https:\/\/menesianosoy.org\/index.php\/wp-json\/wp\/v2\/comments?post=19381"}],"version-history":[{"count":11,"href":"https:\/\/menesianosoy.org\/index.php\/wp-json\/wp\/v2\/posts\/19381\/revisions"}],"predecessor-version":[{"id":19533,"href":"https:\/\/menesianosoy.org\/index.php\/wp-json\/wp\/v2\/posts\/19381\/revisions\/19533"}],"wp:attachment":[{"href":"https:\/\/menesianosoy.org\/index.php\/wp-json\/wp\/v2\/media?parent=19381"}],"wp:term":[{"taxonomy":"category","embeddable":true,"href":"https:\/\/menesianosoy.org\/index.php\/wp-json\/wp\/v2\/categories?post=19381"},{"taxonomy":"post_tag","embeddable":true,"href":"https:\/\/menesianosoy.org\/index.php\/wp-json\/wp\/v2\/tags?post=19381"}],"curies":[{"name":"wp","href":"https:\/\/api.w.org\/{rel}","templated":true}]}}