{"id":19610,"date":"2025-01-15T16:39:27","date_gmt":"2025-01-15T19:39:27","guid":{"rendered":"https:\/\/menesianosoy.org\/?p=19610"},"modified":"2025-01-18T22:30:47","modified_gmt":"2025-01-19T01:30:47","slug":"2o-domingo-durante-al-ano","status":"publish","type":"post","link":"https:\/\/menesianosoy.org\/index.php\/2025\/01\/15\/2o-domingo-durante-al-ano\/","title":{"rendered":"2\u00ba Domingo durante al a\u00f1o"},"content":{"rendered":"\n<h4 class=\"wp-block-heading has-text-align-left has-vivid-red-color has-text-color has-link-color wp-elements-192d86fab2eab9d17323cf6ab0a7d13c\"><br><strong>Oraci\u00f3n:<\/strong><\/h4>\n\n\n\n<p class=\"has-text-align-left\"><strong><em>Se\u00f1or Jes\u00fas, al comenzar el d\u00eda,<br>te ofrecemos nuestra vida entera.<br>Que el amor fraterno reine entre todos<br>los que formamos comunidad.<br>Que cada uno se sienta feliz<br>con la alegr\u00eda de los dem\u00e1s,<br>y sufra con sus penas.<br>Que todos nos prestemos ayuda mutua<br>para ir a Dios y realizar su obra cada d\u00eda.<br>Que no existan jam\u00e1s entre nosotros<br>ni contiendas ni rivalidades,<br>ni secretas envidias, ni palabras duras.<br>Aparta de nosotros, Se\u00f1or, todo lo que hiere,<br>todo lo que divide,<br>todo lo que altera la caridad.<br>Haz, Se\u00f1or, que hoy y siempre<br>intentemos ayudarnos<br>unos a otros a ser santos.<br>Que todos vivamos hoy con dulzura,<br>paciencia, humildad<br>y fidelidad a tu Palabra.<br>(Regla de 1835)<\/em><\/strong><\/p>\n\n\n\n<h4 class=\"wp-block-heading has-vivid-red-color has-text-color has-link-color wp-elements-5fba5002132485bae030c2772586d7f0\"><br><strong>Intenciones:<\/strong> &nbsp;<\/h4>\n\n\n\n<ul class=\"wp-block-list\">\n<li>Por las familias de nuestros centros educativos.<\/li>\n\n\n\n<li>Por la Familia Menesiana y, en especial, por los miembros de LAM.<\/li>\n\n\n\n<li>Por la preparaci\u00f3n para el Cap\u00edtulo de Distrito.<\/li>\n\n\n\n<li>Por la preparaci\u00f3n del H. <strong>Walter <\/strong>para la profesi\u00f3n perpetua.<\/li>\n\n\n\n<li>Por la comunidad educativa del Dionisio D\u00edaz de Maldonado.<\/li>\n<\/ul>\n\n\n\n<h4 class=\"wp-block-heading has-vivid-red-color has-text-color has-link-color wp-elements-c65872d42601f6d227e28c764491c080\"><br><strong>Nueva Regla de Vida n\u00ba 12a<\/strong><\/h4>\n\n\n\n<p class=\"has-text-align-left\">Inspir\u00e1ndose en el Evangelio y en la intuici\u00f3n de los Fundadores, transmitida y enriquecida por la tradici\u00f3n viva de la Congregaci\u00f3n, la Regla de Vida del Instituto es para cada Hermano gu\u00eda segura en el camino que ha elegido.&nbsp;<\/p>\n\n\n\n<h4 class=\"wp-block-heading has-text-align-left has-vivid-red-color has-text-color has-link-color wp-elements-3e7e4e91b3313116bf601a33fc768862\"><br><strong>Al Hno. Ambrosio Le Haiget, 17 de mayo de 1824:<\/strong><\/h4>\n\n\n\n<p class=\"has-text-align-left has-black-color has-text-color has-link-color wp-elements-ad9fa6b076c38a2c12b39db3a51bb678\"><em>Tienes demasiado miedo de no actuar bien; act\u00faa con m\u00e1s sencillez y libertad de esp\u00edritu, las cosas ir\u00e1n mejor.<\/em><\/p>\n\n\n\n<h4 class=\"wp-block-heading has-text-align-left has-vivid-red-color has-text-color has-link-color wp-elements-09ca2e751e021d3cea44fa6563946cc1\"><br><strong>Difuntos:<\/strong><\/h4>\n\n\n\n<p><img loading=\"lazy\" decoding=\"async\" width=\"108\" height=\"157\" class=\"wp-image-9098\" style=\"width: 108px;\" src=\"https:\/\/menesianosoy.org\/wp-content\/uploads\/2024\/01\/Jose-Santos.png\" alt=\"\"><br>2005: <strong>Honorio Ortega (Jos\u00e9 Santos):<\/strong> Naci\u00f3 en Valtierra de Albacastro (Burgos) en 1934. Trabaj\u00f3 en Argentina y Uruguay desde el a\u00f1o 1959 hasta su muerte en Bialet Mass\u00e9.<br><br>1967: Charles Bourel (Armel-Joseph)<br>1974: Gilbert Blouin<br>1975: Roland Laurin (Simplice-Charles)<br>1992: R\u00e9al Guay (R\u00e9al-Viateur)<br>2017: Marcel Matte (Ferdinand-Marie).<\/p>\n","protected":false},"excerpt":{"rendered":"<p>Oraci\u00f3n: Se\u00f1or Jes\u00fas, al comenzar el d\u00eda,te ofrecemos nuestra vida entera.Que el amor fraterno reine entre todoslos que formamos comunidad.Que cada uno se sienta felizcon la alegr\u00eda de los dem\u00e1s,y sufra con sus penas.Que todos nos prestemos ayuda mutuapara ir a Dios y realizar su obra cada d\u00eda.Que no existan jam\u00e1s entre nosotrosni contiendas ni &hellip; <a href=\"https:\/\/menesianosoy.org\/index.php\/2025\/01\/15\/2o-domingo-durante-al-ano\/\" class=\"more-link\">Continue reading<span class=\"screen-reader-text\"> \u00ab2\u00ba Domingo durante al a\u00f1o\u00bb<\/span><\/a><\/p>\n","protected":false},"author":3,"featured_media":0,"comment_status":"closed","ping_status":"closed","sticky":false,"template":"","format":"standard","meta":{"_acf_changed":false,"footnotes":""},"categories":[3],"tags":[],"class_list":["post-19610","post","type-post","status-publish","format-standard","hentry","category-calendario"],"acf":[],"_links":{"self":[{"href":"https:\/\/menesianosoy.org\/index.php\/wp-json\/wp\/v2\/posts\/19610","targetHints":{"allow":["GET"]}}],"collection":[{"href":"https:\/\/menesianosoy.org\/index.php\/wp-json\/wp\/v2\/posts"}],"about":[{"href":"https:\/\/menesianosoy.org\/index.php\/wp-json\/wp\/v2\/types\/post"}],"author":[{"embeddable":true,"href":"https:\/\/menesianosoy.org\/index.php\/wp-json\/wp\/v2\/users\/3"}],"replies":[{"embeddable":true,"href":"https:\/\/menesianosoy.org\/index.php\/wp-json\/wp\/v2\/comments?post=19610"}],"version-history":[{"count":8,"href":"https:\/\/menesianosoy.org\/index.php\/wp-json\/wp\/v2\/posts\/19610\/revisions"}],"predecessor-version":[{"id":19718,"href":"https:\/\/menesianosoy.org\/index.php\/wp-json\/wp\/v2\/posts\/19610\/revisions\/19718"}],"wp:attachment":[{"href":"https:\/\/menesianosoy.org\/index.php\/wp-json\/wp\/v2\/media?parent=19610"}],"wp:term":[{"taxonomy":"category","embeddable":true,"href":"https:\/\/menesianosoy.org\/index.php\/wp-json\/wp\/v2\/categories?post=19610"},{"taxonomy":"post_tag","embeddable":true,"href":"https:\/\/menesianosoy.org\/index.php\/wp-json\/wp\/v2\/tags?post=19610"}],"curies":[{"name":"wp","href":"https:\/\/api.w.org\/{rel}","templated":true}]}}