{"id":19702,"date":"2025-01-17T18:25:20","date_gmt":"2025-01-17T21:25:20","guid":{"rendered":"https:\/\/menesianosoy.org\/?p=19702"},"modified":"2025-01-19T17:46:49","modified_gmt":"2025-01-19T20:46:49","slug":"san-ildefonso-3","status":"publish","type":"post","link":"https:\/\/menesianosoy.org\/index.php\/2025\/01\/17\/san-ildefonso-3\/","title":{"rendered":"San Ildefonso"},"content":{"rendered":"\n<p class=\"has-text-align-left\"><strong>Hebreos 7, 25\u20148, 6&nbsp;&nbsp;<br>Salmo 39, 7-10.17&nbsp;&nbsp;<\/strong><\/p>\n\n\n\n<h4 class=\"wp-block-heading has-text-align-left has-vivid-red-color has-text-color has-link-color wp-elements-b1a718f89894df3d29c1d897375616ac\"><br><strong>Evangelio: Marcos 3, 7-12<\/strong><\/h4>\n\n\n\n<p class=\"has-text-align-left\"><strong><em>Jes\u00fas se retir\u00f3 con sus disc\u00edpulos a la orilla del mar, y lo sigui\u00f3 mucha gente de Galilea. Al enterarse de lo que hac\u00eda, tambi\u00e9n fue a su encuentro una gran multitud de Judea, de Jerusal\u00e9n, de Idumea, de la Transjordania y de la regi\u00f3n de Tiro y Sid\u00f3n.<br>Entonces mand\u00f3 a sus disc\u00edpulos que le prepararan una barca, para que la muchedumbre no lo apretujara, porque, como curaba a muchos, todos los que padec\u00edan alg\u00fan mal se arrojaban sobre \u00e9l para tocarlo.<br>Y los esp\u00edritus impuros, apenas lo ve\u00edan, se tiraban a sus pies, gritando: \u00a1T\u00fa eres el Hijo de Dios!<br>Pero Jes\u00fas les ordenaba terminantemente que no lo pusieran de manifiesto.<\/em><\/strong><\/p>\n\n\n\n<figure class=\"wp-block-image size-full\"><img loading=\"lazy\" decoding=\"async\" width=\"500\" height=\"341\" src=\"https:\/\/menesianosoy.org\/wp-content\/uploads\/2025\/01\/barca-1.jpg\" alt=\"\" class=\"wp-image-19724\" srcset=\"https:\/\/menesianosoy.org\/wp-content\/uploads\/2025\/01\/barca-1.jpg 500w, https:\/\/menesianosoy.org\/wp-content\/uploads\/2025\/01\/barca-1-300x205.jpg 300w\" sizes=\"auto, (max-width: 500px) 85vw, 500px\" \/><\/figure>\n\n\n\n<p class=\"has-text-align-left\">Luego de las controversias con los fariseos, tenemos a Jes\u00fas que prefiere retirarse. Multitudes lo siguen, gente que quiere al menos tocarlo para tener alivio a sus sufrimientos. Son tantos que debe subir a una barca para poder hablarles sin que se le tiren encima. \u00bfQu\u00e9 habr\u00e1n pensado los fariseos de todo esto?<br><br>Un dato curioso, pero muy importante: La gente lo busca para escucharlo y, sobre todo, curarse. Nadie lo reconoce abiertamente por lo que es. Al menos no se dice que lo hagan. Pero en cambio los esp\u00edritus, s\u00ed lo reconocen: \u201cT\u00fa eres el Hijo de Dios\u201d. El martes pasado le\u00edamos que los esp\u00edritus malignos le gritaban \u201c\u00bfqu\u00e9 quieres de nosotros\u2026\u201d; y reconoc\u00edan su identidad: \u201ct\u00fa eres el santo de Dios\u201d. Esto nos trae a cuento que no basta la fe para decirnos cristianos. Los demonios creen en Jes\u00fas, hablan con \u00e9l, pero no son ni quieren ser cristianos. Santiago en su carta dice: <em>\u201c\u00bfT\u00fa crees que hay un solo Dios? Haces bien. Los demonios tambi\u00e9n creen, y sin embargo, tiemblan\u201d<\/em> (Sant 2,19).<br><br>Somos cristianos porque seguimos a Jes\u00fas, porque imitamos sus actitudes, porque, como dice Juan Mar\u00eda, amamos lo que \u00e9l ama, despreciamos lo que \u00e9l desprecia y buscamos ser su imagen viva. No nos contentemos con creer, rezar a Jes\u00fas, participar en las ceremonias. \u00c9l mismo nos dice: <em>\u201cNo todo el que dice Se\u00f1or, Se\u00f1or, entrar\u00e1 en el Reino de los cielos, sino el que hace la voluntad de mi Padre\u201d <\/em>(Mt 7,21). (Ideas padre Osvaldo Fern\u00e1ndez)<\/p>\n\n\n\n<h4 class=\"wp-block-heading has-text-align-left has-vivid-red-color has-text-color has-link-color wp-elements-adde6e299eef5c6bf8c69700d4076ec7\"><br><strong>Palabras de Juan Mar\u00eda<\/strong><\/h4>\n\n\n\n<p class=\"has-text-align-left\"><img decoding=\"async\" class=\"wp-image-16089\" style=\"width: 150px;\" src=\"https:\/\/menesianosoy.org\/wp-content\/uploads\/2024\/09\/JMLM.png\" alt=\"\"><br><em>Cuando Dios dice que quiere nuestra santificaci\u00f3n, es como si dijera que quiere encontrar en nosotros todas las perfecciones de su Hijo, que seamos en cierto modo, en la medida que lo permita la debilidad humana, revestidos de Jesucristo, como dice el ap\u00f3stol, que sigamos a Cristo en todos sus caminos, que juzguemos de todas las cosas como \u00e9l las juzga, que amemos lo que \u00e9l ama, que despreciemos los que \u00e9l desprecia, que odiemos lo que \u00e9l odia, en una palabra, que todos nuestros pensamientos sean conformes a sus pensamientos y que seamos su imagen viva. (Serm\u00f3n 575 sobre la perfecci\u00f3n)<\/em><\/p>\n\n\n\n<h4 class=\"wp-block-heading has-text-align-left has-vivid-red-color has-text-color has-link-color wp-elements-901d25ebec5aacb78761006786e3b962\"><br><strong>Dejando huellas \u2013 Tere Larrain<\/strong><\/h4>\n\n\n\n<figure class=\"wp-block-embed is-type-video is-provider-youtube wp-block-embed-youtube wp-embed-aspect-4-3 wp-has-aspect-ratio\"><div class=\"wp-block-embed__wrapper\">\n<iframe loading=\"lazy\" title=\"Tere Larra\u00edn - Dejando huella | M\u00fasica Cat\u00f3lica\" width=\"1140\" height=\"855\" src=\"https:\/\/www.youtube.com\/embed\/_xmWPfhtq-Q?feature=oembed\" frameborder=\"0\" allow=\"accelerometer; autoplay; clipboard-write; encrypted-media; gyroscope; picture-in-picture; web-share\" referrerpolicy=\"strict-origin-when-cross-origin\" allowfullscreen><\/iframe>\n<\/div><\/figure>\n\n\n\n<p class=\"has-text-align-left\">El abrazo m\u00e1s fuerte lo diste t\u00fa.<br>El abrazo m\u00e1s fuerte lo diste t\u00fa.<br>La sonrisa m\u00e1s dulce la diste t\u00fa.<br>El consejo m\u00e1s sabio lo diste t\u00fa.<br><br>Y ahora son recuerdos, que llevamos dentro<br>y hacen que la vida sea m\u00e1s linda.<br>desde que t\u00fa caminaste en ella<br>dejando huella, dejando huella,<br>dejando huella.<br><br>Y aunque no te vea, te puedo sentir.<br>Y aunque no te sienta, te puedo ver<br>en esa risa fuerte, en tus aventuras<br>que hacen que la vida sea m\u00e1s linda.<\/p>\n\n\n\n<p class=\"has-vivid-purple-background-color has-background\"><\/p>\n\n\n\n<figure class=\"wp-block-image size-full\"><img loading=\"lazy\" decoding=\"async\" width=\"500\" height=\"888\" src=\"https:\/\/menesianosoy.org\/wp-content\/uploads\/2024\/12\/ORACION-Y-logo-25-500-p-1.jpeg\" alt=\"\" class=\"wp-image-18663\" srcset=\"https:\/\/menesianosoy.org\/wp-content\/uploads\/2024\/12\/ORACION-Y-logo-25-500-p-1.jpeg 500w, https:\/\/menesianosoy.org\/wp-content\/uploads\/2024\/12\/ORACION-Y-logo-25-500-p-1-169x300.jpeg 169w\" sizes=\"auto, (max-width: 500px) 85vw, 500px\" \/><\/figure>\n","protected":false},"excerpt":{"rendered":"<p>Hebreos 7, 25\u20148, 6&nbsp;&nbsp;Salmo 39, 7-10.17&nbsp;&nbsp; Evangelio: Marcos 3, 7-12 Jes\u00fas se retir\u00f3 con sus disc\u00edpulos a la orilla del mar, y lo sigui\u00f3 mucha gente de Galilea. Al enterarse de lo que hac\u00eda, tambi\u00e9n fue a su encuentro una gran multitud de Judea, de Jerusal\u00e9n, de Idumea, de la Transjordania y de la regi\u00f3n &hellip; <a href=\"https:\/\/menesianosoy.org\/index.php\/2025\/01\/17\/san-ildefonso-3\/\" class=\"more-link\">Continue reading<span class=\"screen-reader-text\"> \u00abSan Ildefonso\u00bb<\/span><\/a><\/p>\n","protected":false},"author":3,"featured_media":0,"comment_status":"closed","ping_status":"closed","sticky":false,"template":"","format":"standard","meta":{"_acf_changed":false,"footnotes":""},"categories":[9],"tags":[],"class_list":["post-19702","post","type-post","status-publish","format-standard","hentry","category-evangelio"],"acf":[],"_links":{"self":[{"href":"https:\/\/menesianosoy.org\/index.php\/wp-json\/wp\/v2\/posts\/19702","targetHints":{"allow":["GET"]}}],"collection":[{"href":"https:\/\/menesianosoy.org\/index.php\/wp-json\/wp\/v2\/posts"}],"about":[{"href":"https:\/\/menesianosoy.org\/index.php\/wp-json\/wp\/v2\/types\/post"}],"author":[{"embeddable":true,"href":"https:\/\/menesianosoy.org\/index.php\/wp-json\/wp\/v2\/users\/3"}],"replies":[{"embeddable":true,"href":"https:\/\/menesianosoy.org\/index.php\/wp-json\/wp\/v2\/comments?post=19702"}],"version-history":[{"count":6,"href":"https:\/\/menesianosoy.org\/index.php\/wp-json\/wp\/v2\/posts\/19702\/revisions"}],"predecessor-version":[{"id":19727,"href":"https:\/\/menesianosoy.org\/index.php\/wp-json\/wp\/v2\/posts\/19702\/revisions\/19727"}],"wp:attachment":[{"href":"https:\/\/menesianosoy.org\/index.php\/wp-json\/wp\/v2\/media?parent=19702"}],"wp:term":[{"taxonomy":"category","embeddable":true,"href":"https:\/\/menesianosoy.org\/index.php\/wp-json\/wp\/v2\/categories?post=19702"},{"taxonomy":"post_tag","embeddable":true,"href":"https:\/\/menesianosoy.org\/index.php\/wp-json\/wp\/v2\/tags?post=19702"}],"curies":[{"name":"wp","href":"https:\/\/api.w.org\/{rel}","templated":true}]}}