{"id":19830,"date":"2025-01-24T19:31:12","date_gmt":"2025-01-24T22:31:12","guid":{"rendered":"https:\/\/menesianosoy.org\/?p=19830"},"modified":"2025-01-24T19:41:39","modified_gmt":"2025-01-24T22:41:39","slug":"santa-angela-de-merici-3","status":"publish","type":"post","link":"https:\/\/menesianosoy.org\/index.php\/2025\/01\/24\/santa-angela-de-merici-3\/","title":{"rendered":"Santa \u00c1ngela de M\u00e9rici"},"content":{"rendered":"\n<p class=\"has-text-align-left\"><strong>Hebreos 9, 15.24-28\u00a0\u00a0<br>Salmo 97, 1-6\u00a0<\/strong><\/p>\n\n\n\n<h4 class=\"wp-block-heading has-text-align-left has-vivid-red-color has-text-color has-link-color wp-elements-3009ab0226ec50240ee2f56373f79173\"><br><strong>Evangelio: \u00a0Marcos 3, 22-30<\/strong><\/h4>\n\n\n\n<p class=\"has-text-align-left\"><strong><em>Los escribas que hab\u00edan venido de Jerusal\u00e9n dec\u00edan: Est\u00e1 pose\u00eddo por Belzebul y expulsa a los demonios por el poder del Pr\u00edncipe de los Demonios.<br>Jes\u00fas los llam\u00f3 y por medio de comparaciones les explic\u00f3: \u00bfC\u00f3mo Satan\u00e1s va a expulsar a Satan\u00e1s? Un reino donde hay luchas internas no puede subsistir. Y una familia dividida tampoco puede subsistir. Por lo tanto, si Satan\u00e1s se dividi\u00f3, levant\u00e1ndose contra s\u00ed mismo, ya no puede subsistir, sino que ha llega a su fin.<br>Nadie puede entrar en la casa de un hombre fuerte y saquear sus bienes, si primero no lo ata. S\u00f3lo as\u00ed podr\u00e1 saquear la casa.<br>Les aseguro que todo ser\u00e1 perdonado a los hombres, todos los pecados y cualquier blasfemia que profieran. Pero el que blasfeme contra el Esp\u00edritu Santo, no tendr\u00e1 perd\u00f3n jam\u00e1s, es culpable de pecado para siempre.<br>Jes\u00fas dijo esto porque ellos dec\u00edan: Est\u00e1 pose\u00eddo por un esp\u00edritu impuro.<\/em><\/strong><\/p>\n\n\n\n<figure class=\"wp-block-image size-full\"><img loading=\"lazy\" decoding=\"async\" width=\"500\" height=\"262\" src=\"https:\/\/menesianosoy.org\/wp-content\/uploads\/2024\/01\/jesus_expulsa_demonio_1.jpg\" alt=\"\" class=\"wp-image-9230\" srcset=\"https:\/\/menesianosoy.org\/wp-content\/uploads\/2024\/01\/jesus_expulsa_demonio_1.jpg 500w, https:\/\/menesianosoy.org\/wp-content\/uploads\/2024\/01\/jesus_expulsa_demonio_1-300x157.jpg 300w\" sizes=\"auto, (max-width: 500px) 85vw, 500px\" \/><\/figure>\n\n\n\n<p>Tal como su familia, las autoridades est\u00e1n alarmadas por la naturaleza radical de lo que est\u00e1 haciendo Jes\u00fas, y por el cambio de mente y coraz\u00f3n que \u00c9l requiere. Ellos creen que est\u00e1 bajo la influencia de Satan\u00e1s. La sabidur\u00eda de Jes\u00fas, su pasi\u00f3n por la verdad y su coraje irradian en la escena. Jes\u00fas es indudablemente el hombre fuerte. \u00c9l se enfrenta a las fuerzas del mal, y el poder de las tinieblas no lo puede dominar. Pero los escribas resisten el poder del Esp\u00edritu y difunden historias maliciosas acerca del \u00c9l.<br><br>Estas divisiones, de las que habla el Evangelio, son comunes en nuestras comunidades. Las grietas a veces se hacen tan insalvables, que convertimos a la comunidad en un infierno, cuando lo que Dios quiere es que comencemos a experimentar en ella el para\u00edso esperado.<br><br>El Papa Francisco nos dice:<br>\u00ab&#8230; Debemos hacer seriamente un examen de conciencia. En una comunidad cristiana, la divisi\u00f3n es uno de los pecados m\u00e1s graves, porque la hace signo, no de la obra de Dios, sino de la del diablo, el cual es por definici\u00f3n el que separa, que rompe las relaciones, que insin\u00faa prejuicios&#8230; La divisi\u00f3n en una comunidad cristiana, ya sea una escuela, una parroquia o una asociaci\u00f3n, es un pecado grav\u00edsimo, porque es obra del demonio&#8230; Los pecados contra la unidad no son s\u00f3lo las herej\u00edas o los cismas, sino tambi\u00e9n las ciza\u00f1as m\u00e1s comunes de nuestras comunidades: envidias, celos, antipat\u00edas. Esto es humano, pero no es cristiano\u2026Dios, sin embargo, quiere que crezcamos en nuestra capacidad de acogernos, de perdonarnos, de querernos, para parecernos cada vez m\u00e1s a \u00c9l que es comuni\u00f3n y amor. (P. Francisco, 27 de agosto de 2014).<br><br>Debemos cuidarnos de no ser demonios divisores en el seno de nuestras comunidades. Y a veces lo somos con toda buena voluntad, creyendo hacer el bien.<br>Reconozcamos nuestras actitudes que dividen en lugar de unir:<br>&#8211; Cuando apartamos a los dem\u00e1s se\u00f1al\u00e1ndolos, excluy\u00e9ndolos, despreci\u00e1ndolos.<br>&#8211; Cuando aprovechamos del descontento y la ingenuidad de los otros, para conseguir algunos objetivos personales.<br>&#8211; Cuando no vamos de frente, sino que actuamos por atr\u00e1s, buscando destruir lo que otros hacen.<br>&#8211; Cuando nunca escuchamos a los dem\u00e1s, sino que siempre estamos dando raz\u00f3n de nuestro accionar, aunque no sea bueno.<br>&#8211; Cuando lo \u00fanico bueno es lo que hacemos nosotros, mientras que lo de los dem\u00e1s siempre est\u00e1 mal.<br>Y as\u00ed podemos seguir enumerando actitudes que dividen en lugar de unir.<br><br>Quiera Dios que seamos instrumentos de unidad y no de divisi\u00f3n en el seno de nuestra comunidad.<\/p>\n\n\n\n<h4 class=\"wp-block-heading has-text-align-left has-vivid-red-color has-text-color has-link-color wp-elements-21e72ba6ab8aac75548a19d39767613b\"><br><strong>Palabras de Juan Mar\u00eda de la Mennais<\/strong><\/h4>\n\n\n\n<p class=\"has-text-align-left\"><img decoding=\"async\" class=\"wp-image-16089\" style=\"width: 150px;\" src=\"https:\/\/menesianosoy.org\/wp-content\/uploads\/2024\/09\/JMLM.png\" alt=\"\"><br><em>Veo con placer que te has mantenido tranquilo en medio de las lamentables divisiones que han surgido a tu alrededor. No participes de ninguna manera en ellas, pero sostiene el \u00e1nimo del H. Ambrosio y consu\u00e9lalo lo mejor que puedas. Comprom\u00e9telo especialmente a evitar en sus palabras y en sus escritos todo lo que pueda irritar y herir. Es necesario que el aceite y la miel fluyan de su boca, y que \u00e9l est\u00e9 lleno de comprensi\u00f3n para aquellos que se quejan de \u00e9l, o para quienes \u00e9l cree que tiene de qu\u00e9 quejarse.\u201d (Carta al H. Gerardo, 3-03-1842)<\/em><\/p>\n\n\n\n<h4 class=\"wp-block-heading has-text-align-left has-vivid-red-color has-text-color has-link-color wp-elements-cbcfda1e6ebfc9d70033cad7c31b7e10\"><br><strong>Hazme un instrumento de tu paz \u2013 Millie Lee<\/strong><\/h4>\n\n\n\n<figure class=\"wp-block-embed is-type-video is-provider-youtube wp-block-embed-youtube wp-embed-aspect-16-9 wp-has-aspect-ratio\"><div class=\"wp-block-embed__wrapper\">\n<iframe loading=\"lazy\" title=\"HAZME UN INSTRUMENTO DE TU PAZ *NUEVA VERSION* 2020\" width=\"1140\" height=\"641\" src=\"https:\/\/www.youtube.com\/embed\/ccjByVyAVqQ?feature=oembed\" frameborder=\"0\" allow=\"accelerometer; autoplay; clipboard-write; encrypted-media; gyroscope; picture-in-picture; web-share\" referrerpolicy=\"strict-origin-when-cross-origin\" allowfullscreen><\/iframe>\n<\/div><\/figure>\n\n\n\n<p class=\"has-text-align-left\">Hazme un instrumento de tu paz:<br>Donde haya odio lleve yo tu amor.<br>Donde haya injuria, tu perd\u00f3n, Se\u00f1or.<br>Donde haya duda, fe en ti.<br><br>Hazme un instrumento de tu paz,<br>que lleve tu esperanza por doquier;<br>donde haya oscuridad lleve tu luz;<br>donde haya pena, tu gozo, Se\u00f1or.<br><br>Maestro, ay\u00fadame a nunca buscar<br>querer ser consolado como consolar;<br>ser entendido como entender;<br>ser amado como yo amar.<br><br>Hazme un instrumento de tu paz.<br>Es perdonando que nos das perd\u00f3n.<br>Es dando a todos que t\u00fa nos das;<br>Muriendo es que volvemos a nacer.<br><br>Hazme un instrumento de tu paz\u2026<\/p>\n\n\n\n<p class=\"has-vivid-purple-background-color has-background\"><\/p>\n\n\n\n<figure class=\"wp-block-image size-full\"><img loading=\"lazy\" decoding=\"async\" width=\"500\" height=\"888\" src=\"https:\/\/menesianosoy.org\/wp-content\/uploads\/2024\/12\/ORACION-Y-logo-25-500-p-1.jpeg\" alt=\"\" class=\"wp-image-18663\" srcset=\"https:\/\/menesianosoy.org\/wp-content\/uploads\/2024\/12\/ORACION-Y-logo-25-500-p-1.jpeg 500w, https:\/\/menesianosoy.org\/wp-content\/uploads\/2024\/12\/ORACION-Y-logo-25-500-p-1-169x300.jpeg 169w\" sizes=\"auto, (max-width: 500px) 85vw, 500px\" \/><\/figure>\n","protected":false},"excerpt":{"rendered":"<p>Hebreos 9, 15.24-28\u00a0\u00a0Salmo 97, 1-6\u00a0 Evangelio: \u00a0Marcos 3, 22-30 Los escribas que hab\u00edan venido de Jerusal\u00e9n dec\u00edan: Est\u00e1 pose\u00eddo por Belzebul y expulsa a los demonios por el poder del Pr\u00edncipe de los Demonios.Jes\u00fas los llam\u00f3 y por medio de comparaciones les explic\u00f3: \u00bfC\u00f3mo Satan\u00e1s va a expulsar a Satan\u00e1s? Un reino donde hay luchas &hellip; <a href=\"https:\/\/menesianosoy.org\/index.php\/2025\/01\/24\/santa-angela-de-merici-3\/\" class=\"more-link\">Continue reading<span class=\"screen-reader-text\"> \u00abSanta \u00c1ngela de M\u00e9rici\u00bb<\/span><\/a><\/p>\n","protected":false},"author":3,"featured_media":0,"comment_status":"closed","ping_status":"closed","sticky":false,"template":"","format":"standard","meta":{"_acf_changed":false,"footnotes":""},"categories":[9],"tags":[],"class_list":["post-19830","post","type-post","status-publish","format-standard","hentry","category-evangelio"],"acf":[],"_links":{"self":[{"href":"https:\/\/menesianosoy.org\/index.php\/wp-json\/wp\/v2\/posts\/19830","targetHints":{"allow":["GET"]}}],"collection":[{"href":"https:\/\/menesianosoy.org\/index.php\/wp-json\/wp\/v2\/posts"}],"about":[{"href":"https:\/\/menesianosoy.org\/index.php\/wp-json\/wp\/v2\/types\/post"}],"author":[{"embeddable":true,"href":"https:\/\/menesianosoy.org\/index.php\/wp-json\/wp\/v2\/users\/3"}],"replies":[{"embeddable":true,"href":"https:\/\/menesianosoy.org\/index.php\/wp-json\/wp\/v2\/comments?post=19830"}],"version-history":[{"count":7,"href":"https:\/\/menesianosoy.org\/index.php\/wp-json\/wp\/v2\/posts\/19830\/revisions"}],"predecessor-version":[{"id":19841,"href":"https:\/\/menesianosoy.org\/index.php\/wp-json\/wp\/v2\/posts\/19830\/revisions\/19841"}],"wp:attachment":[{"href":"https:\/\/menesianosoy.org\/index.php\/wp-json\/wp\/v2\/media?parent=19830"}],"wp:term":[{"taxonomy":"category","embeddable":true,"href":"https:\/\/menesianosoy.org\/index.php\/wp-json\/wp\/v2\/categories?post=19830"},{"taxonomy":"post_tag","embeddable":true,"href":"https:\/\/menesianosoy.org\/index.php\/wp-json\/wp\/v2\/tags?post=19830"}],"curies":[{"name":"wp","href":"https:\/\/api.w.org\/{rel}","templated":true}]}}