{"id":20158,"date":"2025-02-05T09:33:23","date_gmt":"2025-02-05T12:33:23","guid":{"rendered":"https:\/\/menesianosoy.org\/?p=20158"},"modified":"2025-02-07T19:23:50","modified_gmt":"2025-02-07T22:23:50","slug":"santa-josefina-bakhita-san-jeronimo-emiliano","status":"publish","type":"post","link":"https:\/\/menesianosoy.org\/index.php\/2025\/02\/05\/santa-josefina-bakhita-san-jeronimo-emiliano\/","title":{"rendered":"Santa Josefina Bakhita &#8211; San Jer\u00f3nimo Emiliano"},"content":{"rendered":"\n<p class=\"has-text-align-left\"><strong>Hebreos 13, 15-17. 20-21<br>Salmo 22, 1-6<\/strong><\/p>\n\n\n\n<h4 class=\"wp-block-heading has-vivid-red-color has-text-color has-link-color wp-elements-0b79232a004de1de0d00dee6ca0cae71\"><br><strong>Evangelio: Marcos 6, 30-34<\/strong><\/h4>\n\n\n\n<p class=\"has-text-align-left\"><strong><em>Al regresar de su misi\u00f3n los Ap\u00f3stoles se reunieron con Jes\u00fas y le contaron todo lo que hab\u00edan hecho y ense\u00f1ado. \u00c9l les dijo: Vengan ustedes solos a un lugar desierto, para descansar un poco. Porque era tanta la gente que iba y ven\u00eda, que no ten\u00edan tiempo ni para comer.<br>Entonces se fueron solos en la barca a un lugar desierto.<br>Al verlos partir, muchos los reconocieron, y de todas las ciudades acudieron por tierra a aquel lugar y llegaron antes que ellos.<br>Al desembarcar, Jes\u00fas vio una gran muchedumbre y se compadeci\u00f3 de ella, porque eran como ovejas sin pastor, y estuvo ense\u00f1\u00e1ndoles largo rato.<\/em><\/strong><\/p>\n\n\n\n<figure class=\"wp-block-image size-full\"><img loading=\"lazy\" decoding=\"async\" width=\"600\" height=\"400\" src=\"https:\/\/menesianosoy.org\/wp-content\/uploads\/2025\/02\/depositphotos_72544097-stock-illustration-jesus-spreading-his-teaching-to.webp\" alt=\"\" class=\"wp-image-20223\" srcset=\"https:\/\/menesianosoy.org\/wp-content\/uploads\/2025\/02\/depositphotos_72544097-stock-illustration-jesus-spreading-his-teaching-to.webp 600w, https:\/\/menesianosoy.org\/wp-content\/uploads\/2025\/02\/depositphotos_72544097-stock-illustration-jesus-spreading-his-teaching-to-300x200.webp 300w\" sizes=\"auto, (max-width: 709px) 85vw, (max-width: 909px) 67vw, (max-width: 984px) 61vw, (max-width: 1362px) 45vw, 600px\" \/><\/figure>\n\n\n\n<p class=\"has-text-align-left\">Los evangelios presentan a Jes\u00fas como un hombre que sabe combinar el silencio y la actividad, la soledad y el encuentro. Y cuando ve a la gente, que lo busca sin cesar, hasta el punto de no dejarle tiempo ni para comer, lo que experimenta, antes que nada, es compasi\u00f3n, en el sentido aut\u00e9ntico de la palabra: vibraci\u00f3n profunda con la situaci\u00f3n que est\u00e1 viviendo. Y es precisamente de esa compasi\u00f3n de donde brota su ense\u00f1anza.<br><br><em>El silencio y la actividad se reclaman mutuamente<\/em>, si queremos que ambos sean fecundos. La sabidur\u00eda nos capacita para vivir toda actividad desde el silencio que somos- en conexi\u00f3n nuestra verdadera identidad- y para vivir el silencio sin caer en el aislamiento. Visto desde esta perspectiva, podr\u00eda decirse que <em>el nexo de uni\u00f3n entre ambos lo encontramos en la vivencia de la compasi\u00f3n<\/em>. Cuando nos hallamos en conexi\u00f3n con los que somos, no podemos no experimentar compasi\u00f3n hacia los otros seres, por cuanto esta actitud no es sino expresi\u00f3n de la unidad radical. Y es precisamente la compasi\u00f3n la que preside nuestro silencio y la fuente de donde brota nuestra actividad.<br><br>En ausencia de la compasi\u00f3n, el silencio puede convertirse f\u00e1cilmente en ensimismamiento y la actividad en autoafirmaci\u00f3n. La raz\u00f3n es sencilla. La ausencia de compasi\u00f3n denota que nos hemos alejado de la verdad que somos, por lo que priorizamos el ego y sus intereses. Necesitaremos resituarnos constantemente, escuchar nuestros anhelos m\u00e1s profundos y anclarnos en la unidad que somos. Sorteada la trampa, brillar\u00e1 la verdad que tiene forma de compasi\u00f3n. \u00bfMi actividad nace del amor hacia los otros?<\/p>\n\n\n\n<h4 class=\"wp-block-heading has-text-align-left has-vivid-red-color has-text-color has-link-color wp-elements-adde6e299eef5c6bf8c69700d4076ec7\"><br><strong>Palabras de Juan Mar\u00eda<\/strong><\/h4>\n\n\n\n<p class=\"has-text-align-left\"><img decoding=\"async\" class=\"wp-image-16089\" style=\"width: 150px;\" src=\"https:\/\/menesianosoy.org\/wp-content\/uploads\/2024\/09\/JMLM.png\" alt=\"\"><br><em>Jes\u00fas m\u00edo, pastor divino, t\u00fa que vigilas con un amor tan tierno el reba\u00f1o que has elegido, d\u00edgnate mirar con compasi\u00f3n a una oveja joven y d\u00e9bil, que viene a implorar tu ayuda. Vuelve hacia m\u00ed esos ojos tan dulces, ens\u00e9\u00f1ame: soy un pobre ni\u00f1o sin experiencia: no s\u00e9 nada, Dios m\u00edo, no s\u00e9 nada, excepto que quiero amarte y servirte. As\u00ed que ens\u00e9\u00f1ame a servirte y amarte, porque es todo lo que deseo en la tierra\u201d. (El escolar instruido por Jesucristo, cap. 1\u00ba)<\/em><\/p>\n\n\n\n<h4 class=\"wp-block-heading has-text-align-left has-vivid-red-color has-text-color has-link-color wp-elements-48ac75508088433078f7d35a62051592\"><br><strong>Escojo la vida &#8211; Benavides. <\/strong><\/h4>\n\n\n\n<figure class=\"wp-block-embed is-type-video is-provider-youtube wp-block-embed-youtube wp-embed-aspect-16-9 wp-has-aspect-ratio\"><div class=\"wp-block-embed__wrapper\">\n<iframe loading=\"lazy\" title=\"Escojo La Vida | Santiago Benavides ft. @crisvelezoficial  (Video Oficial)\" width=\"1140\" height=\"641\" src=\"https:\/\/www.youtube.com\/embed\/eiQuYnq_hak?feature=oembed\" frameborder=\"0\" allow=\"accelerometer; autoplay; clipboard-write; encrypted-media; gyroscope; picture-in-picture; web-share\" referrerpolicy=\"strict-origin-when-cross-origin\" allowfullscreen><\/iframe>\n<\/div><\/figure>\n\n\n\n<p>Escucho mil voces a mi alrededor,<br>siluetas veloces, luces de ne\u00f3n.<br>Y escucho tambi\u00e9n tu invitaci\u00f3n<br>a seguir tu voz para siempre.<br>Y en esta batalla ya s\u00e9<br>a qui\u00e9n mi lealtad le dar\u00e9.<br><br>Escojo la vida que viene de ti.<br>Agarro tu mano y contigo hasta el fin.<br>Recorro sin miedo el sendero estrecho.<br>Si t\u00fa est\u00e1s conmigo. qui\u00e9n pues contra m\u00ed.<br><br>Todos los sue\u00f1os de mi coraz\u00f3n.<br>Los pongo Jes\u00fas en tus manos.<br>Salir adelante, hallar un amor,<br>sanar heridas del pasado.<br><br>Y me deleito, me deleito<br>en tu gran amor \u2026<\/p>\n\n\n\n<p class=\"has-vivid-purple-background-color has-background\"><\/p>\n\n\n\n<figure class=\"wp-block-image size-full\"><img loading=\"lazy\" decoding=\"async\" width=\"500\" height=\"888\" src=\"https:\/\/menesianosoy.org\/wp-content\/uploads\/2024\/12\/ORACION-Y-logo-25-500-p-1.jpeg\" alt=\"\" class=\"wp-image-18663\" srcset=\"https:\/\/menesianosoy.org\/wp-content\/uploads\/2024\/12\/ORACION-Y-logo-25-500-p-1.jpeg 500w, https:\/\/menesianosoy.org\/wp-content\/uploads\/2024\/12\/ORACION-Y-logo-25-500-p-1-169x300.jpeg 169w\" sizes=\"auto, (max-width: 500px) 85vw, 500px\" \/><\/figure>\n","protected":false},"excerpt":{"rendered":"<p>Hebreos 13, 15-17. 20-21Salmo 22, 1-6 Evangelio: Marcos 6, 30-34 Al regresar de su misi\u00f3n los Ap\u00f3stoles se reunieron con Jes\u00fas y le contaron todo lo que hab\u00edan hecho y ense\u00f1ado. \u00c9l les dijo: Vengan ustedes solos a un lugar desierto, para descansar un poco. Porque era tanta la gente que iba y ven\u00eda, que &hellip; <a href=\"https:\/\/menesianosoy.org\/index.php\/2025\/02\/05\/santa-josefina-bakhita-san-jeronimo-emiliano\/\" class=\"more-link\">Continue reading<span class=\"screen-reader-text\"> \u00abSanta Josefina Bakhita &#8211; San Jer\u00f3nimo Emiliano\u00bb<\/span><\/a><\/p>\n","protected":false},"author":3,"featured_media":0,"comment_status":"closed","ping_status":"closed","sticky":false,"template":"","format":"standard","meta":{"_acf_changed":false,"footnotes":""},"categories":[9],"tags":[],"class_list":["post-20158","post","type-post","status-publish","format-standard","hentry","category-evangelio"],"acf":[],"_links":{"self":[{"href":"https:\/\/menesianosoy.org\/index.php\/wp-json\/wp\/v2\/posts\/20158","targetHints":{"allow":["GET"]}}],"collection":[{"href":"https:\/\/menesianosoy.org\/index.php\/wp-json\/wp\/v2\/posts"}],"about":[{"href":"https:\/\/menesianosoy.org\/index.php\/wp-json\/wp\/v2\/types\/post"}],"author":[{"embeddable":true,"href":"https:\/\/menesianosoy.org\/index.php\/wp-json\/wp\/v2\/users\/3"}],"replies":[{"embeddable":true,"href":"https:\/\/menesianosoy.org\/index.php\/wp-json\/wp\/v2\/comments?post=20158"}],"version-history":[{"count":7,"href":"https:\/\/menesianosoy.org\/index.php\/wp-json\/wp\/v2\/posts\/20158\/revisions"}],"predecessor-version":[{"id":20333,"href":"https:\/\/menesianosoy.org\/index.php\/wp-json\/wp\/v2\/posts\/20158\/revisions\/20333"}],"wp:attachment":[{"href":"https:\/\/menesianosoy.org\/index.php\/wp-json\/wp\/v2\/media?parent=20158"}],"wp:term":[{"taxonomy":"category","embeddable":true,"href":"https:\/\/menesianosoy.org\/index.php\/wp-json\/wp\/v2\/categories?post=20158"},{"taxonomy":"post_tag","embeddable":true,"href":"https:\/\/menesianosoy.org\/index.php\/wp-json\/wp\/v2\/tags?post=20158"}],"curies":[{"name":"wp","href":"https:\/\/api.w.org\/{rel}","templated":true}]}}