{"id":20272,"date":"2025-02-07T17:01:11","date_gmt":"2025-02-07T20:01:11","guid":{"rendered":"https:\/\/menesianosoy.org\/?p=20272"},"modified":"2025-02-07T18:01:48","modified_gmt":"2025-02-07T21:01:48","slug":"san-jose-sanchez-del-rio-santa-escolastica-2","status":"publish","type":"post","link":"https:\/\/menesianosoy.org\/index.php\/2025\/02\/07\/san-jose-sanchez-del-rio-santa-escolastica-2\/","title":{"rendered":"San Jos\u00e9 S\u00e1nchez del R\u00edo &#8211; Santa Escol\u00e1stica"},"content":{"rendered":"\n<h4 class=\"wp-block-heading has-text-align-left has-vivid-red-color has-text-color has-link-color wp-elements-18c560e93d6d35a52de6d15a65353343\"><br><strong>Oraci\u00f3n<\/strong>:<\/h4>\n\n\n\n<p class=\"has-text-align-left\"><strong><em>Providencia de mi Dios,<br>oh madre, que tantas veces he invocado,<br>y a quien he ofrecido, consagrado,<br>entregado esta casa<br>y cuantos ha reunido en ella tu gracia.<br>Providencia siempre buena,<br>tan sabia, tan llena de piedad y amor<br>para con tus pobres criaturas;<br>te adoramos, te bendecimos,<br>nos abandonamos<br>en tus manos sin reserva.<br>Haz de nosotros todo lo que quieras.<br>S\u00f3lo deseamos<br>cumplir tu voluntad en todo:<br>En las humillaciones y en las grandezas,<br>en la pobreza y en la riqueza,<br>en la salud y en la enfermedad,<br>en la vida y en la muerte.<br>Providencia de mi Dios,<br>vela sobre tus hijos,<br>afi\u00e1nzanos, dir\u00edgenos.<br>S\u00e9 t\u00fa nuestra defensa,<br>nuestra gu\u00eda y nuestra esperanza.<br>\u00a1Dios S\u00f3lo en el tiempo!<br>\u00a1Dios S\u00f3lo en la eternidad!<br>\u00a1Dios S\u00f3lo en el d\u00eda de hoy!<br>En todo y en cada cosa,<br>\u00a1Dios S\u00f3lo!<\/em><\/strong><\/p>\n\n\n\n<h4 class=\"wp-block-heading has-text-align-left has-vivid-red-color has-text-color has-link-color wp-elements-1af8d1655da0d118c0bb0f37d65ec17b\"><br><strong>Intenciones:<\/strong> &nbsp; <\/h4>\n\n\n\n<ul class=\"wp-block-list\">\n<li>Por los ni\u00f1os y docentes que retoman la actividad educativa.<\/li>\n\n\n\n<li>Por la preparaci\u00f3n del Cap\u00edtulo de Distrito.<\/li>\n\n\n\n<li>Por la preparaci\u00f3n a la profesi\u00f3n perpetua del H. Walter.<\/li>\n\n\n\n<li>Por la familia menesiana que vive la misi\u00f3n en El Alto y la de Kakooge, San Juan Pablo II (Uganda).<\/li>\n\n\n\n<li>Por los menesianos, las obras y vocaciones del distrito San Pablo (Togo &#8211; Senegal &#8211; Benin &#8211; Costa de Marfil).<\/li>\n<\/ul>\n\n\n\n<h4 class=\"wp-block-heading has-text-align-left has-vivid-red-color has-text-color has-link-color wp-elements-4c206a2f3c4a08c35f4d7e5ecd078665\"><br><strong>Nueva Regla de Vida n\u00ba 25b:<\/strong><\/h4>\n\n\n\n<p class=\"has-text-align-left\">En Jes\u00fas, la obediencia es la manifestaci\u00f3n eminente de su relaci\u00f3n con el Padre y de su permanente intimidad. Se deja amar por \u00c9l y responde a su amor buscando siempre lo que le agrada.&nbsp; Al \u00ab hacerse obediente hasta la muerte, y una muerte de cruz \u00bb,Jes\u00fas expresa as\u00ed de modo radical su obediencia filial.<\/p>\n\n\n\n<h4 class=\"wp-block-heading has-text-align-left has-vivid-red-color has-text-color has-link-color wp-elements-3c6dfdc61569b4a321d27d4a56785236\"><br><strong>Memorial, p\u00e1g. 21:<\/strong><\/h4>\n\n\n\n<p class=\"has-text-align-left\"><em>Todo depende de la voluntad de Dios para nosotros. \u00c9l no necesita a nadie; utiliza a quien le place para cumplir los designios de su Providencia, y siempre a lo m\u00e1s d\u00e9bil para realizar lo m\u00e1s grande.<\/em><\/p>\n\n\n\n<h4 class=\"wp-block-heading has-vivid-red-color has-text-color has-link-color wp-elements-4720016996c3f76847e09fa01db1b39c\"><br><strong>Difuntos:<\/strong><\/h4>\n\n\n\n<p class=\"has-text-align-left\">1991: Antoine Bellemare (Ludger)<br>1994: Maurice Chotard (Xavier-Henri)<br>2007: Yosefu Kironde (Bonaventura)<br>2022: Roland Chevalier (Andr\u00e9-Jean)<\/p>\n\n\n\n<p class=\"has-vivid-purple-background-color has-background\"><\/p>\n\n\n\n<h5 class=\"wp-block-heading has-text-align-left has-small-font-size\"><img loading=\"lazy\" decoding=\"async\" width=\"150\" height=\"150\" class=\"wp-image-20307\" style=\"width: 150px;\" src=\"https:\/\/menesianosoy.org\/wp-content\/uploads\/2025\/02\/images-2.jpeg\" alt=\"\" srcset=\"https:\/\/menesianosoy.org\/wp-content\/uploads\/2025\/02\/images-2.jpeg 225w, https:\/\/menesianosoy.org\/wp-content\/uploads\/2025\/02\/images-2-150x150.jpeg 150w\" sizes=\"auto, (max-width: 150px) 85vw, 150px\" \/><br>JOS\u00c9 S\u00c1NCHEZ DEL R\u00cdO (1913-1928) fue un joven cristero de 14 a\u00f1os procesado, torturado y ejecutado por oficiales del gobierno mexicano. Vivi\u00f3 en Sahuayo de Morelos, Michoac\u00e1n. A pesar de su corta edad se uni\u00f3 a las fuerzas cristeras junto con sus hermanos. Apresado, fue ejecutado con sa\u00f1a por odio a la religi\u00f3n. La canonizaci\u00f3n se realiz\u00f3 en el a\u00f1o 2016 junto con el argentino Cura Brochero.<\/h5>\n","protected":false},"excerpt":{"rendered":"<p>Oraci\u00f3n: Providencia de mi Dios,oh madre, que tantas veces he invocado,y a quien he ofrecido, consagrado,entregado esta casay cuantos ha reunido en ella tu gracia.Providencia siempre buena,tan sabia, tan llena de piedad y amorpara con tus pobres criaturas;te adoramos, te bendecimos,nos abandonamosen tus manos sin reserva.Haz de nosotros todo lo que quieras.S\u00f3lo deseamoscumplir tu voluntad &hellip; <a href=\"https:\/\/menesianosoy.org\/index.php\/2025\/02\/07\/san-jose-sanchez-del-rio-santa-escolastica-2\/\" class=\"more-link\">Continue reading<span class=\"screen-reader-text\"> \u00abSan Jos\u00e9 S\u00e1nchez del R\u00edo &#8211; Santa Escol\u00e1stica\u00bb<\/span><\/a><\/p>\n","protected":false},"author":3,"featured_media":0,"comment_status":"closed","ping_status":"closed","sticky":false,"template":"","format":"standard","meta":{"_acf_changed":false,"footnotes":""},"categories":[3],"tags":[],"class_list":["post-20272","post","type-post","status-publish","format-standard","hentry","category-calendario"],"acf":[],"_links":{"self":[{"href":"https:\/\/menesianosoy.org\/index.php\/wp-json\/wp\/v2\/posts\/20272","targetHints":{"allow":["GET"]}}],"collection":[{"href":"https:\/\/menesianosoy.org\/index.php\/wp-json\/wp\/v2\/posts"}],"about":[{"href":"https:\/\/menesianosoy.org\/index.php\/wp-json\/wp\/v2\/types\/post"}],"author":[{"embeddable":true,"href":"https:\/\/menesianosoy.org\/index.php\/wp-json\/wp\/v2\/users\/3"}],"replies":[{"embeddable":true,"href":"https:\/\/menesianosoy.org\/index.php\/wp-json\/wp\/v2\/comments?post=20272"}],"version-history":[{"count":8,"href":"https:\/\/menesianosoy.org\/index.php\/wp-json\/wp\/v2\/posts\/20272\/revisions"}],"predecessor-version":[{"id":20308,"href":"https:\/\/menesianosoy.org\/index.php\/wp-json\/wp\/v2\/posts\/20272\/revisions\/20308"}],"wp:attachment":[{"href":"https:\/\/menesianosoy.org\/index.php\/wp-json\/wp\/v2\/media?parent=20272"}],"wp:term":[{"taxonomy":"category","embeddable":true,"href":"https:\/\/menesianosoy.org\/index.php\/wp-json\/wp\/v2\/categories?post=20272"},{"taxonomy":"post_tag","embeddable":true,"href":"https:\/\/menesianosoy.org\/index.php\/wp-json\/wp\/v2\/tags?post=20272"}],"curies":[{"name":"wp","href":"https:\/\/api.w.org\/{rel}","templated":true}]}}