{"id":20290,"date":"2025-02-07T17:36:01","date_gmt":"2025-02-07T20:36:01","guid":{"rendered":"https:\/\/menesianosoy.org\/?p=20290"},"modified":"2025-02-07T18:00:09","modified_gmt":"2025-02-07T21:00:09","slug":"nuestra-senora-de-lourdes-2","status":"publish","type":"post","link":"https:\/\/menesianosoy.org\/index.php\/2025\/02\/07\/nuestra-senora-de-lourdes-2\/","title":{"rendered":"Nuestra Se\u00f1ora de Lourdes"},"content":{"rendered":"\n<h5 class=\"wp-block-heading has-text-align-left has-text-color has-link-color wp-elements-b86ce905cab14c5bc3135d33fe5e1b02\" style=\"color:#1a165e\"><strong>San Pedro de Jes\u00fas Maldonado<\/strong><\/h5>\n\n\n\n<p><strong>JORNADA MUNDIAL DEL ENFERMO<\/strong><\/p>\n\n\n\n<h4 class=\"wp-block-heading has-text-align-left has-vivid-red-color has-text-color has-link-color wp-elements-192d86fab2eab9d17323cf6ab0a7d13c\"><br><strong>Oraci\u00f3n:<\/strong><\/h4>\n\n\n\n<p class=\"has-text-align-left\"><strong><em>Sant\u00edsima Virgen Mar\u00eda;<br>con estas ardientes palabras,<br>nosotros tus fieles servidores,<br>nos consagramos a ti enteramente,<br>como a nuestra maestra,<br>nuestra reina y nuestra madre.<br>Queremos abandonarnos<br>en las delicias de tu amor virginal.<br>Permite que estos pecadores,<br>unidos no por la sangre,<br>sino por el deseo de pertenecerte totalmente,<br>se consagren al Se\u00f1or Jes\u00fas a trav\u00e9s de ti.<br>Ponemos en tus manos nuestro pobre amor<br>y el humilde y gozoso compromiso<br>de vivir hoy y siempre como esclavos tuyos.<br>No podemos ofrecerte<br>nada digno de ti, Mar\u00eda.<br>Recibe \u00fanicamente nuestros d\u00e9biles<br>y miserables corazones.<br>Queremos que te pertenezcan totalmente.<br>Tu tierno e indulgente amor<br>no despreciar\u00e1 esta peque\u00f1a ofrenda.<br>Santa Mar\u00eda, Virgen y Madre,<br>nos entregamos y consagramos<br>a ti para siempre.<br>Cons\u00edguenos que hoy vivamos en todo <\/em><\/strong><br><strong><em>como hijos tuyos. <\/em><\/strong><br><strong><em>(F\u00e9li y Juan Mar\u00eda 19\/06\/1809)<\/em><\/strong><\/p>\n\n\n\n<h4 class=\"wp-block-heading has-text-align-left has-vivid-red-color has-text-color has-link-color wp-elements-1af8d1655da0d118c0bb0f37d65ec17b\"><br><strong>Intenciones:<\/strong> &nbsp; <\/h4>\n\n\n\n<ul class=\"wp-block-list\">\n<li>Por nuestros hermanos y familiares enfermos y discapacitados.<\/li>\n\n\n\n<li>Por la preparaci\u00f3n del Cap\u00edtulo de Distrito.<\/li>\n\n\n\n<li>Por la profesi\u00f3n perpetua del H. Walter.<\/li>\n\n\n\n<li>Por los alumnos y docentes que vuelven a la tarea educativa.<\/li>\n\n\n\n<li>Por la familia menesiana del colegio Sagrado Coraz\u00f3n de Llay-Llay y la comunidad de Lourdes (Francia).<\/li>\n<\/ul>\n\n\n\n<h4 class=\"wp-block-heading has-text-align-left has-vivid-red-color has-text-color has-link-color wp-elements-08ef9c8d9294da68a5cbb20fb4114c8d\"><br><strong>Nueva Regla de Vida n\u00ba 26a:<\/strong><\/h4>\n\n\n\n<p class=\"has-text-align-left\">Al revestirse de Cristo, los bautizados se conforman e identifican con \u00c9l como sus im\u00e1genes vivas; se convierten en hijos en el Hijo y entran, como \u00c9l, en la obediencia al Padre.<\/p>\n\n\n\n<h4 class=\"wp-block-heading has-text-align-left has-vivid-red-color has-text-color has-link-color wp-elements-c05a35adc9e96f4664b3dfebb40fcd73\"><br><strong>Serm\u00f3n a los grupos juveniles:<\/strong><\/h4>\n\n\n\n<p class=\"has-text-align-left\"><em>\u00bfQui\u00e9n de ustedes no ha experimentado en m\u00e1s de una ocasi\u00f3n que la Sant\u00edsima Virgen se muestra propicia y clemente con los que piden su ayuda?<\/em><\/p>\n\n\n\n<h4 class=\"wp-block-heading has-vivid-red-color has-text-color has-link-color wp-elements-4720016996c3f76847e09fa01db1b39c\"><br><strong>Difuntos:<\/strong><\/h4>\n\n\n\n<p class=\"has-text-align-left\">1910:&nbsp; H. Abel Gaudichon Superior General (1897-1909)<br>1967: <strong>L\u00e1zaro Mart\u00ednez (Bautista)<\/strong>. Naci\u00f3 en Villamo\u00f1ico (Cantabria) en 1909. Muri\u00f3 en Nanclares.<br>1985: R\u00e9al Picard (D\u00e9sir\u00e9)<br>2001: Arthur Collin (Bernardin-Marie)<br>2011: <strong>Jos\u00e9 \u00c1ngel Bustamante Escalada (Benedicto)<\/strong>. Naci\u00f3 en 1920 en Santa Gadea de Alfoz (Burgos), muri\u00f3 en&nbsp; Bilbao.<br>2021: Robert Bluteau (Germain-Robert).<\/p>\n\n\n\n<p class=\"has-vivid-purple-background-color has-background\"><\/p>\n\n\n\n<h5 class=\"wp-block-heading has-text-align-left has-small-font-size\"><img loading=\"lazy\" decoding=\"async\" width=\"150\" height=\"150\" class=\"wp-image-9950\" style=\"width: 150px;\" src=\"https:\/\/menesianosoy.org\/wp-content\/uploads\/2024\/02\/Virgen-de-lourdes-1024x1024-1.jpg\" alt=\"\" srcset=\"https:\/\/menesianosoy.org\/wp-content\/uploads\/2024\/02\/Virgen-de-lourdes-1024x1024-1.jpg 300w, https:\/\/menesianosoy.org\/wp-content\/uploads\/2024\/02\/Virgen-de-lourdes-1024x1024-1-150x150.jpg 150w\" sizes=\"auto, (max-width: 150px) 85vw, 150px\" \/><br><strong>VIRGEN DE LOURDES: Dieciocho veces se le apareci\u00f3 la virgen a Bernardette Soubirous en 1858 en la gruta de Massabielle, en las afueras de Lourdes, situado en las estribaciones de los Pirineos. La gente empez\u00f3 a acudir en masa al lugar, pidiendo gracias y el papa\u00a0P\u00edo IX\u00a0autoriz\u00f3 al obispo local para que permitiera la veneraci\u00f3n de la Virgen Mar\u00eda en Lourdes en 1862. Nuestra Se\u00f1ora de Lourdes es motivo de gran veneraci\u00f3n, y su santuario es uno de los m\u00e1s visitados del mundo: unos 8.000.000 de personas peregrinan all\u00ed cada a\u00f1o. Nuestra Se\u00f1ora de Lourdes est\u00e1 asociada al dogma cat\u00f3lico de la Inmaculada Concepci\u00f3n, ya que la visi\u00f3n se present\u00f3 a Bernadette bajo este nombre, seg\u00fan lo que ella afirm\u00f3. La Iglesia cat\u00f3lica invoca a Nuestra Se\u00f1ora de Lourdes como patrona de los enfermos.<\/strong><\/h5>\n\n\n\n<h5 class=\"wp-block-heading has-text-align-left has-small-font-size\"><img loading=\"lazy\" decoding=\"async\" width=\"150\" height=\"185\" class=\"wp-image-20305\" style=\"width: 150px;\" src=\"https:\/\/menesianosoy.org\/wp-content\/uploads\/2025\/02\/pedro_maldonado_lucero_275x339.jpg\" alt=\"\" srcset=\"https:\/\/menesianosoy.org\/wp-content\/uploads\/2025\/02\/pedro_maldonado_lucero_275x339.jpg 275w, https:\/\/menesianosoy.org\/wp-content\/uploads\/2025\/02\/pedro_maldonado_lucero_275x339-243x300.jpg 243w\" sizes=\"auto, (max-width: 150px) 85vw, 150px\" \/><br><strong>SAN PEDRO DE JES\u00daS MALDONADO (1892-1937) fue un sacerdote diocesano mexicano, el primer santo y m\u00e1rtir canonizado de Chihuahua, M\u00e9xico, resultado de la Segunda Guerra Cristera. Cuando comenz\u00f3 la persecuci\u00f3n religiosa permaneci\u00f3 en la ciudad donde complet\u00f3 sus estudios sacerdotales, siendo ordenado en El Paso, Texas. Trabaj\u00f3 por los ind\u00edgenas\u00a0Tarahumaras y fue perseguido por grupos mas\u00f3nicos. \u00a0Era sensible a las necesidades de la gente y sol\u00eda ayudar a los pobres con dinero y ropa y \u00e9l mismo crio y educ\u00f3 a un\u00a0hu\u00e9rfano\u00a0pobre. Le gustaba visitar los campos en tiempo de cosecha y los campesinos le ped\u00edan que les bendijera los campos invadidos por\u00a0plagas\u00a0de\u00a0langosta. Durante la 2\u00aa Guerra Cristera vivi\u00f3 en la clandestinidad, pero fue detenido, golpeado salvajemente y asesinado. El papa Juan Pablo II lo canoniz\u00f3 en el a\u00f1o 2000.<\/strong><\/h5>\n","protected":false},"excerpt":{"rendered":"<p>San Pedro de Jes\u00fas Maldonado JORNADA MUNDIAL DEL ENFERMO Oraci\u00f3n: Sant\u00edsima Virgen Mar\u00eda;con estas ardientes palabras,nosotros tus fieles servidores,nos consagramos a ti enteramente,como a nuestra maestra,nuestra reina y nuestra madre.Queremos abandonarnosen las delicias de tu amor virginal.Permite que estos pecadores,unidos no por la sangre,sino por el deseo de pertenecerte totalmente,se consagren al Se\u00f1or Jes\u00fas a &hellip; <a href=\"https:\/\/menesianosoy.org\/index.php\/2025\/02\/07\/nuestra-senora-de-lourdes-2\/\" class=\"more-link\">Continue reading<span class=\"screen-reader-text\"> \u00abNuestra Se\u00f1ora de Lourdes\u00bb<\/span><\/a><\/p>\n","protected":false},"author":3,"featured_media":0,"comment_status":"closed","ping_status":"closed","sticky":false,"template":"","format":"standard","meta":{"_acf_changed":false,"footnotes":""},"categories":[3],"tags":[],"class_list":["post-20290","post","type-post","status-publish","format-standard","hentry","category-calendario"],"acf":[],"_links":{"self":[{"href":"https:\/\/menesianosoy.org\/index.php\/wp-json\/wp\/v2\/posts\/20290","targetHints":{"allow":["GET"]}}],"collection":[{"href":"https:\/\/menesianosoy.org\/index.php\/wp-json\/wp\/v2\/posts"}],"about":[{"href":"https:\/\/menesianosoy.org\/index.php\/wp-json\/wp\/v2\/types\/post"}],"author":[{"embeddable":true,"href":"https:\/\/menesianosoy.org\/index.php\/wp-json\/wp\/v2\/users\/3"}],"replies":[{"embeddable":true,"href":"https:\/\/menesianosoy.org\/index.php\/wp-json\/wp\/v2\/comments?post=20290"}],"version-history":[{"count":10,"href":"https:\/\/menesianosoy.org\/index.php\/wp-json\/wp\/v2\/posts\/20290\/revisions"}],"predecessor-version":[{"id":20306,"href":"https:\/\/menesianosoy.org\/index.php\/wp-json\/wp\/v2\/posts\/20290\/revisions\/20306"}],"wp:attachment":[{"href":"https:\/\/menesianosoy.org\/index.php\/wp-json\/wp\/v2\/media?parent=20290"}],"wp:term":[{"taxonomy":"category","embeddable":true,"href":"https:\/\/menesianosoy.org\/index.php\/wp-json\/wp\/v2\/categories?post=20290"},{"taxonomy":"post_tag","embeddable":true,"href":"https:\/\/menesianosoy.org\/index.php\/wp-json\/wp\/v2\/tags?post=20290"}],"curies":[{"name":"wp","href":"https:\/\/api.w.org\/{rel}","templated":true}]}}