{"id":20656,"date":"2025-02-19T12:49:13","date_gmt":"2025-02-19T15:49:13","guid":{"rendered":"https:\/\/menesianosoy.org\/?p=20656"},"modified":"2025-02-19T13:01:27","modified_gmt":"2025-02-19T16:01:27","slug":"la-catedra-de-san-pedro-4","status":"publish","type":"post","link":"https:\/\/menesianosoy.org\/index.php\/2025\/02\/19\/la-catedra-de-san-pedro-4\/","title":{"rendered":"La c\u00e1tedra de San Pedro"},"content":{"rendered":"\n<h5 class=\"wp-block-heading has-text-align-left has-luminous-vivid-orange-color has-text-color has-link-color wp-elements-01f892ebb38f58feb232017aafa061d9\"><strong>Liturgia de las horas: Rezamos con el tema VIGILEN Y OREN (p\u00e1gina 3)<\/strong><\/h5>\n\n\n\n<h4 class=\"wp-block-heading has-vivid-red-color has-text-color has-link-color wp-elements-aab993d965a80602f081e4b786f55c12\"><br><strong>Intenciones:<\/strong> \u00a0 <\/h4>\n\n\n\n<p>Por el Papa Francisco.<br>Por la comunidad del centro educativo San Dami\u00e1n de Villa G. G\u00e1lvez y la de Aguilar de Camp\u00f3o.<br>Por el cumplea\u00f1os del H. Luis de Juli\u00e1n, de la comunidad de Zamora.<br>Por la preparaci\u00f3n para la profesi\u00f3n perpetua del H. Walter.<br>Por el Cap\u00edtulo de Distrito.<\/p>\n\n\n\n<h4 class=\"wp-block-heading has-text-align-left has-vivid-red-color has-text-color has-link-color wp-elements-056b39d0d6a2075940ad721f3eea8349\"><br><strong>Nueva Regla de Vida n\u00ba 30a:<\/strong><\/h4>\n\n\n\n<p class=\"has-text-align-left\">El Se\u00f1or Jes\u00fas, en la forma de su vida terrena, expresa la \u00edntima uni\u00f3n que existe entre misi\u00f3n y obediencia. A su imagen, el Hermano es enviado al mundo como profeta de su Palabra y testigo de su amor: \u00abJesucristo os env\u00eda como su Padre lo envi\u00f3\u00bb.<\/p>\n\n\n\n<h4 class=\"wp-block-heading has-text-align-left has-vivid-red-color has-text-color has-link-color wp-elements-45964b37bdca40a17d3790e00c995bd9\"><br><strong>A Brut\u00e9 de R\u00e9mur, 14 de septiembre de 1824:<\/strong><\/h4>\n\n\n\n<p class=\"has-text-align-left\"><em>\u00a1Que Dios bendiga tu sacrificio y tus obras! Ve y extiende el reino de Cristo por todas partes, trabaja con nuevo celo para cavar los cimientos de una nueva Iglesia.<\/em><\/p>\n\n\n\n<h4 class=\"wp-block-heading has-vivid-red-color has-text-color has-link-color wp-elements-4720016996c3f76847e09fa01db1b39c\"><br><strong>Difuntos:<\/strong><\/h4>\n\n\n\n<p class=\"has-text-align-left\">1967: Yves Pleybert (Joseph-Candide)<br>1992: Philippe Arsenault (Joas-Marie)<\/p>\n","protected":false},"excerpt":{"rendered":"<p>Liturgia de las horas: Rezamos con el tema VIGILEN Y OREN (p\u00e1gina 3) Intenciones: \u00a0 Por el Papa Francisco.Por la comunidad del centro educativo San Dami\u00e1n de Villa G. G\u00e1lvez y la de Aguilar de Camp\u00f3o.Por el cumplea\u00f1os del H. Luis de Juli\u00e1n, de la comunidad de Zamora.Por la preparaci\u00f3n para la profesi\u00f3n perpetua del &hellip; <a href=\"https:\/\/menesianosoy.org\/index.php\/2025\/02\/19\/la-catedra-de-san-pedro-4\/\" class=\"more-link\">Continue reading<span class=\"screen-reader-text\"> \u00abLa c\u00e1tedra de San Pedro\u00bb<\/span><\/a><\/p>\n","protected":false},"author":3,"featured_media":0,"comment_status":"closed","ping_status":"closed","sticky":false,"template":"","format":"standard","meta":{"_acf_changed":false,"footnotes":""},"categories":[3],"tags":[],"class_list":["post-20656","post","type-post","status-publish","format-standard","hentry","category-calendario"],"acf":[],"_links":{"self":[{"href":"https:\/\/menesianosoy.org\/index.php\/wp-json\/wp\/v2\/posts\/20656","targetHints":{"allow":["GET"]}}],"collection":[{"href":"https:\/\/menesianosoy.org\/index.php\/wp-json\/wp\/v2\/posts"}],"about":[{"href":"https:\/\/menesianosoy.org\/index.php\/wp-json\/wp\/v2\/types\/post"}],"author":[{"embeddable":true,"href":"https:\/\/menesianosoy.org\/index.php\/wp-json\/wp\/v2\/users\/3"}],"replies":[{"embeddable":true,"href":"https:\/\/menesianosoy.org\/index.php\/wp-json\/wp\/v2\/comments?post=20656"}],"version-history":[{"count":3,"href":"https:\/\/menesianosoy.org\/index.php\/wp-json\/wp\/v2\/posts\/20656\/revisions"}],"predecessor-version":[{"id":20661,"href":"https:\/\/menesianosoy.org\/index.php\/wp-json\/wp\/v2\/posts\/20656\/revisions\/20661"}],"wp:attachment":[{"href":"https:\/\/menesianosoy.org\/index.php\/wp-json\/wp\/v2\/media?parent=20656"}],"wp:term":[{"taxonomy":"category","embeddable":true,"href":"https:\/\/menesianosoy.org\/index.php\/wp-json\/wp\/v2\/categories?post=20656"},{"taxonomy":"post_tag","embeddable":true,"href":"https:\/\/menesianosoy.org\/index.php\/wp-json\/wp\/v2\/tags?post=20656"}],"curies":[{"name":"wp","href":"https:\/\/api.w.org\/{rel}","templated":true}]}}