{"id":20679,"date":"2025-02-19T18:42:15","date_gmt":"2025-02-19T21:42:15","guid":{"rendered":"https:\/\/menesianosoy.org\/?p=20679"},"modified":"2025-02-19T18:49:01","modified_gmt":"2025-02-19T21:49:01","slug":"7o-domingo-durante-el-ano-2","status":"publish","type":"post","link":"https:\/\/menesianosoy.org\/index.php\/2025\/02\/19\/7o-domingo-durante-el-ano-2\/","title":{"rendered":"7\u00ba Domingo durante el a\u00f1o"},"content":{"rendered":"\n<h4 class=\"wp-block-heading has-text-align-left has-vivid-red-color has-text-color has-link-color wp-elements-192d86fab2eab9d17323cf6ab0a7d13c\"><br><strong>Oraci\u00f3n:<\/strong><\/h4>\n\n\n\n<p class=\"has-text-align-left\"><strong><em>Se\u00f1or Jes\u00fas, al comenzar el d\u00eda,<br>te ofrecemos nuestra vida entera.<br>Que el amor fraterno reine entre todos<br>los que formamos comunidad.<br>Que cada uno se sienta feliz<br>con la alegr\u00eda de los dem\u00e1s,<br>y sufra con sus penas.<br>Que todos nos prestemos ayuda mutua<br>para ir a Dios y realizar su obra cada d\u00eda.<br>Que no existan jam\u00e1s entre nosotros<br>ni contiendas ni rivalidades,<br>ni secretas envidias, ni palabras duras.<br>Aparta de nosotros, Se\u00f1or, todo lo que hiere,<br>todo lo que divide,<br>todo lo que altera la caridad.<br>Haz, Se\u00f1or, que hoy y siempre<br>intentemos ayudarnos<br>unos a otros a ser santos.<br>Que todos vivamos hoy con dulzura,<br>paciencia, humildad<br>y fidelidad a tu Palabra.<br>(Regla de 1835)<\/em><\/strong><\/p>\n\n\n\n<h4 class=\"wp-block-heading has-vivid-red-color has-text-color has-link-color wp-elements-6841d63417b088d33fe5fc05c5b2fc34\"><br><strong>Intenciones:<\/strong> \u00a0<\/h4>\n\n\n\n<ul class=\"wp-block-list\">\n<li>Por los obispos de las di\u00f3cesis donde estamos establecidos.<\/li>\n\n\n\n<li>Por el cumplea\u00f1os del H. <strong>Casimiro Meriel<\/strong>, de la comunidad de San Borja.<\/li>\n\n\n\n<li>Por la preparaci\u00f3n a la profesi\u00f3n perpetua de Walter.<\/li>\n\n\n\n<li>Por el Cap\u00edtulo de Distrito 2025 a desarrollarse en abril.<\/li>\n\n\n\n<li>Por la familia menesiana del colegio Cardenal Copello de Buenos Aires y la de Berrio-Otxoa.<\/li>\n<\/ul>\n\n\n\n<h4 class=\"wp-block-heading has-text-align-left has-vivid-red-color has-text-color has-link-color wp-elements-387d795a5ec1ee4ec4fbcca20f6b4877\"><br><strong>Nueva Regla de Vida n\u00ba 30b<\/strong><\/h4>\n\n\n\n<p class=\"has-text-align-left\">El Hermano, en generosa disponibilidad, acepta como propia la misi\u00f3n que Dios le conf\u00eda por mediaci\u00f3n de sus superiores. En los servicios que se le conf\u00edan, encuentra un vasto campo en el que utilizar los recursos de su inteligencia y de su voluntad, sus talentos naturales y los dones de la gracia.<\/p>\n\n\n\n<h4 class=\"wp-block-heading has-text-align-left has-vivid-red-color has-text-color has-link-color wp-elements-4da71d3fecfdc60c2d2e2a71fd6e7239\"><br><strong>A los fieles, serm\u00f3n sobre la incredulidad:<\/strong><\/h4>\n\n\n\n<p class=\"has-text-align-left\"><em>Porque no pueden mirar impasibles la religi\u00f3n y sus amenazas, es por lo que se esfuerzan en no creer ya; no admiten los dogmas porque la moral molesta a las pasiones.<\/em><\/p>\n\n\n\n<h4 class=\"wp-block-heading has-text-align-left has-vivid-red-color has-text-color has-link-color wp-elements-09ca2e751e021d3cea44fa6563946cc1\"><br><strong>Difuntos:<\/strong><\/h4>\n\n\n\n<p class=\"has-text-align-left\">1990: Joseph Poirier (Pascal-Baylon)<br>2003: Jean Marie Le Lay (Constant-Joseph) y Jean Larl\u00e9gan (Pierre-Antoine)<br>2004: Stefano Bwanika (Stefano)<br>2005: L\u00e9onide Julien (Martin-Joseph)<br>2009: R\u00e9mi Pilon (Fabien-Robert)<br>2015: Bernard Vachon (Gustave-Emile)<\/p>\n","protected":false},"excerpt":{"rendered":"<p>Oraci\u00f3n: Se\u00f1or Jes\u00fas, al comenzar el d\u00eda,te ofrecemos nuestra vida entera.Que el amor fraterno reine entre todoslos que formamos comunidad.Que cada uno se sienta felizcon la alegr\u00eda de los dem\u00e1s,y sufra con sus penas.Que todos nos prestemos ayuda mutuapara ir a Dios y realizar su obra cada d\u00eda.Que no existan jam\u00e1s entre nosotrosni contiendas ni &hellip; <a href=\"https:\/\/menesianosoy.org\/index.php\/2025\/02\/19\/7o-domingo-durante-el-ano-2\/\" class=\"more-link\">Continue reading<span class=\"screen-reader-text\"> \u00ab7\u00ba Domingo durante el a\u00f1o\u00bb<\/span><\/a><\/p>\n","protected":false},"author":3,"featured_media":0,"comment_status":"closed","ping_status":"closed","sticky":false,"template":"","format":"standard","meta":{"_acf_changed":false,"footnotes":""},"categories":[3],"tags":[],"class_list":["post-20679","post","type-post","status-publish","format-standard","hentry","category-calendario"],"acf":[],"_links":{"self":[{"href":"https:\/\/menesianosoy.org\/index.php\/wp-json\/wp\/v2\/posts\/20679","targetHints":{"allow":["GET"]}}],"collection":[{"href":"https:\/\/menesianosoy.org\/index.php\/wp-json\/wp\/v2\/posts"}],"about":[{"href":"https:\/\/menesianosoy.org\/index.php\/wp-json\/wp\/v2\/types\/post"}],"author":[{"embeddable":true,"href":"https:\/\/menesianosoy.org\/index.php\/wp-json\/wp\/v2\/users\/3"}],"replies":[{"embeddable":true,"href":"https:\/\/menesianosoy.org\/index.php\/wp-json\/wp\/v2\/comments?post=20679"}],"version-history":[{"count":2,"href":"https:\/\/menesianosoy.org\/index.php\/wp-json\/wp\/v2\/posts\/20679\/revisions"}],"predecessor-version":[{"id":20682,"href":"https:\/\/menesianosoy.org\/index.php\/wp-json\/wp\/v2\/posts\/20679\/revisions\/20682"}],"wp:attachment":[{"href":"https:\/\/menesianosoy.org\/index.php\/wp-json\/wp\/v2\/media?parent=20679"}],"wp:term":[{"taxonomy":"category","embeddable":true,"href":"https:\/\/menesianosoy.org\/index.php\/wp-json\/wp\/v2\/categories?post=20679"},{"taxonomy":"post_tag","embeddable":true,"href":"https:\/\/menesianosoy.org\/index.php\/wp-json\/wp\/v2\/tags?post=20679"}],"curies":[{"name":"wp","href":"https:\/\/api.w.org\/{rel}","templated":true}]}}