{"id":20818,"date":"2025-02-23T10:15:43","date_gmt":"2025-02-23T13:15:43","guid":{"rendered":"https:\/\/menesianosoy.org\/?p=20818"},"modified":"2025-02-25T06:58:47","modified_gmt":"2025-02-25T09:58:47","slug":"martes-de-la-7a-semana-durante-el-ano","status":"publish","type":"post","link":"https:\/\/menesianosoy.org\/index.php\/2025\/02\/23\/martes-de-la-7a-semana-durante-el-ano\/","title":{"rendered":"Santo Toribio Romo &#8211; Beata Ludovica de Angelis"},"content":{"rendered":"\n<p class=\"has-text-align-left\"><strong>Eclesi\u00e1stico 2, 1-11<br>Salmo 36, 3-4. 18-19. 27. 39-40<\/strong><\/p>\n\n\n\n<h4 class=\"wp-block-heading has-text-align-left has-vivid-red-color has-text-color has-link-color wp-elements-4a642ee47dbe3d94ccebd9290e29b791\"><br><strong>Evangelio: Marcos 9, 30-37<\/strong><\/h4>\n\n\n\n<p class=\"has-text-align-left\"><strong><em>Jes\u00fas atravesaba la Galilea junto con sus disc\u00edpulos y no quer\u00eda que nadie lo supiera, porque ense\u00f1aba y les dec\u00eda: El Hijo del hombre va a ser entregado en manos de los hombres; lo matar\u00e1n y tres d\u00edas despu\u00e9s de su muerte, resucitar\u00e1\u201d. Pero los disc\u00edpulos no comprend\u00edan esto y tem\u00edan hacerle preguntas.<br>Llegaron a Cafarna\u00fam y, una vez que estuvieron en la casa, les pregunt\u00f3: \u00bfDe qu\u00e9 hablaban en el camino?<br>Ellos callaban, porque hab\u00edan estado discutiendo sobre qui\u00e9n era el m\u00e1s grande.<br>Entonces, sent\u00e1ndose, llam\u00f3 a los Doce y les dijo: El que quiere ser el primero debe hacerse el \u00faltimo de todos y el servidor de todos.<br>Despu\u00e9s, tomando a un ni\u00f1o, lo puso en medio de ellos y, abraz\u00e1ndolo, les dijo: El que recibe a uno de estos peque\u00f1os en mi Nombre, me recibe a m\u00ed, y el que me recibe no es a m\u00ed al que recibe sino a Aqu\u00e9l que me ha enviado.<\/em><\/strong><\/p>\n\n\n\n<figure class=\"wp-block-image size-full\"><img loading=\"lazy\" decoding=\"async\" width=\"500\" height=\"424\" src=\"https:\/\/menesianosoy.org\/wp-content\/uploads\/2025\/02\/los-pequec3b1os-lo-primero-fano-color.jpg\" alt=\"\" class=\"wp-image-20837\" srcset=\"https:\/\/menesianosoy.org\/wp-content\/uploads\/2025\/02\/los-pequec3b1os-lo-primero-fano-color.jpg 500w, https:\/\/menesianosoy.org\/wp-content\/uploads\/2025\/02\/los-pequec3b1os-lo-primero-fano-color-300x254.jpg 300w\" sizes=\"auto, (max-width: 500px) 85vw, 500px\" \/><\/figure>\n\n\n\n<p class=\"has-text-align-left\">Seg\u00fan el relato de Marcos, hasta por tres veces insiste Jes\u00fas, camino de Jerusal\u00e9n, en el destino que le espera. Su entrega al proyecto de Dios no terminar\u00e1 en el \u00e9xito triunfal que imaginan sus disc\u00edpulos. Al final habr\u00e1 \u00abresurrecci\u00f3n\u00bb, pero, aunque parezca incre\u00edble, Jes\u00fas \u00abser\u00e1 crucificado\u00bb. Sus seguidores lo deben saber.<br><br>Sin embargo, los disc\u00edpulos no lo entienden. Les da miedo hasta preguntarle. Ellos siguen pensando que Jes\u00fas les aportar\u00e1 gloria, poder y honor. No piensan en otra cosa. Al llegar a su casa de Cafarna\u00fan, Jes\u00fas les hace una sola pregunta: \u00ab\u00bfDe qu\u00e9 discut\u00edan por el camino?\u00bb, \u00bfde qu\u00e9 han hablado a sus espaldas en esa conversaci\u00f3n en la que Jes\u00fas ha estado ausente?<br><br>Los disc\u00edpulos guardan silencio. Les da verg\u00fcenza decirle la verdad. Mientras Jes\u00fas les habla de entrega y fidelidad, ellos est\u00e1n pensando en qui\u00e9n ser\u00e1 el m\u00e1s importante. No creen en la igualdad fraterna que busca Jes\u00fas. En realidad, lo que les mueve es la ambici\u00f3n y la vanidad: ser superiores a los dem\u00e1s.<br><br>Ante el silencio de sus disc\u00edpulos, Jes\u00fas se sienta y los llama. Tiene gran inter\u00e9s en ser escuchado. Lo que va a decir no ha de ser olvidado: <em>\u00abQuien quiera ser el primero, que sea el \u00faltimo de todos y el servidor de todos\u00bb.<\/em> En su movimiento no hay que mirar tanto a los que ocupan los primeros puestos y tienen renombre, t\u00edtulos y honores. Importantes son los que, sin pensar mucho en su prestigio o reputaci\u00f3n personal, se dedican sin ambiciones y con total libertad a servir, colaborar y contribuir al proyecto de Jes\u00fas. No lo hemos de olvidar: Lo importante no es quedar bien, sino hacer el bien, siguiendo a Jes\u00fas. (Pagola)<\/p>\n\n\n\n<p class=\"has-text-align-left\"><br><strong><em>M\u00c1XIMA<br>El que quiera ser grande, que sirva.<\/em><\/strong><\/p>\n\n\n\n<h4 class=\"wp-block-heading has-text-align-left has-vivid-red-color has-text-color has-link-color wp-elements-21e72ba6ab8aac75548a19d39767613b\"><br><strong>Palabras de Juan Mar\u00eda de la Mennais<\/strong><\/h4>\n\n\n\n<p class=\"has-text-align-left\"><img loading=\"lazy\" decoding=\"async\" width=\"150\" height=\"183\" class=\"wp-image-16098\" style=\"width: 150px;\" src=\"https:\/\/menesianosoy.org\/wp-content\/uploads\/2024\/09\/juanmaria.png\" alt=\"\" srcset=\"https:\/\/menesianosoy.org\/wp-content\/uploads\/2024\/09\/juanmaria.png 450w, https:\/\/menesianosoy.org\/wp-content\/uploads\/2024\/09\/juanmaria-246x300.png 246w\" sizes=\"auto, (max-width: 150px) 85vw, 150px\" \/><br><em>Nogues vino a buscarme y me pidi\u00f3 que lo pusiese en el \u00faltimo puesto, como pidiendo una gracia, un gran favor. Esto es algo digno de observar, porque muy a menudo entre los mismos religiosos hay una excesiva sensibilidad del amor propio, desagradables envidias por presencias, preferencias, bagatelas\u2026\u201d (Exequias de Alejandro Nogues, novicio de Saint- M\u00e9en, diciembre de 1825)&nbsp;<\/em><\/p>\n\n\n\n<h4 class=\"wp-block-heading has-text-align-left has-vivid-red-color has-text-color has-link-color wp-elements-3a320d70851be4d5ac383de58ec20173\"><br><strong>Bosque &#8211; Ruah<\/strong><\/h4>\n\n\n\n<figure class=\"wp-block-embed is-type-video is-provider-youtube wp-block-embed-youtube wp-embed-aspect-4-3 wp-has-aspect-ratio\"><div class=\"wp-block-embed__wrapper\">\n<iframe loading=\"lazy\" title=\"Bosque\" width=\"1140\" height=\"855\" src=\"https:\/\/www.youtube.com\/embed\/hsUXe0rEYT8?feature=oembed\" frameborder=\"0\" allow=\"accelerometer; autoplay; clipboard-write; encrypted-media; gyroscope; picture-in-picture; web-share\" referrerpolicy=\"strict-origin-when-cross-origin\" allowfullscreen><\/iframe>\n<\/div><\/figure>\n\n\n\n<p class=\"has-text-align-left\">Cu\u00e1nto ruido hacen mil \u00e1rboles creciendo;<br>cu\u00e1nto espacio ocupa un grano de mostaza;<br>cu\u00e1nta fe me va robando<br>aquello que no marcha bien;<br>cu\u00e1nto estruendo hace un solo \u00e1rbol al caer.<br><br>Qu\u00e9 distinta es la esperanza,<br>qu\u00e9 fecunda en lo escondido,<br>mientras otros hacen ruido,<br>ella sigue su camino,<br>que tu Reino siembra y sembrar\u00e1,<br>que quien tenga ojos lo ver\u00e1.<br><br>Que nos viva tu horizonte,<br>tu esperanza nos alumbre,<br>que jam\u00e1s hubo rinc\u00f3n sin luz<br>que tu amor no conociera.<br>Qu\u00e9 distinto tu lenguaje,<br>tu caricia y tu manera.<br>Contin\u00faanos salvando <br>cada d\u00eda, cada noche,<br>que nos pinta tu horizonte.<br>Tu esperanza nos alumbre,<br>que jam\u00e1s hubo rinc\u00f3n sin luz<br>que tu amor no conociera.<\/p>\n\n\n\n<p class=\"has-vivid-purple-background-color has-background\"><\/p>\n\n\n\n<figure class=\"wp-block-image size-full\"><img loading=\"lazy\" decoding=\"async\" width=\"500\" height=\"888\" src=\"https:\/\/menesianosoy.org\/wp-content\/uploads\/2024\/12\/ORACION-Y-logo-25-500-p-1.jpeg\" alt=\"\" class=\"wp-image-18663\" srcset=\"https:\/\/menesianosoy.org\/wp-content\/uploads\/2024\/12\/ORACION-Y-logo-25-500-p-1.jpeg 500w, https:\/\/menesianosoy.org\/wp-content\/uploads\/2024\/12\/ORACION-Y-logo-25-500-p-1-169x300.jpeg 169w\" sizes=\"auto, (max-width: 500px) 85vw, 500px\" \/><\/figure>\n","protected":false},"excerpt":{"rendered":"<p>Eclesi\u00e1stico 2, 1-11Salmo 36, 3-4. 18-19. 27. 39-40 Evangelio: Marcos 9, 30-37 Jes\u00fas atravesaba la Galilea junto con sus disc\u00edpulos y no quer\u00eda que nadie lo supiera, porque ense\u00f1aba y les dec\u00eda: El Hijo del hombre va a ser entregado en manos de los hombres; lo matar\u00e1n y tres d\u00edas despu\u00e9s de su muerte, resucitar\u00e1\u201d. &hellip; <a href=\"https:\/\/menesianosoy.org\/index.php\/2025\/02\/23\/martes-de-la-7a-semana-durante-el-ano\/\" class=\"more-link\">Continue reading<span class=\"screen-reader-text\"> \u00abSanto Toribio Romo &#8211; Beata Ludovica de Angelis\u00bb<\/span><\/a><\/p>\n","protected":false},"author":3,"featured_media":0,"comment_status":"closed","ping_status":"closed","sticky":false,"template":"","format":"standard","meta":{"_acf_changed":false,"footnotes":""},"categories":[9],"tags":[],"class_list":["post-20818","post","type-post","status-publish","format-standard","hentry","category-evangelio"],"acf":[],"_links":{"self":[{"href":"https:\/\/menesianosoy.org\/index.php\/wp-json\/wp\/v2\/posts\/20818","targetHints":{"allow":["GET"]}}],"collection":[{"href":"https:\/\/menesianosoy.org\/index.php\/wp-json\/wp\/v2\/posts"}],"about":[{"href":"https:\/\/menesianosoy.org\/index.php\/wp-json\/wp\/v2\/types\/post"}],"author":[{"embeddable":true,"href":"https:\/\/menesianosoy.org\/index.php\/wp-json\/wp\/v2\/users\/3"}],"replies":[{"embeddable":true,"href":"https:\/\/menesianosoy.org\/index.php\/wp-json\/wp\/v2\/comments?post=20818"}],"version-history":[{"count":16,"href":"https:\/\/menesianosoy.org\/index.php\/wp-json\/wp\/v2\/posts\/20818\/revisions"}],"predecessor-version":[{"id":20950,"href":"https:\/\/menesianosoy.org\/index.php\/wp-json\/wp\/v2\/posts\/20818\/revisions\/20950"}],"wp:attachment":[{"href":"https:\/\/menesianosoy.org\/index.php\/wp-json\/wp\/v2\/media?parent=20818"}],"wp:term":[{"taxonomy":"category","embeddable":true,"href":"https:\/\/menesianosoy.org\/index.php\/wp-json\/wp\/v2\/categories?post=20818"},{"taxonomy":"post_tag","embeddable":true,"href":"https:\/\/menesianosoy.org\/index.php\/wp-json\/wp\/v2\/tags?post=20818"}],"curies":[{"name":"wp","href":"https:\/\/api.w.org\/{rel}","templated":true}]}}