{"id":20841,"date":"2025-02-23T10:36:58","date_gmt":"2025-02-23T13:36:58","guid":{"rendered":"https:\/\/menesianosoy.org\/?p=20841"},"modified":"2025-02-23T12:03:37","modified_gmt":"2025-02-23T15:03:37","slug":"martes-de-la-7a-semana-durante-el-ano-2","status":"publish","type":"post","link":"https:\/\/menesianosoy.org\/index.php\/2025\/02\/23\/martes-de-la-7a-semana-durante-el-ano-2\/","title":{"rendered":"Santo Toribio Romo &#8211; Beata Ludovica de Angelis"},"content":{"rendered":"\n<h4 class=\"wp-block-heading has-text-align-left has-vivid-red-color has-text-color has-link-color wp-elements-1684fa5f74517d7ebbec79ff9e1bc5d7\"><strong>Oraci\u00f3n<\/strong>:<\/h4>\n\n\n\n<p class=\"has-text-align-left\"><strong><em>Se\u00f1or,<br>que puedas encontrar en nosotros<br>todas las perfecciones de tu Hijo,<br>que seamos,<br>en la medida que lo permita<br>la debilidad humana,<br>revestidos de Jesucristo,<br>que sigamos a Cristo<br>en todos sus caminos,<br>que juzguemos todas las cosas<br>como \u00e9l las juzga,<br>que amemos lo que \u00e9l ama,<br>que despreciemos lo que \u00e9l desprecia.<br>En una palabra,<br>que todos nuestros pensamientos<br>sean conformes a sus pensamientos<br>y que seamos su imagen viva. Am\u00e9n<br>(Juan Mar\u00eda<\/em><\/strong><\/p>\n\n\n\n<h4 class=\"wp-block-heading has-text-align-left has-vivid-red-color has-text-color has-link-color wp-elements-18562193e7fd59f025bdca24cbefd751\"><br><strong>Intenciones:<\/strong><\/h4>\n\n\n\n<ul class=\"wp-block-list\">\n<li>Por la preparaci\u00f3n del Cap\u00edtulo de Distrito 2025.<\/li>\n\n\n\n<li>Por la preparaci\u00f3n para la profesi\u00f3n perpetua del H. Walter.<\/li>\n\n\n\n<li>Por la salud del papa Francisco.<\/li>\n\n\n\n<li>Por la familia menesiana del colegio La Mennais de Montevideo y de Nanclares de la Oca.<\/li>\n\n\n\n<li>Por los menesianos, obras y nuevas vocaciones de la Provincia Santa Teresa del Ni\u00f1o Jes\u00fas (Uganda, Sud\u00e1n del Sur).<\/li>\n\n\n\n<li>Por los enfermos y discapacitados de nuestras comunidades educativas.<\/li>\n<\/ul>\n\n\n\n<h4 class=\"wp-block-heading has-text-align-left has-vivid-red-color has-text-color has-link-color wp-elements-7e66f88c2b42f4864689cf1ded727eb1\"><br><strong>Nueva Regla de Vida n\u00ba 30.2:<\/strong><\/h4>\n\n\n\n<p class=\"has-text-align-left\">Para aceptar cargos o responsabilidades que no provengan del Instituto, el Hermano solicita la autorizaci\u00f3n escrita del Hermano Superior Mayor.<\/p>\n\n\n\n<h4 class=\"wp-block-heading has-vivid-red-color has-text-color has-link-color wp-elements-0e836bf690551f2e187f414d213b6aae\"><br><strong>Al hermano Lambert Le Boullier, 5 de junio de 1846:<\/strong><\/h4>\n\n\n\n<p class=\"has-text-align-left\"><em>Aleja de ti todos los pensamientos oscuros y preocupados; considerarlos como tentaciones muy peligrosas.<\/em><\/p>\n\n\n\n<h4 class=\"wp-block-heading has-vivid-red-color has-text-color has-link-color wp-elements-4720016996c3f76847e09fa01db1b39c\"><br><strong>Difuntos:<\/strong><\/h4>\n\n\n\n<p class=\"has-text-align-left\">1975: Louis Dupr\u00e9 (Simplice)<br>1988: Joseph Colliaux (Joseph-Mathieu) y Antonin Cossette (Gabriel-Amable)<br>1989: Alphonse Baril (Robert-Marie)<br>2022: Raimond Hould (Gerard-Arthur)<\/p>\n\n\n\n<p class=\"has-vivid-purple-background-color has-background\"><\/p>\n\n\n\n<h5 class=\"wp-block-heading has-text-align-left has-small-font-size\"><img loading=\"lazy\" decoding=\"async\" width=\"150\" height=\"150\" class=\"wp-image-20850\" style=\"width: 150px;\" src=\"https:\/\/menesianosoy.org\/wp-content\/uploads\/2025\/02\/789dce_31275_123486710995538_6032917_n.jpg\" alt=\"\" srcset=\"https:\/\/menesianosoy.org\/wp-content\/uploads\/2025\/02\/789dce_31275_123486710995538_6032917_n.jpg 200w, https:\/\/menesianosoy.org\/wp-content\/uploads\/2025\/02\/789dce_31275_123486710995538_6032917_n-150x150.jpg 150w\" sizes=\"auto, (max-width: 150px) 85vw, 150px\" \/><br>TORIBIO ROMO GONZ\u00c1LEZ (1900-1928) fue un sacerdote mexicano, reconocido por la Iglesia cat\u00f3lica como santo y m\u00e1rtir, asesinado durante la Guerra Cristera en M\u00e9xico. Es considerado como patrono de los \u00abmojados\u00bb o migrantes indocumentados y choferes. La persecuci\u00f3n callista contra la Iglesia cat\u00f3lica enardeci\u00f3 los \u00e1nimos de los habitantes de Cuqu\u00edo y el 9 de noviembre de 1926 se levantaron en armas m\u00e1s de trescientos hombres, para rebelarse en contra de la opresi\u00f3n del Gobierno, que persegu\u00eda a muerte a los sacerdotes, quienes ten\u00edan que vivir escondidos en el campo huyendo de un lugar a otro. Toribio sab\u00eda que su presencia entre los alzados era una condena a muerte. Fue asesinado el 25 de febrero de 1828 y canonizado por Juan Pablo II en el a\u00f1o 2000.<\/h5>\n\n\n\n<h5 class=\"wp-block-heading has-text-align-left has-small-font-size\"><img loading=\"lazy\" decoding=\"async\" width=\"150\" height=\"199\" class=\"wp-image-20851\" style=\"width: 150px;\" src=\"https:\/\/menesianosoy.org\/wp-content\/uploads\/2025\/02\/unnamed.jpg\" alt=\"\" srcset=\"https:\/\/menesianosoy.org\/wp-content\/uploads\/2025\/02\/unnamed.jpg 289w, https:\/\/menesianosoy.org\/wp-content\/uploads\/2025\/02\/unnamed-226x300.jpg 226w\" sizes=\"auto, (max-width: 150px) 85vw, 150px\" \/><br>Beata MAR\u00cdA LUDOVICA DE ANGELIS (1880-1962) fue una religiosa italiana, perteneciente a la Congregaci\u00f3n de Hijas de La Misericordia de santa Mar\u00eda Josefa Rossello. Apenas ingres\u00f3 a la congregaci\u00f3n fue enviada a la Argentina. Trabaj\u00f3 en el Hospital de Ni\u00f1os de La Plata, del cual lleg\u00f3 a ser su directora hasta su fallecimiento. Fund\u00f3 tambi\u00e9n un hogar para ni\u00f1os. En 1935, sufri\u00f3 los primeros s\u00edntomas del c\u00e1ncer renal, que causar\u00eda su posterior fallecimiento. Se destac\u00f3 por su ayuda social y su entrega por atender a los enfermos. Juan Pablo II la beatific\u00f3 en el a\u00f1o 2004.<\/h5>\n","protected":false},"excerpt":{"rendered":"<p>Oraci\u00f3n: Se\u00f1or,que puedas encontrar en nosotrostodas las perfecciones de tu Hijo,que seamos,en la medida que lo permitala debilidad humana,revestidos de Jesucristo,que sigamos a Cristoen todos sus caminos,que juzguemos todas las cosascomo \u00e9l las juzga,que amemos lo que \u00e9l ama,que despreciemos lo que \u00e9l desprecia.En una palabra,que todos nuestros pensamientossean conformes a sus pensamientosy que seamos &hellip; <a href=\"https:\/\/menesianosoy.org\/index.php\/2025\/02\/23\/martes-de-la-7a-semana-durante-el-ano-2\/\" class=\"more-link\">Continue reading<span class=\"screen-reader-text\"> \u00abSanto Toribio Romo &#8211; Beata Ludovica de Angelis\u00bb<\/span><\/a><\/p>\n","protected":false},"author":3,"featured_media":0,"comment_status":"closed","ping_status":"closed","sticky":false,"template":"","format":"standard","meta":{"_acf_changed":false,"footnotes":""},"categories":[3],"tags":[],"class_list":["post-20841","post","type-post","status-publish","format-standard","hentry","category-calendario"],"acf":[],"_links":{"self":[{"href":"https:\/\/menesianosoy.org\/index.php\/wp-json\/wp\/v2\/posts\/20841","targetHints":{"allow":["GET"]}}],"collection":[{"href":"https:\/\/menesianosoy.org\/index.php\/wp-json\/wp\/v2\/posts"}],"about":[{"href":"https:\/\/menesianosoy.org\/index.php\/wp-json\/wp\/v2\/types\/post"}],"author":[{"embeddable":true,"href":"https:\/\/menesianosoy.org\/index.php\/wp-json\/wp\/v2\/users\/3"}],"replies":[{"embeddable":true,"href":"https:\/\/menesianosoy.org\/index.php\/wp-json\/wp\/v2\/comments?post=20841"}],"version-history":[{"count":7,"href":"https:\/\/menesianosoy.org\/index.php\/wp-json\/wp\/v2\/posts\/20841\/revisions"}],"predecessor-version":[{"id":20869,"href":"https:\/\/menesianosoy.org\/index.php\/wp-json\/wp\/v2\/posts\/20841\/revisions\/20869"}],"wp:attachment":[{"href":"https:\/\/menesianosoy.org\/index.php\/wp-json\/wp\/v2\/media?parent=20841"}],"wp:term":[{"taxonomy":"category","embeddable":true,"href":"https:\/\/menesianosoy.org\/index.php\/wp-json\/wp\/v2\/categories?post=20841"},{"taxonomy":"post_tag","embeddable":true,"href":"https:\/\/menesianosoy.org\/index.php\/wp-json\/wp\/v2\/tags?post=20841"}],"curies":[{"name":"wp","href":"https:\/\/api.w.org\/{rel}","templated":true}]}}