{"id":20863,"date":"2025-02-23T11:54:22","date_gmt":"2025-02-23T14:54:22","guid":{"rendered":"https:\/\/menesianosoy.org\/?p=20863"},"modified":"2025-02-25T21:28:32","modified_gmt":"2025-02-26T00:28:32","slug":"san-alejandro-de-alejandria-2","status":"publish","type":"post","link":"https:\/\/menesianosoy.org\/index.php\/2025\/02\/23\/san-alejandro-de-alejandria-2\/","title":{"rendered":"San Alejandro de Alejandr\u00eda"},"content":{"rendered":"\n<h5 class=\"wp-block-heading has-text-align-left has-vivid-purple-color has-text-color has-link-color wp-elements-897d5b8d67d48de8bb97f3de8f056690\"><strong><em>1987 &#8211; Apertura de la Comunidad de Luj\u00e1n de Cuyo (Argentina)<\/em><\/strong> <strong><em>con los hermanos Luis Aldecoa y Fernando Mussi.<\/em><\/strong><\/h5>\n\n\n\n<h4 class=\"wp-block-heading has-text-align-left has-vivid-red-color has-text-color has-link-color wp-elements-18c560e93d6d35a52de6d15a65353343\"><br><strong>Oraci\u00f3n<\/strong>:<\/h4>\n\n\n\n<p class=\"has-text-align-left\"><strong><em>Se\u00f1or, haz que escuche<br>los llamados que vienen de los hombres.<br>Se\u00f1or, haz que escuche<br>los gritos de los ni\u00f1os y j\u00f3venes&nbsp;<br>que vienen de la vida y de la historia&nbsp;<br>que van tejiendo a nuestro lado.<br>Se\u00f1or, haz que vea&nbsp;todo con ojos nuevos,&nbsp;<br>con coraz\u00f3n de entra\u00f1able misericordia.<br>Se\u00f1or haz que vea&nbsp;<br>y que avive mi pasi\u00f3n por los ni\u00f1os,&nbsp;<br>por los j\u00f3venes y por todos&nbsp;<br>los que est\u00e1n sedientos&nbsp;<br>de presencia y cercan\u00eda.<br>Se\u00f1or haz que vea&nbsp;<br>y que como Juan Mar\u00eda&nbsp;<br>tenga los ojos bien abiertos&nbsp;<br>para ir a la frontera, al extremo,&nbsp;<br>donde nadie alcanza,&nbsp;<br>porque desde all\u00ed llegan&nbsp;<br>las voces m\u00e1s apremiantes&nbsp;<br>de los hombres que nos convocan&nbsp;<br>y provocan.<\/em><\/strong><\/p>\n\n\n\n<h4 class=\"wp-block-heading has-text-align-left has-vivid-red-color has-text-color has-link-color wp-elements-1af8d1655da0d118c0bb0f37d65ec17b\"><br><strong>Intenciones:<\/strong> &nbsp; <\/h4>\n\n\n\n<ul class=\"wp-block-list\">\n<li>Por la familia menesiana del colegio San Pablo de y de la Escuelita de Luj\u00e1n de Cuyo.<\/li>\n\n\n\n<li>Por la salud del Papa Francisco.<\/li>\n\n\n\n<li>Por la beatificaci\u00f3n de nuestro Venerable Padre, Juan Mar\u00eda de la Mennais.<\/li>\n\n\n\n<li>Por la preparaci\u00f3n del Cap\u00edtulo de Distrito.<\/li>\n\n\n\n<li>Por la preparaci\u00f3n para la profesi\u00f3n perpetua del H. Walter.<\/li>\n\n\n\n<li>Por los enfermos de nuestras comunidades.<\/li>\n<\/ul>\n\n\n\n<h4 class=\"wp-block-heading has-text-align-left has-vivid-red-color has-text-color has-link-color wp-elements-c23332b9b0553737f7b630fe950db241\"><br><strong>Nueva Regla de Vida n\u00ba 30.3:<\/strong><\/h4>\n\n\n\n<p class=\"has-text-align-left\">Aun cuando ejerza un apostolado fuera del Instituto, el Hermano permanece sometido a la autoridad del Hermano Superior Mayor y a la disciplina del Instituto.<\/p>\n\n\n\n<h4 class=\"wp-block-heading has-text-align-left has-vivid-red-color has-text-color has-link-color wp-elements-7e7be51abd059df8967c97a48ccae645\"><br><strong>A los sacerdotes de Saint-M\u00e9en, serm\u00f3n sobre la perfecci\u00f3n&#8217;:<\/strong><\/h4>\n\n\n\n<p class=\"has-text-align-left\"><em>Tengan la certeza de que todo lo que los lleva a la melancol\u00eda, a la murmuraci\u00f3n, a la desconfianza de vuestros superiores, al disgusto de su estado, no es m\u00e1s que una tentaci\u00f3n<\/em>.<\/p>\n\n\n\n<h4 class=\"wp-block-heading has-text-align-left has-vivid-red-color has-text-color has-link-color wp-elements-09ca2e751e021d3cea44fa6563946cc1\"><br><strong>Difuntos:<\/strong><\/h4>\n\n\n\n<p class=\"has-text-align-left\">1967: Yves-Marie Le Hu\u00e9rou (Anatolius)<br>1970: Joseph Prigent (Germain-\u00c9douard)<br>1997: Athanase Gu\u00e9guen (Florentin-Charles)<br>1998: Hubert Poulain (Eug\u00e9nien)<br>2008: Drouin Roland (Philippe-Arthur)<br>2014: Cosma Kafeero Kiwanuka.<\/p>\n","protected":false},"excerpt":{"rendered":"<p>1987 &#8211; Apertura de la Comunidad de Luj\u00e1n de Cuyo (Argentina) con los hermanos Luis Aldecoa y Fernando Mussi. Oraci\u00f3n: Se\u00f1or, haz que escuchelos llamados que vienen de los hombres.Se\u00f1or, haz que escuchelos gritos de los ni\u00f1os y j\u00f3venes&nbsp;que vienen de la vida y de la historia&nbsp;que van tejiendo a nuestro lado.Se\u00f1or, haz que vea&nbsp;todo &hellip; <a href=\"https:\/\/menesianosoy.org\/index.php\/2025\/02\/23\/san-alejandro-de-alejandria-2\/\" class=\"more-link\">Continue reading<span class=\"screen-reader-text\"> \u00abSan Alejandro de Alejandr\u00eda\u00bb<\/span><\/a><\/p>\n","protected":false},"author":3,"featured_media":0,"comment_status":"closed","ping_status":"closed","sticky":false,"template":"","format":"standard","meta":{"_acf_changed":false,"footnotes":""},"categories":[3],"tags":[],"class_list":["post-20863","post","type-post","status-publish","format-standard","hentry","category-calendario"],"acf":[],"_links":{"self":[{"href":"https:\/\/menesianosoy.org\/index.php\/wp-json\/wp\/v2\/posts\/20863","targetHints":{"allow":["GET"]}}],"collection":[{"href":"https:\/\/menesianosoy.org\/index.php\/wp-json\/wp\/v2\/posts"}],"about":[{"href":"https:\/\/menesianosoy.org\/index.php\/wp-json\/wp\/v2\/types\/post"}],"author":[{"embeddable":true,"href":"https:\/\/menesianosoy.org\/index.php\/wp-json\/wp\/v2\/users\/3"}],"replies":[{"embeddable":true,"href":"https:\/\/menesianosoy.org\/index.php\/wp-json\/wp\/v2\/comments?post=20863"}],"version-history":[{"count":5,"href":"https:\/\/menesianosoy.org\/index.php\/wp-json\/wp\/v2\/posts\/20863\/revisions"}],"predecessor-version":[{"id":20964,"href":"https:\/\/menesianosoy.org\/index.php\/wp-json\/wp\/v2\/posts\/20863\/revisions\/20964"}],"wp:attachment":[{"href":"https:\/\/menesianosoy.org\/index.php\/wp-json\/wp\/v2\/media?parent=20863"}],"wp:term":[{"taxonomy":"category","embeddable":true,"href":"https:\/\/menesianosoy.org\/index.php\/wp-json\/wp\/v2\/categories?post=20863"},{"taxonomy":"post_tag","embeddable":true,"href":"https:\/\/menesianosoy.org\/index.php\/wp-json\/wp\/v2\/tags?post=20863"}],"curies":[{"name":"wp","href":"https:\/\/api.w.org\/{rel}","templated":true}]}}