{"id":21025,"date":"2025-02-28T17:12:46","date_gmt":"2025-02-28T20:12:46","guid":{"rendered":"https:\/\/menesianosoy.org\/?p=21025"},"modified":"2025-03-02T20:14:14","modified_gmt":"2025-03-02T23:14:14","slug":"san-casimiro-4","status":"publish","type":"post","link":"https:\/\/menesianosoy.org\/index.php\/2025\/02\/28\/san-casimiro-4\/","title":{"rendered":"San Casimiro"},"content":{"rendered":"\n<p class=\"has-text-align-left\"><strong><em>1792 &#8211; Nuestro Padre Deshayes fue ordenado sacerdote en Jersey por Monse\u00f1or Le Mintier (\u00faltimo obispo de Tr\u00e9guier).&nbsp;&nbsp;&nbsp;&nbsp;&nbsp;&nbsp;&nbsp;&nbsp;&nbsp;&nbsp;&nbsp;&nbsp;&nbsp;<\/em><\/strong><\/p>\n\n\n\n<h4 class=\"wp-block-heading has-vivid-red-color has-text-color has-link-color wp-elements-0956e1140d358bf33d75d2e2da881c86\"><br><strong>Oraci\u00f3n:<\/strong><\/h4>\n\n\n\n<p class=\"has-text-align-left\"><strong><em>Padre, me pongo en tus manos,&nbsp;<br>haz de m\u00ed lo que quieras,&nbsp;<br>sea lo que sea, te doy las gracias.<br>Estoy dispuesto a todo,<br>lo acepto todo,&nbsp;<br>con tal que tu voluntad se cumpla en m\u00ed,&nbsp;<br>y en todas tus criaturas.<br>No deseo nada m\u00e1s, Padre.<br>Te conf\u00edo mi alma,&nbsp;<br>te la doy con todo el amor<br>de que soy capaz, porque te amo<br>y necesito darme,&nbsp;<br>ponerme en tus manos sin medida,&nbsp;<br>con una infinita confianza,<br>porque T\u00fa eres mi Padre.<br>(Carlos de Foucauld)<\/em><\/strong><strong><em><\/em><\/strong><\/p>\n\n\n\n<h4 class=\"wp-block-heading has-text-align-left has-vivid-red-color has-text-color has-link-color wp-elements-2d1e8210f33c2f482fb2b1a21b062367\"><br><strong>Intenciones:<\/strong> \u00a0 <\/h4>\n\n\n\n<ul class=\"wp-block-list\">\n<li>Por el visitador y su Consejo.<\/li>\n\n\n\n<li>Por el Cap\u00edtulo de Distrito.<\/li>\n\n\n\n<li>Por la profesi\u00f3n perpetua del H. <strong>Walter<\/strong>.<\/li>\n\n\n\n<li>Por la familia menesiana del colegio Cardenal Copello de Buenos Aires y la de Berrio-Otxoa.<\/li>\n\n\n\n<li>Por la Provincia Juan de la Mennais, los hermanos, laicos y las vocaciones nuevas.<\/li>\n<\/ul>\n\n\n\n<h4 class=\"wp-block-heading has-vivid-red-color has-text-color has-link-color wp-elements-d0d2fcb8201dceff83890ee8ff593ae9\"><br><strong>Nueva Regla de Vida n\u00ba 33b:<\/strong><\/h4>\n\n\n\n<p class=\"has-text-align-left\">A ejemplo de Juan Mar\u00eda de la Mennais y en virtud del voto de obediencia, los Hermanos profesan obediencia total al Papa, su primer Superior.<\/p>\n\n\n\n<h4 class=\"wp-block-heading has-text-align-left has-vivid-red-color has-text-color has-link-color wp-elements-9839174bdb5b4e43dec0dec7b4ffb3a2\"><br><strong>A Brut\u00e9 de R\u00e9amur, 18 de diciembre de 1820:<\/strong><\/h4>\n\n\n\n<p class=\"has-text-align-left\"><em>No se asusten por los obst\u00e1culos; los hay en todas partes. Hay que verlos y vencerlos.<\/em><\/p>\n\n\n\n<h4 class=\"wp-block-heading has-text-align-left has-vivid-red-color has-text-color has-link-color wp-elements-09ca2e751e021d3cea44fa6563946cc1\"><br><strong>Difuntos:<\/strong><\/h4>\n\n\n\n<p class=\"has-text-align-left\">1969: <strong>Benito Onaind\u00eda (Gregorio)<\/strong>. Naci\u00f3 en Fr\u00faniz en 1896. Muri\u00f3 en Bilbao<br>1977: Athanase Gu\u00e9guen (Florentin-Charles)<br>1979: Jean Gaudin (Sixte-Joseph)<br>1989: Philippe Lambert (Agathange-Marie)<br>1996: Michel Deman (Th\u00e9ophane V\u00e9nard): Asistente desde 1970 hasta 1982)<br>1998: Bernard Jourdan (Gabriel-Bernard)<br>2002: Yves Balthazar (Marcien-Joseph): Asistente desde 1964 hasta 1970.<br>2014: Robert Jarnoux (Robert-Andr\u00e9)<\/p>\n","protected":false},"excerpt":{"rendered":"<p>1792 &#8211; Nuestro Padre Deshayes fue ordenado sacerdote en Jersey por Monse\u00f1or Le Mintier (\u00faltimo obispo de Tr\u00e9guier).&nbsp;&nbsp;&nbsp;&nbsp;&nbsp;&nbsp;&nbsp;&nbsp;&nbsp;&nbsp;&nbsp;&nbsp;&nbsp; Oraci\u00f3n: Padre, me pongo en tus manos,&nbsp;haz de m\u00ed lo que quieras,&nbsp;sea lo que sea, te doy las gracias.Estoy dispuesto a todo,lo acepto todo,&nbsp;con tal que tu voluntad se cumpla en m\u00ed,&nbsp;y en todas tus criaturas.No deseo &hellip; <a href=\"https:\/\/menesianosoy.org\/index.php\/2025\/02\/28\/san-casimiro-4\/\" class=\"more-link\">Continue reading<span class=\"screen-reader-text\"> \u00abSan Casimiro\u00bb<\/span><\/a><\/p>\n","protected":false},"author":3,"featured_media":0,"comment_status":"closed","ping_status":"closed","sticky":false,"template":"","format":"standard","meta":{"_acf_changed":false,"footnotes":""},"categories":[3],"tags":[],"class_list":["post-21025","post","type-post","status-publish","format-standard","hentry","category-calendario"],"acf":[],"_links":{"self":[{"href":"https:\/\/menesianosoy.org\/index.php\/wp-json\/wp\/v2\/posts\/21025","targetHints":{"allow":["GET"]}}],"collection":[{"href":"https:\/\/menesianosoy.org\/index.php\/wp-json\/wp\/v2\/posts"}],"about":[{"href":"https:\/\/menesianosoy.org\/index.php\/wp-json\/wp\/v2\/types\/post"}],"author":[{"embeddable":true,"href":"https:\/\/menesianosoy.org\/index.php\/wp-json\/wp\/v2\/users\/3"}],"replies":[{"embeddable":true,"href":"https:\/\/menesianosoy.org\/index.php\/wp-json\/wp\/v2\/comments?post=21025"}],"version-history":[{"count":4,"href":"https:\/\/menesianosoy.org\/index.php\/wp-json\/wp\/v2\/posts\/21025\/revisions"}],"predecessor-version":[{"id":21135,"href":"https:\/\/menesianosoy.org\/index.php\/wp-json\/wp\/v2\/posts\/21025\/revisions\/21135"}],"wp:attachment":[{"href":"https:\/\/menesianosoy.org\/index.php\/wp-json\/wp\/v2\/media?parent=21025"}],"wp:term":[{"taxonomy":"category","embeddable":true,"href":"https:\/\/menesianosoy.org\/index.php\/wp-json\/wp\/v2\/categories?post=21025"},{"taxonomy":"post_tag","embeddable":true,"href":"https:\/\/menesianosoy.org\/index.php\/wp-json\/wp\/v2\/tags?post=21025"}],"curies":[{"name":"wp","href":"https:\/\/api.w.org\/{rel}","templated":true}]}}