{"id":21239,"date":"2025-03-07T18:46:41","date_gmt":"2025-03-07T21:46:41","guid":{"rendered":"https:\/\/menesianosoy.org\/?p=21239"},"modified":"2025-03-07T18:53:17","modified_gmt":"2025-03-07T21:53:17","slug":"san-luis-orione-6","status":"publish","type":"post","link":"https:\/\/menesianosoy.org\/index.php\/2025\/03\/07\/san-luis-orione-6\/","title":{"rendered":"San Luis Orione"},"content":{"rendered":"\n<h4 class=\"wp-block-heading has-text-align-left has-vivid-red-color has-text-color has-link-color wp-elements-192d86fab2eab9d17323cf6ab0a7d13c\"><br><strong>Oraci\u00f3n:<\/strong><\/h4>\n\n\n\n<p class=\"has-text-align-left\"><a><strong><em>Se\u00f1or,<br>que puedas encontrar en nosotros<br>todas las perfecciones de tu Hijo,<br>que seamos,<br>en la medida que lo permita<br>la debilidad humana,<br>revestidos de Jesucristo,<br>que sigamos a Cristo<br>en todos sus caminos,<br>que juzguemos todas las cosas<br>como \u00e9l las juzga,<br>que amemos lo que \u00e9l ama,<br>que despreciemos lo que \u00e9l desprecia.<br>En una palabra,<br>que todos nuestros pensamientos<br>sean conformes a sus pensamientos<br>y que seamos su imagen viva. Am\u00e9n<br>(Juan Mar\u00eda)<\/em><\/strong><\/a><\/p>\n\n\n\n<h4 class=\"wp-block-heading has-text-align-left has-vivid-red-color has-text-color has-link-color wp-elements-2d1e8210f33c2f482fb2b1a21b062367\"><br><strong>Intenciones:<\/strong> \u00a0 <\/h4>\n\n\n\n<ul class=\"wp-block-list\">\n<li>Por el Cap\u00edtulo de Distrito.<\/li>\n\n\n\n<li>Por la profesi\u00f3n perpetua del H. Walter.<\/li>\n\n\n\n<li>Por la comunidad menesiana de Quinta Normal y la comunidad de Jacmel (Hait\u00ed).<\/li>\n\n\n\n<li>Por los menesianos, las obras y las nuevas vocaciones de la Delegaci\u00f3n del Congo.<\/li>\n\n\n\n<li>Por las vocaciones religiosas y sacerdotales.<\/li>\n<\/ul>\n\n\n\n<h4 class=\"wp-block-heading has-text-align-left has-vivid-red-color has-text-color has-link-color wp-elements-7c00ea10521a82b41cf44afb32af6c92\"><br><strong>Nueva Regla de Vida n\u00ba 38.1:<\/strong><\/h4>\n\n\n\n<p class=\"has-text-align-left\">En cada etapa de la formaci\u00f3n inicial, los candidatos y los Hermanos j\u00f3venes reciben una formaci\u00f3n adecuada en el campo de las relaciones afectivas y de la sexualidad.\u00a0<\/p>\n\n\n\n<h4 class=\"wp-block-heading has-text-align-left has-vivid-red-color has-text-color has-link-color wp-elements-73de9933d52f25a156f27ed9a2d6c7d4\"><br><strong>Al\u00a0 Ferdinand Tourtier, 15 octubre 1839:<\/strong><\/h4>\n\n\n\n<p class=\"has-text-align-left\"><em>Bendigo al Se\u00f1or por lo que tengo que sufrir, porque es necesario que llevemos esta cruz con la que hemos sido salvados.<\/em><\/p>\n\n\n\n<h4 class=\"wp-block-heading has-text-align-left has-vivid-red-color has-text-color has-link-color wp-elements-09ca2e751e021d3cea44fa6563946cc1\"><br><strong>Difuntos:<\/strong><\/h4>\n\n\n\n<p class=\"has-text-align-left\">2003: Paul Monette (Jacques)<br>2006: Ben\u00f4it Aubr\u00e9e<br>2022: Paul Tiriau (Gustave-Claude)<\/p>\n","protected":false},"excerpt":{"rendered":"<p>Oraci\u00f3n: Se\u00f1or,que puedas encontrar en nosotrostodas las perfecciones de tu Hijo,que seamos,en la medida que lo permitala debilidad humana,revestidos de Jesucristo,que sigamos a Cristoen todos sus caminos,que juzguemos todas las cosascomo \u00e9l las juzga,que amemos lo que \u00e9l ama,que despreciemos lo que \u00e9l desprecia.En una palabra,que todos nuestros pensamientossean conformes a sus pensamientosy que seamos &hellip; <a href=\"https:\/\/menesianosoy.org\/index.php\/2025\/03\/07\/san-luis-orione-6\/\" class=\"more-link\">Continue reading<span class=\"screen-reader-text\"> \u00abSan Luis Orione\u00bb<\/span><\/a><\/p>\n","protected":false},"author":3,"featured_media":0,"comment_status":"closed","ping_status":"closed","sticky":false,"template":"","format":"standard","meta":{"_acf_changed":false,"footnotes":""},"categories":[3],"tags":[],"class_list":["post-21239","post","type-post","status-publish","format-standard","hentry","category-calendario"],"acf":[],"_links":{"self":[{"href":"https:\/\/menesianosoy.org\/index.php\/wp-json\/wp\/v2\/posts\/21239","targetHints":{"allow":["GET"]}}],"collection":[{"href":"https:\/\/menesianosoy.org\/index.php\/wp-json\/wp\/v2\/posts"}],"about":[{"href":"https:\/\/menesianosoy.org\/index.php\/wp-json\/wp\/v2\/types\/post"}],"author":[{"embeddable":true,"href":"https:\/\/menesianosoy.org\/index.php\/wp-json\/wp\/v2\/users\/3"}],"replies":[{"embeddable":true,"href":"https:\/\/menesianosoy.org\/index.php\/wp-json\/wp\/v2\/comments?post=21239"}],"version-history":[{"count":4,"href":"https:\/\/menesianosoy.org\/index.php\/wp-json\/wp\/v2\/posts\/21239\/revisions"}],"predecessor-version":[{"id":21246,"href":"https:\/\/menesianosoy.org\/index.php\/wp-json\/wp\/v2\/posts\/21239\/revisions\/21246"}],"wp:attachment":[{"href":"https:\/\/menesianosoy.org\/index.php\/wp-json\/wp\/v2\/media?parent=21239"}],"wp:term":[{"taxonomy":"category","embeddable":true,"href":"https:\/\/menesianosoy.org\/index.php\/wp-json\/wp\/v2\/categories?post=21239"},{"taxonomy":"post_tag","embeddable":true,"href":"https:\/\/menesianosoy.org\/index.php\/wp-json\/wp\/v2\/tags?post=21239"}],"curies":[{"name":"wp","href":"https:\/\/api.w.org\/{rel}","templated":true}]}}