{"id":21448,"date":"2025-03-16T10:04:35","date_gmt":"2025-03-16T13:04:35","guid":{"rendered":"https:\/\/menesianosoy.org\/?p=21448"},"modified":"2025-03-17T18:47:00","modified_gmt":"2025-03-17T21:47:00","slug":"san-cirilo-de-jerusalen-2","status":"publish","type":"post","link":"https:\/\/menesianosoy.org\/index.php\/2025\/03\/16\/san-cirilo-de-jerusalen-2\/","title":{"rendered":"San Cirilo de Jerusal\u00e9n"},"content":{"rendered":"\n<p><strong><em>1814 &#8211; Llegada a S. Brieuc del P. la Mennais como secretario particular de Mons. J. B. Caffareli<\/em><\/strong><br><strong><em>1982 &#8211; El Hno. Bernard Gaudeul es elegido Superior General.<\/em><\/strong><\/p>\n\n\n\n<h4 class=\"wp-block-heading has-text-align-left has-vivid-red-color has-text-color has-link-color wp-elements-192d86fab2eab9d17323cf6ab0a7d13c\"><br><strong>Oraci\u00f3n:<\/strong><\/h4>\n\n\n\n<p><a><strong><em>Se\u00f1or,<br>que puedas encontrar en nosotros<br>todas las perfecciones de tu Hijo,<br>que seamos,<br>en la medida que lo permita<br>la debilidad humana,<br>revestidos de Jesucristo,<br>que sigamos a Cristo<br>en todos sus caminos,<br>que juzguemos todas las cosas<br>como \u00e9l las juzga,<br>que amemos lo que \u00e9l ama,<br>que despreciemos lo que \u00e9l desprecia.<br>En una palabra,<br>que todos nuestros pensamientos<br>sean conformes a sus pensamientos<br>y que seamos su imagen viva. Am\u00e9n<br>(Juan Mar\u00eda)<\/em><\/strong><\/a><\/p>\n\n\n\n<h4 class=\"wp-block-heading has-text-align-left has-vivid-red-color has-text-color has-link-color wp-elements-1af8d1655da0d118c0bb0f37d65ec17b\"><br><strong>Intenciones:<\/strong> &nbsp; <\/h4>\n\n\n\n<ul class=\"wp-block-list\">\n<li>Por nuestro pr\u00f3ximo Cap\u00edtulo de Distrito.<\/li>\n\n\n\n<li>Por la visita del Hermano Miguel, asistente general, al Distrito.<\/li>\n\n\n\n<li>Por la familia menesiana del colegio Teodelina de Villa G. G\u00e1lvez&nbsp;y de Santo Domingo de la Calzada.<\/li>\n\n\n\n<li>Por el cumplea\u00f1os del H. <strong>Alfredo Cuesta<\/strong>, de la comunidad de Madrid.<\/li>\n\n\n\n<li>Por los menesianos, obras y nuevas vocaciones del Distrito San Pablo (Togo &#8211; Senegal &#8211; Benin &#8211; Costa de Marfil)<\/li>\n<\/ul>\n\n\n\n<h4 class=\"wp-block-heading has-vivid-red-color has-text-color has-link-color wp-elements-b815f081aa8edc67d2df55587a65b14b\"><br><strong>Nueva Regla de Vida n\u00ba 40a:<\/strong><\/h4>\n\n\n\n<p class=\"has-text-align-left\">El celibato consagrado abre al Hermano a un amor lleno de amabilidad y delicadeza. Se hace hermano de todos, especialmente de los m\u00e1s desfavorecidos. La elecci\u00f3n del celibato consagrado le da una mayor disponibilidad apost\u00f3lica y afianza su obediencia afianza su obediencia para llevar a cabo la misi\u00f3n.<\/p>\n\n\n\n<h4 class=\"wp-block-heading has-text-align-left has-vivid-red-color has-text-color has-link-color wp-elements-aa3f87543475330b262920e9cd1ea9d9\"><br><strong>M\u00e9morial, pp. 15-16:<\/strong><\/h4>\n\n\n\n<p class=\"has-text-align-left\"><em>Cuando el alma est\u00e1 reseca y cuando la tristeza la oprime, ir al Huerto de los Olivos, ponerse de rodillas al lado de Jesucristo: tomar el c\u00e1liz que nos ofrece y decir: Padre m\u00edo que no se haga mi voluntad<br>sino la tuya\u201c<\/em>.<\/p>\n\n\n\n<h4 class=\"wp-block-heading has-text-align-left has-vivid-red-color has-text-color has-link-color wp-elements-09ca2e751e021d3cea44fa6563946cc1\"><br><strong>Difuntos:<\/strong><\/h4>\n\n\n\n<p class=\"has-text-align-left\">1992: Octave Soulard (Ernest-Pierre)<br>1996: Joseph Bainvel (Lazarus)<br>2024: Eug\u00e8ne Gauthier (Hubert-Eug\u00e8ne)<br><\/p>\n","protected":false},"excerpt":{"rendered":"<p>1814 &#8211; Llegada a S. Brieuc del P. la Mennais como secretario particular de Mons. J. B. Caffareli1982 &#8211; El Hno. Bernard Gaudeul es elegido Superior General. Oraci\u00f3n: Se\u00f1or,que puedas encontrar en nosotrostodas las perfecciones de tu Hijo,que seamos,en la medida que lo permitala debilidad humana,revestidos de Jesucristo,que sigamos a Cristoen todos sus caminos,que juzguemos &hellip; <a href=\"https:\/\/menesianosoy.org\/index.php\/2025\/03\/16\/san-cirilo-de-jerusalen-2\/\" class=\"more-link\">Continue reading<span class=\"screen-reader-text\"> \u00abSan Cirilo de Jerusal\u00e9n\u00bb<\/span><\/a><\/p>\n","protected":false},"author":3,"featured_media":0,"comment_status":"closed","ping_status":"closed","sticky":false,"template":"","format":"standard","meta":{"_acf_changed":false,"footnotes":""},"categories":[3],"tags":[],"class_list":["post-21448","post","type-post","status-publish","format-standard","hentry","category-calendario"],"acf":[],"_links":{"self":[{"href":"https:\/\/menesianosoy.org\/index.php\/wp-json\/wp\/v2\/posts\/21448","targetHints":{"allow":["GET"]}}],"collection":[{"href":"https:\/\/menesianosoy.org\/index.php\/wp-json\/wp\/v2\/posts"}],"about":[{"href":"https:\/\/menesianosoy.org\/index.php\/wp-json\/wp\/v2\/types\/post"}],"author":[{"embeddable":true,"href":"https:\/\/menesianosoy.org\/index.php\/wp-json\/wp\/v2\/users\/3"}],"replies":[{"embeddable":true,"href":"https:\/\/menesianosoy.org\/index.php\/wp-json\/wp\/v2\/comments?post=21448"}],"version-history":[{"count":4,"href":"https:\/\/menesianosoy.org\/index.php\/wp-json\/wp\/v2\/posts\/21448\/revisions"}],"predecessor-version":[{"id":21483,"href":"https:\/\/menesianosoy.org\/index.php\/wp-json\/wp\/v2\/posts\/21448\/revisions\/21483"}],"wp:attachment":[{"href":"https:\/\/menesianosoy.org\/index.php\/wp-json\/wp\/v2\/media?parent=21448"}],"wp:term":[{"taxonomy":"category","embeddable":true,"href":"https:\/\/menesianosoy.org\/index.php\/wp-json\/wp\/v2\/categories?post=21448"},{"taxonomy":"post_tag","embeddable":true,"href":"https:\/\/menesianosoy.org\/index.php\/wp-json\/wp\/v2\/tags?post=21448"}],"curies":[{"name":"wp","href":"https:\/\/api.w.org\/{rel}","templated":true}]}}