{"id":21634,"date":"2025-03-22T16:57:36","date_gmt":"2025-03-22T19:57:36","guid":{"rendered":"https:\/\/menesianosoy.org\/?p=21634"},"modified":"2025-03-24T08:21:56","modified_gmt":"2025-03-24T11:21:56","slug":"san-oscar-romero-2","status":"publish","type":"post","link":"https:\/\/menesianosoy.org\/index.php\/2025\/03\/22\/san-oscar-romero-2\/","title":{"rendered":"San \u00d3scar Romero"},"content":{"rendered":"\n<p class=\"has-text-align-left has-black-color has-text-color has-link-color wp-elements-f3fd4e88381a66e54778a23a428e8967\"><strong>1858 &#8211; Muerte de la Madre Margarita Mar\u00eda, primera Superiora General de las Hijas de la Providencia.<br>1993 &#8211; Juan Pablo II declara este d\u00eda, recuerdo de la muerte de Monse\u00f1or Romero, jornada de ayuno y oraci\u00f3n en memoria de los misioneros m\u00e1rtires.<\/strong><\/p>\n\n\n\n<h4 class=\"wp-block-heading has-vivid-red-color has-text-color has-link-color wp-elements-147a8078453413efde2d011af260ed58\"><br><strong>Oraci\u00f3n<\/strong><\/h4>\n\n\n\n<p class=\"has-text-align-left\"><strong><em>Se\u00f1or, haz que escuche<br>los llamados que vienen de los hombres.<br>Se\u00f1or, haz que escuche<br>los gritos de los ni\u00f1os y j\u00f3venes\u00a0<br>que vienen de la vida y de la historia\u00a0<br>que van tejiendo a nuestro lado.<br>Se\u00f1or, haz que vea\u00a0todo con ojos nuevos,\u00a0<br>con coraz\u00f3n de entra\u00f1able misericordia.<br>Se\u00f1or, haz que vea\u00a0<br>y que avive mi pasi\u00f3n por los ni\u00f1os,\u00a0<br>por los j\u00f3venes y por todos\u00a0<br>los que est\u00e1n sedientos\u00a0<br>de presencia y cercan\u00eda.<br>Se\u00f1or, haz que vea\u00a0<br>y que como Juan Mar\u00eda\u00a0<br>tenga los ojos bien abiertos\u00a0<br>para ir a la frontera, al extremo,\u00a0<br>donde nadie alcanza,\u00a0<br>porque desde all\u00ed llegan\u00a0<br>las voces m\u00e1s apremiantes\u00a0<br>de los hombres que nos convocan\u00a0<br>y provocan.<\/em><\/strong><\/p>\n\n\n\n<h4 class=\"wp-block-heading has-vivid-red-color has-text-color has-link-color wp-elements-7a0ff5ef426345d54ec2ffc3919b8c7e\"><br><strong>Intenciones<\/strong><\/h4>\n\n\n\n<ul class=\"wp-block-list\">\n<li>Por los superiores de comunidad y directivos de centros educativos.<\/li>\n\n\n\n<li>Por la visita del H. Miguel Aristondo al Distrito.<\/li>\n\n\n\n<li>Por la preparaci\u00f3n del Cap\u00edtulo de Distrito.<\/li>\n\n\n\n<li>Por la familia menesiana del colegio Sagrado Coraz\u00f3n de Llay-Llay y la de Nanclares de la Oca.<\/li>\n\n\n\n<li>Por los menesianos, las obras y nuevas vocaciones de la Provincia San Luis Gonzaga (Hait\u00ed).<\/li>\n<\/ul>\n\n\n\n<h4 class=\"wp-block-heading has-text-align-left has-vivid-red-color has-text-color has-link-color wp-elements-6aa7ed63ecfe20c0e7faf1e7beb9a238\"><br><strong>Nueva Regla de Vida n\u00ba 42b<\/strong><\/h4>\n\n\n\n<p class=\"has-text-align-left\">Para una configuraci\u00f3n m\u00e1s \u00edntima con su Se\u00f1or, el Hermano hace voto de pobreza. Desprende su coraz\u00f3n de lo que tiene y de lo que es. Vive como quien ha recibido gratuitamente el \u00fanico tesoro: \u00abDios m\u00edo, t\u00fa lo ser\u00e1s todo para m\u00ed: la vida no es nada, la reputaci\u00f3n no es nada, la ciencia no es nada, la salud no es nada, la riqueza no es nada, \u00a1s\u00f3lo Dios!<\/p>\n\n\n\n<h4 class=\"wp-block-heading has-text-align-left has-vivid-red-color has-text-color has-link-color wp-elements-cd6e7a68837d63e162e785adf3d6f4cc\"><br><strong>A los sacerdotes de Saint-M\u00e9en, sobre los obst\u00e1culos al establecimiento de la Congregaci\u00f3n&#8217;:<\/strong><\/h4>\n\n\n\n<p class=\"has-text-align-left\"><em>No hay hombres perfectos: pero de todas las imperfecciones, la mayor ser\u00eda no querer sufrir nada y exigir a los dem\u00e1s m\u00e1s virtudes de las que uno mismo tiene.<\/em><\/p>\n\n\n\n<h4 class=\"wp-block-heading has-text-align-left has-vivid-red-color has-text-color has-link-color wp-elements-09ca2e751e021d3cea44fa6563946cc1\"><br><strong>Difuntos:<\/strong><\/h4>\n\n\n\n<p class=\"has-text-align-left\">1967: Hippolyte-Louis Collet<br>1975: Joseph Le Boulch (G\u00e9rard-Pierre)<br>1980: Benoit Lessard (Daniel-Fran\u00e7ois)<br>1998: Joseph Bussi\u00e8res (L\u00e9onard-Jean)<br>2017: Jean Audrain (Donatien-Michel)<\/p>\n\n\n\n<p class=\"has-vivid-purple-background-color has-background\"><\/p>\n\n\n\n<h5 class=\"wp-block-heading has-text-align-left has-small-font-size\"><img loading=\"lazy\" decoding=\"async\" width=\"150\" height=\"216\" class=\"wp-image-21648\" style=\"width: 150px;\" src=\"https:\/\/menesianosoy.org\/wp-content\/uploads\/2025\/03\/images-3.jpeg\" alt=\"\"><br>\u00d3scar Arnulfo Romero y Gald\u00e1mez (1917 \u20131980), conocido como monse\u00f1or Romero, fue un sacerdote cat\u00f3lico salvadore\u00f1o, cuarto arzobispo metropolitano de San Salvador, c\u00e9lebre por su pr\u00e9dica en defensa de los derechos humanos. Como arzobispo, denunci\u00f3 en sus homil\u00edas dominicales numerosas violaciones de los derechos humanos y manifest\u00f3 en p\u00fablico su solidaridad hacia las v\u00edctimas de la violencia pol\u00edtica de su pa\u00eds. El lunes 24 de marzo de 1980, aproximadamente a las 18:30 de la tarde fue asesinado mientras celebraba una misa en la capilla del hospital Divina Providencia, en la colonia Miramonte de San Salvador. Un disparo hecho por un francotirador impact\u00f3 en su coraz\u00f3n momentos antes de la consagraci\u00f3n. Fue canonizado por el papa Francisco en el a\u00f1o 2018.<\/h5>\n\n\n\n<p><\/p>\n","protected":false},"excerpt":{"rendered":"<p>1858 &#8211; Muerte de la Madre Margarita Mar\u00eda, primera Superiora General de las Hijas de la Providencia.1993 &#8211; Juan Pablo II declara este d\u00eda, recuerdo de la muerte de Monse\u00f1or Romero, jornada de ayuno y oraci\u00f3n en memoria de los misioneros m\u00e1rtires. Oraci\u00f3n Se\u00f1or, haz que escuchelos llamados que vienen de los hombres.Se\u00f1or, haz que &hellip; <a href=\"https:\/\/menesianosoy.org\/index.php\/2025\/03\/22\/san-oscar-romero-2\/\" class=\"more-link\">Continue reading<span class=\"screen-reader-text\"> \u00abSan \u00d3scar Romero\u00bb<\/span><\/a><\/p>\n","protected":false},"author":3,"featured_media":0,"comment_status":"closed","ping_status":"closed","sticky":false,"template":"","format":"standard","meta":{"_acf_changed":false,"footnotes":""},"categories":[3],"tags":[],"class_list":["post-21634","post","type-post","status-publish","format-standard","hentry","category-calendario"],"acf":[],"_links":{"self":[{"href":"https:\/\/menesianosoy.org\/index.php\/wp-json\/wp\/v2\/posts\/21634","targetHints":{"allow":["GET"]}}],"collection":[{"href":"https:\/\/menesianosoy.org\/index.php\/wp-json\/wp\/v2\/posts"}],"about":[{"href":"https:\/\/menesianosoy.org\/index.php\/wp-json\/wp\/v2\/types\/post"}],"author":[{"embeddable":true,"href":"https:\/\/menesianosoy.org\/index.php\/wp-json\/wp\/v2\/users\/3"}],"replies":[{"embeddable":true,"href":"https:\/\/menesianosoy.org\/index.php\/wp-json\/wp\/v2\/comments?post=21634"}],"version-history":[{"count":11,"href":"https:\/\/menesianosoy.org\/index.php\/wp-json\/wp\/v2\/posts\/21634\/revisions"}],"predecessor-version":[{"id":21739,"href":"https:\/\/menesianosoy.org\/index.php\/wp-json\/wp\/v2\/posts\/21634\/revisions\/21739"}],"wp:attachment":[{"href":"https:\/\/menesianosoy.org\/index.php\/wp-json\/wp\/v2\/media?parent=21634"}],"wp:term":[{"taxonomy":"category","embeddable":true,"href":"https:\/\/menesianosoy.org\/index.php\/wp-json\/wp\/v2\/categories?post=21634"},{"taxonomy":"post_tag","embeddable":true,"href":"https:\/\/menesianosoy.org\/index.php\/wp-json\/wp\/v2\/tags?post=21634"}],"curies":[{"name":"wp","href":"https:\/\/api.w.org\/{rel}","templated":true}]}}