{"id":21985,"date":"2025-03-30T17:52:17","date_gmt":"2025-03-30T20:52:17","guid":{"rendered":"https:\/\/menesianosoy.org\/?p=21985"},"modified":"2025-04-18T20:55:50","modified_gmt":"2025-04-18T23:55:50","slug":"san-vicente-ferrer-beata-catalina-de-maria-rodriguez","status":"publish","type":"post","link":"https:\/\/menesianosoy.org\/index.php\/2025\/03\/30\/san-vicente-ferrer-beata-catalina-de-maria-rodriguez\/","title":{"rendered":"San Vicente Ferrer &#8211; Beata Catalina de Mar\u00eda Rodr\u00edguez"},"content":{"rendered":"\n<p class=\"has-text-align-left\"><strong>Jerem\u00edas 11, 18-20&nbsp;<br>Salmo 7, 2-3.9bc-12&nbsp;&nbsp;<\/strong><\/p>\n\n\n\n<h4 class=\"wp-block-heading has-text-align-left has-vivid-red-color has-text-color has-link-color wp-elements-f876087687457f7beb793a5ea8a17514\"><br><strong>Evangelio: Juan 7, 40-53<\/strong><\/h4>\n\n\n\n<p class=\"has-text-align-left\"><strong><em>Algunos de la multitud que lo hab\u00edan o\u00eddo, opinaban: Este es verdaderamente el Profeta. Otros dec\u00edan: Este es el Mes\u00edas. Pero otros preguntaban: \u00bfAcaso el Mes\u00edas vendr\u00e1 de Galilea? \u00bfNo dice la Escritura que el Mes\u00edas vendr\u00e1 del linaje de David y de Bel\u00e9n, el pueblo de donde era David? Y por causa de \u00e9l, se produjo una divisi\u00f3n entre la gente. Algunos quer\u00edan detenerlo, pero nadie puso las manos sobre \u00e9l.<br>Los guardias fueron a ver a los sumos sacerdotes y a los fariseos, y estos les preguntaron: \u00bfPor qu\u00e9 no lo trajeron?<br>Ellos respondieron: Nadie habl\u00f3 jam\u00e1s como este hombre.<br>Los fariseos respondieron: \u00bfTambi\u00e9n ustedes se dejaron enga\u00f1ar? \u00bfAcaso alguno de los jefes o de los fariseos ha cre\u00eddo en \u00e9l? En cambio, esa gente que no conoce la Ley est\u00e1 maldita.<br>Nicodemo, uno de ellos, que hab\u00eda ido a ver a Jes\u00fas, les dijo: \u00bfAcaso nuestra Ley permite juzgar a un hombre sin escucharlo antes para saber lo que hizo?<br>Le respondieron: \u00bfT\u00fa tambi\u00e9n eres galileo? Examina las Escrituras y ver\u00e1s que de Galilea no surge ning\u00fan profeta.<br>Y cada uno regres\u00f3 a su casa.<\/em><\/strong><\/p>\n\n\n\n<figure class=\"wp-block-image size-full\"><img loading=\"lazy\" decoding=\"async\" width=\"400\" height=\"177\" src=\"https:\/\/menesianosoy.org\/wp-content\/uploads\/2024\/03\/954932.jpg\" alt=\"\" class=\"wp-image-11023\" srcset=\"https:\/\/menesianosoy.org\/wp-content\/uploads\/2024\/03\/954932.jpg 400w, https:\/\/menesianosoy.org\/wp-content\/uploads\/2024\/03\/954932-300x133.jpg 300w\" sizes=\"auto, (max-width: 400px) 85vw, 400px\" \/><\/figure>\n\n\n\n<p class=\"has-text-align-left\">En este final del cap\u00edtulo s\u00e9ptimo del evangelio de Juan queda patente, no solo el conflicto mortal que se hab\u00eda provocado entre Jes\u00fas y los hombres de la religi\u00f3n (sumos sacerdotes y fariseos) (Jn 7,45), sino adem\u00e1s la lejan\u00eda y el desprecio que los representantes religiosos sent\u00edan hacia el pueblo sencillo (\u201c\u00f3chlos\u201d) del que dec\u00edan que era gente ignorante (\u201cno entienden la ley\u201d) y malas personas (\u201cson unos malditos\u201d) (Jn 7,49).<br>No encontramos, pues, con un hecho elocuente: la lejan\u00eda y el desprecio hacia Jes\u00fas, que sent\u00eda la clase alta (sumos sacerdotes y senadores o ancianos), llevaba consigo igualmente la lejan\u00eda y el desprecio hacia la clase baja. A lo que conviene a\u00f1adir que, en Jerusal\u00e9n en tiempos de Jes\u00fas, apenas exist\u00eda una clase media propiamente tal. Y la que hab\u00eda, se reduc\u00eda a servicios con escaso poder social (J. Jerem\u00edas).<br><br>Ahora bien, una sociedad en la que apenas hay clase media y que, por eso, se reduce a una minor\u00eda, que vive en la opulencia de los ricos, y una escandalosa mayor\u00eda que vive en la miseria, es una sociedad desigual, no solo en su econom\u00eda, sino sobre todo en sus derechos. Los ricos tienen siempre m\u00e1s dinero y m\u00e1s derechos que los pobres. Seg\u00fan los Evangelios, Jes\u00fas se identific\u00f3 con los pobres. Por eso vivi\u00f3 como viven los pobres: sin dinero y sin derechos, como fugitivo que ten\u00eda que andar escondi\u00e9ndose para escapar de un linchamiento o de la misma muerte.<br><br>Hoy, con esto de la crisis, hay demasiada gente a la que le pasa lo que le ocurri\u00f3 a Jes\u00fas. Quienes manejan los hilos de esta crisis est\u00e1 llevando las cosas de manera que poco a poco, la clase media se est\u00e1 debilitando y va perdiendo presencia social. Nos estamos quedando en una sociedad en la que hay una peque\u00f1a franja de personas con fortunas asombrosas y crecientes, al tiempo que cada minuto que pasa, un trabajador se queda en paro. La desigualdad econ\u00f3mica nos est\u00e1 llevando a una desigualdad de derechos que clama al cielo. Y esto ya no es asunto de econom\u00eda sino de ideolog\u00eda. Se ha planificado una sociedad desigual (en sanidad, en educaci\u00f3n, en derechos laborales \u2026). Cada d\u00eda que pasa m\u00e1s y m\u00e1s en manos de lo que quieran hacer con nosotros los ricos. Desde la memoria de Jes\u00fas, \u00bfqu\u00e9 podemos y debemos hacer en estas condiciones?<\/p>\n\n\n\n<h4 class=\"wp-block-heading has-vivid-red-color has-text-color has-link-color wp-elements-6281887774240e6e2d95021dbda215e3\"><br><strong>Palabras de Juan Mar\u00eda<\/strong><\/h4>\n\n\n\n<p class=\"has-text-align-left\"><img loading=\"lazy\" decoding=\"async\" width=\"150\" height=\"217\" class=\"wp-image-16072\" style=\"width: 150px;\" src=\"https:\/\/menesianosoy.org\/wp-content\/uploads\/2024\/09\/images-1.jpeg\" alt=\"\"><br><em>Los testimonios dados a los religiosos por los inspectores generales de la universidad, y por el propio ministro, son otros tantos pasos hacia tiempos de imparcialidad y raz\u00f3n. No pasa lo mismo con el voto de ciertos consejos municipales, que son, seg\u00fan M. de la Martine, \u2018intentos atrasados de reacci\u00f3n, que todos los hombres ilustrados, aun teniendo distintas opiniones, han rechazado por unanimidad, y actos de opresi\u00f3n y tiran\u00eda de unos pocos hombres, que a\u00fan no han deletreado el alfabeto de la libertad\u2019\u201d. (Sobre la educaci\u00f3n religiosa, 1834)<\/em><\/p>\n\n\n\n<h4 class=\"wp-block-heading has-text-align-left has-vivid-red-color has-text-color has-link-color wp-elements-c32769a08c56b4a0acec6cd43484a450\"><br><strong>Los incontables &#8211; Ain Kare<\/strong>m<\/h4>\n\n\n\n<figure class=\"wp-block-embed is-type-video is-provider-youtube wp-block-embed-youtube wp-embed-aspect-16-9 wp-has-aspect-ratio\"><div class=\"wp-block-embed__wrapper\">\n<iframe loading=\"lazy\" title=\"LOS INCONTABLES DE AIN KAREM\" width=\"1140\" height=\"641\" src=\"https:\/\/www.youtube.com\/embed\/7nOrzRyQRDY?feature=oembed\" frameborder=\"0\" allow=\"accelerometer; autoplay; clipboard-write; encrypted-media; gyroscope; picture-in-picture; web-share\" referrerpolicy=\"strict-origin-when-cross-origin\" allowfullscreen><\/iframe>\n<\/div><\/figure>\n\n\n\n<p class=\"has-text-align-left\">No cuentan las mujeres ni los ni\u00f1os,<br>no cuentan quienes vagan marginados,<br>no cuenta quien es pobre o est\u00e1 enfermo,<br>no cuenta quien est\u00e1 crucificado.<br><br>No cuentan quienes no tienen trabajo,<br>ni tampoco quien sufre una adicci\u00f3n<br>o quien habla otro idioma en tierra extra\u00f1a,<br>no cuenta quien es de otro color.<br><br>Mas&#8230; para ti son quienes cuentan,<br>son quienes cantan la gloria de Dios.<br>Son tu rostro, Se\u00f1or crucificado,<br>son tu rostro, Se\u00f1or resucitado.<br>Eres t\u00fa.<br><br>Ni los ni\u00f1os soldados tienen nombre,<br>ni las ni\u00f1as que est\u00e1n esclavizadas,<br>no existen quienes hoy mueren de hambre,<br>y se ignora a quienes sufren soledad.<br><br>No contaron las mujeres ni los ni\u00f1os<br>y hoy siguen sin contar los m\u00e1s peque\u00f1os.<br>&nbsp;Que haga m\u00edo el dolor de mis hermanos<br>y comparta, en justicia, el pan con ellos.<\/p>\n\n\n\n<p class=\"has-vivid-purple-background-color has-background\"><\/p>\n\n\n\n<figure class=\"wp-block-image size-full\"><img loading=\"lazy\" decoding=\"async\" width=\"500\" height=\"888\" src=\"https:\/\/menesianosoy.org\/wp-content\/uploads\/2024\/12\/ORACION-Y-logo-25-500-p-1.jpeg\" alt=\"\" class=\"wp-image-18663\" srcset=\"https:\/\/menesianosoy.org\/wp-content\/uploads\/2024\/12\/ORACION-Y-logo-25-500-p-1.jpeg 500w, https:\/\/menesianosoy.org\/wp-content\/uploads\/2024\/12\/ORACION-Y-logo-25-500-p-1-169x300.jpeg 169w\" sizes=\"auto, (max-width: 500px) 85vw, 500px\" \/><\/figure>\n","protected":false},"excerpt":{"rendered":"<p>Jerem\u00edas 11, 18-20&nbsp;Salmo 7, 2-3.9bc-12&nbsp;&nbsp; Evangelio: Juan 7, 40-53 Algunos de la multitud que lo hab\u00edan o\u00eddo, opinaban: Este es verdaderamente el Profeta. Otros dec\u00edan: Este es el Mes\u00edas. Pero otros preguntaban: \u00bfAcaso el Mes\u00edas vendr\u00e1 de Galilea? \u00bfNo dice la Escritura que el Mes\u00edas vendr\u00e1 del linaje de David y de Bel\u00e9n, el pueblo &hellip; <a href=\"https:\/\/menesianosoy.org\/index.php\/2025\/03\/30\/san-vicente-ferrer-beata-catalina-de-maria-rodriguez\/\" class=\"more-link\">Continue reading<span class=\"screen-reader-text\"> \u00abSan Vicente Ferrer &#8211; Beata Catalina de Mar\u00eda Rodr\u00edguez\u00bb<\/span><\/a><\/p>\n","protected":false},"author":3,"featured_media":0,"comment_status":"closed","ping_status":"closed","sticky":false,"template":"","format":"standard","meta":{"_acf_changed":false,"footnotes":""},"categories":[9],"tags":[],"class_list":["post-21985","post","type-post","status-publish","format-standard","hentry","category-evangelio"],"acf":[],"_links":{"self":[{"href":"https:\/\/menesianosoy.org\/index.php\/wp-json\/wp\/v2\/posts\/21985","targetHints":{"allow":["GET"]}}],"collection":[{"href":"https:\/\/menesianosoy.org\/index.php\/wp-json\/wp\/v2\/posts"}],"about":[{"href":"https:\/\/menesianosoy.org\/index.php\/wp-json\/wp\/v2\/types\/post"}],"author":[{"embeddable":true,"href":"https:\/\/menesianosoy.org\/index.php\/wp-json\/wp\/v2\/users\/3"}],"replies":[{"embeddable":true,"href":"https:\/\/menesianosoy.org\/index.php\/wp-json\/wp\/v2\/comments?post=21985"}],"version-history":[{"count":8,"href":"https:\/\/menesianosoy.org\/index.php\/wp-json\/wp\/v2\/posts\/21985\/revisions"}],"predecessor-version":[{"id":22465,"href":"https:\/\/menesianosoy.org\/index.php\/wp-json\/wp\/v2\/posts\/21985\/revisions\/22465"}],"wp:attachment":[{"href":"https:\/\/menesianosoy.org\/index.php\/wp-json\/wp\/v2\/media?parent=21985"}],"wp:term":[{"taxonomy":"category","embeddable":true,"href":"https:\/\/menesianosoy.org\/index.php\/wp-json\/wp\/v2\/categories?post=21985"},{"taxonomy":"post_tag","embeddable":true,"href":"https:\/\/menesianosoy.org\/index.php\/wp-json\/wp\/v2\/tags?post=21985"}],"curies":[{"name":"wp","href":"https:\/\/api.w.org\/{rel}","templated":true}]}}