{"id":22078,"date":"2025-04-05T17:22:26","date_gmt":"2025-04-05T20:22:26","guid":{"rendered":"https:\/\/menesianosoy.org\/?p=22078"},"modified":"2025-04-05T19:32:50","modified_gmt":"2025-04-05T22:32:50","slug":"san-juan-bautista-de-la-salle-2","status":"publish","type":"post","link":"https:\/\/menesianosoy.org\/index.php\/2025\/04\/05\/san-juan-bautista-de-la-salle-2\/","title":{"rendered":"San Juan Bautista de la Salle"},"content":{"rendered":"\n<h4 class=\"wp-block-heading has-text-align-left has-vivid-red-color has-text-color has-link-color wp-elements-192d86fab2eab9d17323cf6ab0a7d13c\"><br><strong>Oraci\u00f3n:<\/strong><\/h4>\n\n\n\n<p class=\"has-text-align-left\"><strong><em>Se\u00f1or Jes\u00fas, te damos gracias<br>por la sublime vocaci\u00f3n<br>que nos has regalado.<br>Danos tu Esp\u00edritu para que pasemos<br>por el mundo<br>haciendo el bien que T\u00fa mismo hiciste.<br>Que nuestra educaci\u00f3n evangelice hoy a todos,<br>que instruya a los pobres, que d\u00e9 vista a los ciegos,<br>que haga caminar a los d\u00e9biles y cansados.<br>Conc\u00e9denos vivir hoy y siempre de tal forma<br>que eduquemos a los que nos son confiados,<br>abramos los ojos a los ni\u00f1os y a los j\u00f3venes,<br>sanemos a los d\u00e9biles,<br>resucitemos a los que viven sepultados lejos de ti.<br>Que tu presencia en nuestra vida fraterna<br>nos haga capaces de realizar prodigios<br>en el orden espiritual para gloria tuya. Am\u00e9n<\/em><\/strong><\/p>\n\n\n\n<h4 class=\"wp-block-heading has-text-align-left has-vivid-red-color has-text-color has-link-color wp-elements-1af8d1655da0d118c0bb0f37d65ec17b\"><br><strong>Intenciones:<\/strong> &nbsp; <\/h4>\n\n\n\n<ul class=\"wp-block-list\">\n<li>Por los educadores cristianos y especialmente los menesianos de nuestros centros educativos.<\/li>\n\n\n\n<li>Por los lasallanos, sus obras y vocaciones nuevas en todo el mundo.<\/li>\n\n\n\n<li>Por el Cap\u00edtulo que dentro de unos d\u00edas comenzar\u00e1 en Bialet Mass\u00e9.<\/li>\n\n\n\n<li>Por la visita a nuestro Distrito del H. Miguel Aristondo.<\/li>\n\n\n\n<li>Por la familia menesiana del Dionisio D\u00edaz de Maldonado y de Berrio-Otxoa.<\/li>\n\n\n\n<li>Por los menesianos, las obras y nuevas vocaciones de la Provincia Nuestra Se\u00f1ora del Pilar (Espa\u00f1a).<\/li>\n<\/ul>\n\n\n\n<h4 class=\"wp-block-heading has-text-align-left has-vivid-red-color has-text-color has-link-color wp-elements-b4793260a747e58784bed8daba0232c2\"><br><strong>Nueva Regla de Vida n\u00ba 48<\/strong><\/h4>\n\n\n\n<p class=\"has-text-align-left\">El Hermano profeso perpetuo que lo desee puede renunciar total o parcialmente a sus bienes patrimoniales. Esta renuncia no puede hacerse antes de&nbsp; cinco a\u00f1os de profesi\u00f3n perpetua y sin permiso previo del Hermano Superior general con el consentimiento de su Consejo.&nbsp;<br>En su decisi\u00f3n, el Hermano tiene en cuenta las conveniencias familiares, las necesidades de los pobres, las de su Instituto y las de la Iglesia.<\/p>\n\n\n\n<h4 class=\"wp-block-heading has-text-align-left has-vivid-red-color has-text-color has-link-color wp-elements-5a35fb34095ebab955607f8edae54048\"><br><strong>A la se\u00f1orita Marie Jallobert de Monville, 1813:<\/strong><\/h4>\n\n\n\n<p class=\"has-text-align-left\"><em>\u00bfQuieres adquirir una suavidad inalterable? Pi\u00e9rdete en Dios, es decir, deja que \u00e9l te gu\u00ede hasta en las cosas m\u00e1s peque\u00f1as. Camina siempre a la luz de su rostro.<\/em><\/p>\n\n\n\n<h4 class=\"wp-block-heading has-text-align-left has-vivid-red-color has-text-color has-link-color wp-elements-09ca2e751e021d3cea44fa6563946cc1\"><br><strong>Difuntos:<\/strong><\/h4>\n\n\n\n<p class=\"has-text-align-left\">1976: C\u00e9lestin Tregret (Cyprius-C\u00e9lestin)<br>1978: Donat Fontaine (Laurent-Marie)<br>2003: Fran\u00e7ois Goar\u00e9guer (Fran\u00e7ois-Adrien)<br>2005: Jean Le Doeuff (Laurent-Alain)<br>2023: Louis Pirot (Louis-Pierre)<\/p>\n","protected":false},"excerpt":{"rendered":"<p>Oraci\u00f3n: Se\u00f1or Jes\u00fas, te damos graciaspor la sublime vocaci\u00f3nque nos has regalado.Danos tu Esp\u00edritu para que pasemospor el mundohaciendo el bien que T\u00fa mismo hiciste.Que nuestra educaci\u00f3n evangelice hoy a todos,que instruya a los pobres, que d\u00e9 vista a los ciegos,que haga caminar a los d\u00e9biles y cansados.Conc\u00e9denos vivir hoy y siempre de tal formaque &hellip; <a href=\"https:\/\/menesianosoy.org\/index.php\/2025\/04\/05\/san-juan-bautista-de-la-salle-2\/\" class=\"more-link\">Continue reading<span class=\"screen-reader-text\"> \u00abSan Juan Bautista de la Salle\u00bb<\/span><\/a><\/p>\n","protected":false},"author":3,"featured_media":0,"comment_status":"closed","ping_status":"closed","sticky":false,"template":"","format":"standard","meta":{"_acf_changed":false,"footnotes":""},"categories":[3],"tags":[],"class_list":["post-22078","post","type-post","status-publish","format-standard","hentry","category-calendario"],"acf":[],"_links":{"self":[{"href":"https:\/\/menesianosoy.org\/index.php\/wp-json\/wp\/v2\/posts\/22078","targetHints":{"allow":["GET"]}}],"collection":[{"href":"https:\/\/menesianosoy.org\/index.php\/wp-json\/wp\/v2\/posts"}],"about":[{"href":"https:\/\/menesianosoy.org\/index.php\/wp-json\/wp\/v2\/types\/post"}],"author":[{"embeddable":true,"href":"https:\/\/menesianosoy.org\/index.php\/wp-json\/wp\/v2\/users\/3"}],"replies":[{"embeddable":true,"href":"https:\/\/menesianosoy.org\/index.php\/wp-json\/wp\/v2\/comments?post=22078"}],"version-history":[{"count":3,"href":"https:\/\/menesianosoy.org\/index.php\/wp-json\/wp\/v2\/posts\/22078\/revisions"}],"predecessor-version":[{"id":22124,"href":"https:\/\/menesianosoy.org\/index.php\/wp-json\/wp\/v2\/posts\/22078\/revisions\/22124"}],"wp:attachment":[{"href":"https:\/\/menesianosoy.org\/index.php\/wp-json\/wp\/v2\/media?parent=22078"}],"wp:term":[{"taxonomy":"category","embeddable":true,"href":"https:\/\/menesianosoy.org\/index.php\/wp-json\/wp\/v2\/categories?post=22078"},{"taxonomy":"post_tag","embeddable":true,"href":"https:\/\/menesianosoy.org\/index.php\/wp-json\/wp\/v2\/tags?post=22078"}],"curies":[{"name":"wp","href":"https:\/\/api.w.org\/{rel}","templated":true}]}}