{"id":22150,"date":"2025-04-06T09:35:53","date_gmt":"2025-04-06T12:35:53","guid":{"rendered":"https:\/\/menesianosoy.org\/?p=22150"},"modified":"2025-04-18T20:54:11","modified_gmt":"2025-04-18T23:54:11","slug":"san-estanislao-santa-gemma-galgani","status":"publish","type":"post","link":"https:\/\/menesianosoy.org\/index.php\/2025\/04\/06\/san-estanislao-santa-gemma-galgani\/","title":{"rendered":"San Estanislao \u2013 Santa Gemma Galgani"},"content":{"rendered":"\n<p class=\"has-text-align-left\"><strong>Jerem\u00edas 20, 10-13<br>Salmo 17, 2-7<\/strong><\/p>\n\n\n\n<h4 class=\"wp-block-heading has-text-align-left has-vivid-red-color has-text-color has-link-color wp-elements-4b804b3858bcfdca5c9a74f1c662e6f1\"><br><strong>Evangelio: Juan 10, 31-42<\/strong><\/h4>\n\n\n\n<p class=\"has-text-align-left\"><strong><em>Los jud\u00edos tomaron piedras para apedrear a Jes\u00fas.<br>Entonces Jes\u00fas dijo: Les hice ver muchas obras buenas que vienen del Padre; \u00bfpor cu\u00e1l de ellas me quieren apedrear?<br>Los jud\u00edos le respondieron: No queremos apedrearte por ninguna obra buena, sino porque blasfemas, ya que, siendo hombre, te haces Dios.<br>Jes\u00fas les respondi\u00f3: \u00bfNo est\u00e1 escrito en la Ley: \u00abYo dije: Ustedes son dioses\u00bb? Si la Ley llama dioses a los que Dios dirigi\u00f3 su Palabra \u2013y la Escritura no puede ser anulada\u2013 \u00bfc\u00f3mo dicen: \u2018t\u00fa blasfemas\u2019, a quien el Padre santific\u00f3 y envi\u00f3 al mundo, porque dice: \u00abyo soy Hijo de Dios\u00bb?<br>Si no hago las obras de mi Padre, no me crean; pero si las hago, crean en las obras, aunque no me crean a m\u00ed. As\u00ed reconocer\u00e1n y sabr\u00e1n que el Padre est\u00e1 en m\u00ed y yo en el Padre.<br>Ellos intentaron nuevamente detenerlo, pero \u00e9l se les escap\u00f3 de las manos.<br>Jes\u00fas volvi\u00f3 a ir al otro lado del Jord\u00e1n, al lugar donde Juan hab\u00eda bautizado, y se qued\u00f3 all\u00ed. Muchos fueron a verlo, y la gente dec\u00eda: Juan no ha hecho ning\u00fan signo, pero todo lo que dijo de este hombre era verdad. Y en ese lugar muchos creyeron en \u00e9l.<\/em><\/strong><\/p>\n\n\n\n<figure class=\"wp-block-image size-full\"><img loading=\"lazy\" decoding=\"async\" width=\"500\" height=\"427\" src=\"https:\/\/menesianosoy.org\/wp-content\/uploads\/2025\/04\/DpK_v5kX4AEWygY.jpg\" alt=\"\" class=\"wp-image-22161\" srcset=\"https:\/\/menesianosoy.org\/wp-content\/uploads\/2025\/04\/DpK_v5kX4AEWygY.jpg 500w, https:\/\/menesianosoy.org\/wp-content\/uploads\/2025\/04\/DpK_v5kX4AEWygY-300x256.jpg 300w\" sizes=\"auto, (max-width: 500px) 85vw, 500px\" \/><\/figure>\n\n\n\n<p class=\"has-text-align-left\"><em>Se\u00f1or, hoy traigo a mi oraci\u00f3n esta preocupaci\u00f3n personal: Cuando t\u00fa viv\u00edas entre nosotros hubo personas que estuvieron cerca de ti, escucharon tus palabras, fueron testigos de tus milagros, y sin embargo, no creyeron. Y me pregunto: \u00bfMe pasar\u00e1 a m\u00ed lo mismo? Quiero ser humilde y tener un coraz\u00f3n sencillo y abierto a tu palabra.<\/em><br><br>Jes\u00fas es el revelador del Padre. Dedic\u00f3 toda su vida a decirnos c\u00f3mo era Dios, su Padre. Jes\u00fas no vino a decirnos que Dios existe, sino a descubrirnos lo maravilloso que es ese Dios a quien tantas veces nombramos, tantas veces escuchamos, tantas veces lo estudiamos y, sin embargo, tan poco y tan mal lo conocemos. Lo peligroso es querer encerrar o encasillar a Dios en figuras, im\u00e1genes, o tradiciones. &nbsp;De Dios nadie habla bien sino Dios mismo y su Hijo que ha vivido durante toda la eternidad en su regazo.<br><br>Los jud\u00edos del tiempo de Jes\u00fas, por cerrarse a una idea de Dios, no llegaron nunca a conocerlo. \u00c9l nos revela al Padre por medio de sus palabras, de sus silencios, de sus actuaciones. Si Jes\u00fas acaricia a un ni\u00f1o es para decirnos: as\u00ed de cari\u00f1oso es el Padre. Si Jes\u00fas cura a un enfermo, es para decirnos: as\u00ed de compasivo es el Padre. Si borra nuestros pecados, es para decirnos: as\u00ed de misericordioso es el Padre. Nosotros conocemos a Dios a trav\u00e9s de las obras de Jes\u00fas. Haciendo las mismas obras que hac\u00eda Jes\u00fas, tambi\u00e9n nosotros podremos revelar hoy el rostro del Padre a tantas personas que lo desconocen totalmente.<br><br><em>Se\u00f1or Jes\u00fas, quiero que me ayudes a conocer el verdadero rostro de Dios. Porque yo suelo obrar seg\u00fan el rostro de Dios que llevo dentro. Si Dios es para m\u00ed un ser lejano, que no se preocupa de m\u00ed, que me asusta con su poder, yo tendr\u00e9 con mis hermanos unas relaciones fr\u00edas, distantes, poco humanas.<\/em><br><em>Pero si a trav\u00e9s de Jes\u00fas yo descubro a un Dios Padre bueno, compasivo, lleno de ternura, yo ser\u00e9 bondadoso y cari\u00f1oso con mis hermanos. Y eso es lo que yo quiero para m\u00ed y para todos los cristianos.<\/em><\/p>\n\n\n\n<p class=\"has-text-align-left\"><br><strong>M\u00c1XIMA<br>Jes\u00fas nos ense\u00f1a c\u00f3mo es Dios Padre<\/strong><\/p>\n\n\n\n<h4 class=\"wp-block-heading has-text-align-left has-vivid-red-color has-text-color has-link-color wp-elements-adde6e299eef5c6bf8c69700d4076ec7\"><br><strong>Palabras de Juan Mar\u00eda<\/strong><\/h4>\n\n\n\n<p class=\"has-text-align-left\"><img loading=\"lazy\" decoding=\"async\" width=\"150\" height=\"177\" class=\"wp-image-16108\" style=\"width: 150px;\" src=\"https:\/\/menesianosoy.org\/wp-content\/uploads\/2024\/09\/John-Mary.png\" alt=\"\" srcset=\"https:\/\/menesianosoy.org\/wp-content\/uploads\/2024\/09\/John-Mary.png 450w, https:\/\/menesianosoy.org\/wp-content\/uploads\/2024\/09\/John-Mary-255x300.png 255w\" sizes=\"auto, (max-width: 150px) 85vw, 150px\" \/><br><em>Dios Padre, lleno de un amor infinito por su Hijo, ha desplegado toda la magnitud de sus tesoros y dir\u00eda que ha agotado todo su poder, para preparar a este Hijo muy querido, una morada digna de \u00e9l en este mundo: de este modo todos los hombres son hijos de Dios en Jesucristo. (SII 962-969)<\/em><\/p>\n\n\n\n<h4 class=\"wp-block-heading has-vivid-red-color has-text-color has-link-color wp-elements-489880f3823a70f058a6af33610e08ea\"><br><strong>Abba, Padre &#8211; J\u00e9sed<\/strong><\/h4>\n\n\n\n<figure class=\"wp-block-embed is-type-video is-provider-youtube wp-block-embed-youtube wp-embed-aspect-16-9 wp-has-aspect-ratio\"><div class=\"wp-block-embed__wrapper\">\n<iframe loading=\"lazy\" title=\"Abba Padre - J\u00e9sed\" width=\"1140\" height=\"641\" src=\"https:\/\/www.youtube.com\/embed\/OpxVO1jStvo?feature=oembed\" frameborder=\"0\" allow=\"accelerometer; autoplay; clipboard-write; encrypted-media; gyroscope; picture-in-picture; web-share\" referrerpolicy=\"strict-origin-when-cross-origin\" allowfullscreen><\/iframe>\n<\/div><\/figure>\n\n\n\n<p class=\"has-text-align-left\">Abba, Padre, Dios del cielo.<br>Abba, Padre, T\u00fa eres mi Dios.<br>Abba, Padre, soy tu hijo,<br>T\u00fa me acoges con tu amor.<br><br>No me diste un esp\u00edritu de esclavitud,<br>antes bien un esp\u00edritu de hijo<br>y por eso yo puedo exclamar,<br>\u00a1Abba Padre, Abba Padre!<br><br>Soy un ni\u00f1o peque\u00f1o reci\u00e9n nacido<br>y en todo dependo yo de Ti.<br>No pretendo jam\u00e1s ser autosuficiente<br>&nbsp;porque T\u00fa eres mi Padre, eres mi Dios.<br><br>Padre, muy en alto me levantas.<br>Padre, en tus brazos nada temo.<br>Padre, tengo vida en abundancia<br>porque T\u00fa eres mi Padre,<br>eres mi Dios.<\/p>\n\n\n\n<p class=\"has-text-align-left has-vivid-purple-background-color has-background\"><\/p>\n\n\n\n<figure class=\"wp-block-image size-full\"><img loading=\"lazy\" decoding=\"async\" width=\"500\" height=\"888\" src=\"https:\/\/menesianosoy.org\/wp-content\/uploads\/2024\/12\/ORACION-Y-logo-25-500-p-1.jpeg\" alt=\"\" class=\"wp-image-18663\" srcset=\"https:\/\/menesianosoy.org\/wp-content\/uploads\/2024\/12\/ORACION-Y-logo-25-500-p-1.jpeg 500w, https:\/\/menesianosoy.org\/wp-content\/uploads\/2024\/12\/ORACION-Y-logo-25-500-p-1-169x300.jpeg 169w\" sizes=\"auto, (max-width: 500px) 85vw, 500px\" \/><\/figure>\n","protected":false},"excerpt":{"rendered":"<p>Jerem\u00edas 20, 10-13Salmo 17, 2-7 Evangelio: Juan 10, 31-42 Los jud\u00edos tomaron piedras para apedrear a Jes\u00fas.Entonces Jes\u00fas dijo: Les hice ver muchas obras buenas que vienen del Padre; \u00bfpor cu\u00e1l de ellas me quieren apedrear?Los jud\u00edos le respondieron: No queremos apedrearte por ninguna obra buena, sino porque blasfemas, ya que, siendo hombre, te haces &hellip; <a href=\"https:\/\/menesianosoy.org\/index.php\/2025\/04\/06\/san-estanislao-santa-gemma-galgani\/\" class=\"more-link\">Continue reading<span class=\"screen-reader-text\"> \u00abSan Estanislao \u2013 Santa Gemma Galgani\u00bb<\/span><\/a><\/p>\n","protected":false},"author":3,"featured_media":0,"comment_status":"closed","ping_status":"closed","sticky":false,"template":"","format":"standard","meta":{"_acf_changed":false,"footnotes":""},"categories":[9],"tags":[],"class_list":["post-22150","post","type-post","status-publish","format-standard","hentry","category-evangelio"],"acf":[],"_links":{"self":[{"href":"https:\/\/menesianosoy.org\/index.php\/wp-json\/wp\/v2\/posts\/22150","targetHints":{"allow":["GET"]}}],"collection":[{"href":"https:\/\/menesianosoy.org\/index.php\/wp-json\/wp\/v2\/posts"}],"about":[{"href":"https:\/\/menesianosoy.org\/index.php\/wp-json\/wp\/v2\/types\/post"}],"author":[{"embeddable":true,"href":"https:\/\/menesianosoy.org\/index.php\/wp-json\/wp\/v2\/users\/3"}],"replies":[{"embeddable":true,"href":"https:\/\/menesianosoy.org\/index.php\/wp-json\/wp\/v2\/comments?post=22150"}],"version-history":[{"count":8,"href":"https:\/\/menesianosoy.org\/index.php\/wp-json\/wp\/v2\/posts\/22150\/revisions"}],"predecessor-version":[{"id":22459,"href":"https:\/\/menesianosoy.org\/index.php\/wp-json\/wp\/v2\/posts\/22150\/revisions\/22459"}],"wp:attachment":[{"href":"https:\/\/menesianosoy.org\/index.php\/wp-json\/wp\/v2\/media?parent=22150"}],"wp:term":[{"taxonomy":"category","embeddable":true,"href":"https:\/\/menesianosoy.org\/index.php\/wp-json\/wp\/v2\/categories?post=22150"},{"taxonomy":"post_tag","embeddable":true,"href":"https:\/\/menesianosoy.org\/index.php\/wp-json\/wp\/v2\/tags?post=22150"}],"curies":[{"name":"wp","href":"https:\/\/api.w.org\/{rel}","templated":true}]}}