{"id":22163,"date":"2025-04-06T09:59:56","date_gmt":"2025-04-06T12:59:56","guid":{"rendered":"https:\/\/menesianosoy.org\/?p=22163"},"modified":"2025-04-07T18:41:58","modified_gmt":"2025-04-07T21:41:58","slug":"san-estanislao-santa-gemma-galgani-2","status":"publish","type":"post","link":"https:\/\/menesianosoy.org\/index.php\/2025\/04\/06\/san-estanislao-santa-gemma-galgani-2\/","title":{"rendered":"San Estanislao \u2013 Santa Gemma Galgani"},"content":{"rendered":"\n<h4 class=\"wp-block-heading has-text-align-left has-vivid-red-color has-text-color has-link-color wp-elements-c1e07d415f11abea91cef65358144764\"><strong>Oraci\u00f3n por el Cap\u00edtulo:<\/strong><\/h4>\n\n\n\n<figure class=\"wp-block-image size-full\"><img loading=\"lazy\" decoding=\"async\" width=\"500\" height=\"888\" src=\"https:\/\/menesianosoy.org\/wp-content\/uploads\/2024\/12\/ORACION-Y-logo-25-500-p-1.jpeg\" alt=\"\" class=\"wp-image-18663\" srcset=\"https:\/\/menesianosoy.org\/wp-content\/uploads\/2024\/12\/ORACION-Y-logo-25-500-p-1.jpeg 500w, https:\/\/menesianosoy.org\/wp-content\/uploads\/2024\/12\/ORACION-Y-logo-25-500-p-1-169x300.jpeg 169w\" sizes=\"auto, (max-width: 500px) 85vw, 500px\" \/><\/figure>\n\n\n\n<h4 class=\"wp-block-heading has-text-align-left has-vivid-red-color has-text-color has-link-color wp-elements-1af8d1655da0d118c0bb0f37d65ec17b\"><br><strong>Intenciones:<\/strong> &nbsp; <\/h4>\n\n\n\n<ul class=\"wp-block-list\">\n<li>Por el Cap\u00edtulo de Distrito que se est\u00e1 desarrollando en Bialet Mass\u00e9.<\/li>\n\n\n\n<li>Por la continuidad del carisma menesiano, gracias a nuevas vocaciones de hermanos y laicos comprometidos en esta misi\u00f3n.<\/li>\n\n\n\n<li>Por todos los miembros de LAM, por sus sue\u00f1os, proyectos y obras en favor de los ni\u00f1os y j\u00f3venes.<\/li>\n\n\n\n<li>Por los a\u00f1os que vienen, que ser\u00e1n marcados por las decisiones tomadas en el Cap\u00edtulo de Distrito.<\/li>\n\n\n\n<li>Por el feliz regreso a sus comunidades de los laicos que participaron del Cap\u00edtulo de Distrito.<\/li>\n<\/ul>\n\n\n\n<h4 class=\"wp-block-heading has-text-align-left has-vivid-red-color has-text-color has-link-color wp-elements-655488465193d9190a8c0fbf563a26c6\"><br><strong>Nueva Regla de Vida n\u00ba 192<\/strong><\/h4>\n\n\n\n<p>El Cap\u00edtulo Provincial o de Distrito goza de poder de decisi\u00f3n y recomendaci\u00f3n. Las decisiones del Cap\u00edtulo, tomadas dentro de las orientaciones del Cap\u00edtulo general y del Gobierno general, adoptadas por mayor\u00eda absoluta de votos y aprobadas por el Hermano Superior general con el consentimiento de su Consejo, son vinculantes para la Provincia o el Distrito.<\/p>\n\n\n\n<h4 class=\"wp-block-heading has-text-align-left has-vivid-red-color has-text-color has-link-color wp-elements-7875e78257582e0726a92a7a7229cf5a\"><br><strong>Al hermano Andr\u00e9 Labousse, 24 de mayo de 1824:<\/strong><\/h4>\n\n\n\n<p class=\"has-text-align-left\"><em>No entristezcas al Esp\u00edritu Santo con infidelidades que le impidan colmarte de sus dones y gracias. S\u00e9 una verdadera persona religiosa y entonces saborear\u00e1s los consuelos, la paz y todas las alegr\u00edas celestiales.<\/em><\/p>\n\n\n\n<h4 class=\"wp-block-heading has-text-align-left has-vivid-red-color has-text-color has-link-color wp-elements-09ca2e751e021d3cea44fa6563946cc1\"><br><strong>Difuntos:<\/strong><\/h4>\n\n\n\n<p class=\"has-text-align-left\">1946: C\u00e9lestin Lacrampe (Octavien). Naci\u00f3 en Agos-Vidalos (Francia) en 1878. Muri\u00f3 en Ciboure (Francia).<br>1976: Eug\u00e8ne Sala\u00fcn (Amans-Alexis)<br>1977: Jean-Louis Breton (Aim\u00e9)<br>1999: Joseph Leblanc (Isidore)<\/p>\n","protected":false},"excerpt":{"rendered":"<p>Oraci\u00f3n por el Cap\u00edtulo: Intenciones: &nbsp; Nueva Regla de Vida n\u00ba 192 El Cap\u00edtulo Provincial o de Distrito goza de poder de decisi\u00f3n y recomendaci\u00f3n. Las decisiones del Cap\u00edtulo, tomadas dentro de las orientaciones del Cap\u00edtulo general y del Gobierno general, adoptadas por mayor\u00eda absoluta de votos y aprobadas por el Hermano Superior general con &hellip; <a href=\"https:\/\/menesianosoy.org\/index.php\/2025\/04\/06\/san-estanislao-santa-gemma-galgani-2\/\" class=\"more-link\">Continue reading<span class=\"screen-reader-text\"> \u00abSan Estanislao \u2013 Santa Gemma Galgani\u00bb<\/span><\/a><\/p>\n","protected":false},"author":3,"featured_media":0,"comment_status":"closed","ping_status":"closed","sticky":false,"template":"","format":"standard","meta":{"_acf_changed":false,"footnotes":""},"categories":[3],"tags":[],"class_list":["post-22163","post","type-post","status-publish","format-standard","hentry","category-calendario"],"acf":[],"_links":{"self":[{"href":"https:\/\/menesianosoy.org\/index.php\/wp-json\/wp\/v2\/posts\/22163","targetHints":{"allow":["GET"]}}],"collection":[{"href":"https:\/\/menesianosoy.org\/index.php\/wp-json\/wp\/v2\/posts"}],"about":[{"href":"https:\/\/menesianosoy.org\/index.php\/wp-json\/wp\/v2\/types\/post"}],"author":[{"embeddable":true,"href":"https:\/\/menesianosoy.org\/index.php\/wp-json\/wp\/v2\/users\/3"}],"replies":[{"embeddable":true,"href":"https:\/\/menesianosoy.org\/index.php\/wp-json\/wp\/v2\/comments?post=22163"}],"version-history":[{"count":5,"href":"https:\/\/menesianosoy.org\/index.php\/wp-json\/wp\/v2\/posts\/22163\/revisions"}],"predecessor-version":[{"id":22257,"href":"https:\/\/menesianosoy.org\/index.php\/wp-json\/wp\/v2\/posts\/22163\/revisions\/22257"}],"wp:attachment":[{"href":"https:\/\/menesianosoy.org\/index.php\/wp-json\/wp\/v2\/media?parent=22163"}],"wp:term":[{"taxonomy":"category","embeddable":true,"href":"https:\/\/menesianosoy.org\/index.php\/wp-json\/wp\/v2\/categories?post=22163"},{"taxonomy":"post_tag","embeddable":true,"href":"https:\/\/menesianosoy.org\/index.php\/wp-json\/wp\/v2\/tags?post=22163"}],"curies":[{"name":"wp","href":"https:\/\/api.w.org\/{rel}","templated":true}]}}