{"id":22170,"date":"2025-04-06T10:10:06","date_gmt":"2025-04-06T13:10:06","guid":{"rendered":"https:\/\/menesianosoy.org\/?p=22170"},"modified":"2025-04-18T20:53:59","modified_gmt":"2025-04-18T23:53:59","slug":"san-david-uribe-velazco-3","status":"publish","type":"post","link":"https:\/\/menesianosoy.org\/index.php\/2025\/04\/06\/san-david-uribe-velazco-3\/","title":{"rendered":"San David Uribe Velazco"},"content":{"rendered":"\n<p class=\"has-text-align-left\"><strong>Ezequiel 37, 21-28<br>Jerem\u00edas 31, 10-13 (Salmo)<\/strong><\/p>\n\n\n\n<h4 class=\"wp-block-heading has-text-align-left has-vivid-red-color has-text-color has-link-color wp-elements-eb8b3ba191d0c1d033bd4b532908c573\"><br><strong>Evangelio: Juan 11, 45-57<\/strong><\/h4>\n\n\n\n<p class=\"has-text-align-left\"><strong><em>Al ver lo que Jes\u00fas hizo, muchos de los jud\u00edos que hab\u00edan ido a casa de Mar\u00eda creyeron en \u00e9l. Pero otros fueron a ver a los fariseos y les contaron lo que Jes\u00fas hab\u00eda hecho. <br>Los sumos sacerdotes y los fariseos convocaron un Consejo y dijeron: \u00bfQu\u00e9 hacemos? Porque este hombre realiza muchos signos. Si lo dejamos seguir as\u00ed, todos creer\u00e1n en \u00e9l, y los romanos vendr\u00e1n y destruir\u00e1n nuestro Lugar santo y nuestra naci\u00f3n.<br>Uno de ellos, llamado Caif\u00e1s, que era Sumo Sacerdote ese a\u00f1o, les dijo: Ustedes no comprenden nada. \u00bfNo les parece preferible que un solo hombre muera por el pueblo y no que perezca la naci\u00f3n entera? <br>No dijo eso por s\u00ed mismo, sino que profetiz\u00f3 como Sumo Sacerdote que Jes\u00fas iba a morir por la naci\u00f3n, y no solamente por la naci\u00f3n, sino tambi\u00e9n para congregar en la unidad a los hijos de Dios que estaban dispersos.<br>A partir de ese d\u00eda, resolvieron que deb\u00edan matar a Jes\u00fas.<br>Por eso \u00e9l no se mostraba m\u00e1s en p\u00fablico entre los jud\u00edos, sino que fue a una regi\u00f3n pr\u00f3xima al desierto, a una ciudad llamada Efra\u00edm, y all\u00ed permaneci\u00f3 con sus disc\u00edpulos.<br>Como se acercaba la Pascua de los jud\u00edos, mucha gente de la regi\u00f3n hab\u00eda subido a Jerusal\u00e9n para purificarse. Buscaban a Jes\u00fas y se dec\u00edan unos a otros en el Templo: \u00bfQu\u00e9 les parece, vendr\u00e1 a la fiesta o no? <br>Los sumos sacerdotes y los fariseos hab\u00edan dado orden de que si alguno conoc\u00eda el lugar donde \u00e9l se encontraba, lo hiciera saber para detenerlo.<\/em><\/strong><\/p>\n\n\n\n<figure class=\"wp-block-image size-full\"><img loading=\"lazy\" decoding=\"async\" width=\"500\" height=\"280\" src=\"https:\/\/menesianosoy.org\/wp-content\/uploads\/2025\/04\/images.jpeg\" alt=\"\" class=\"wp-image-22176\" srcset=\"https:\/\/menesianosoy.org\/wp-content\/uploads\/2025\/04\/images.jpeg 500w, https:\/\/menesianosoy.org\/wp-content\/uploads\/2025\/04\/images-300x168.jpeg 300w\" sizes=\"auto, (max-width: 500px) 85vw, 500px\" \/><\/figure>\n\n\n\n<p class=\"has-text-align-left\">Este relato, que es el final del cap\u00edtulo en el que el evangelio de Juan describe la resurrecci\u00f3n de L\u00e1zaro, presenta una ense\u00f1anza, que, en el fondo, es una lecci\u00f3n de suma actualidad para todos lo tiempos, pero sin duda especialmente para el momento presente. Porque, si en todos los tiempos, la violencia y el crimen estuvieron presentes, en el momento actual no lo est\u00e1n menos. De sobra sabemos hasta que punto las noticias que nos llegan, a todas horas y por todas partes, nos llegan a abrumar hasta el extremo de que los informativos nos resultan insoportables.<br><br>El relato del evangelio es de una importancia hist\u00f3rica singular (R. Aguirre). Porque aqu\u00ed es donde da cuenta de lo que motiv\u00f3 a las autoridades del Sanedr\u00edn para decretar la muerte de Jes\u00fas: <em>\u201caquel d\u00eda decidieron darle muerte\u201d<\/em> (Jn11,53). \u00bfQu\u00e9 hab\u00eda hecho Jes\u00fas para motivar semejante decisi\u00f3n? Hab\u00eda denunciado en p\u00fablico el culto religioso del templo diciendo que aquello ya no era la <em>\u201ccasa del Padre\u201d<\/em>, sino que se hab\u00eda hecho de ella <em>\u201cuna casa de negocios\u201d<\/em> (Jn 2,16). Es decir, aquellos \u201cfuncionarios\u201d de la religi\u00f3n hab\u00edan hecho del culto a Dios, un negocio. O sea, su Dios era el dinero, el lujo, la buena vida. <br>Y lo segundo que hizo Jes\u00fas fue demostrar, mediante sus hechos prodigiosos (cuya cima fue la resurrecci\u00f3n de L\u00e1zaro), que Dios estaba con \u00e9l y le daba la raz\u00f3n. Lo cual tuvo una consecuencia: la gente cre\u00eda a Jes\u00fas, todo el mundo se iba con \u00e9l o se pon\u00eda de su parte. Y esto fue lo que los Sumos Sacerdotes y dem\u00e1s autoridades religiosas no soportaron. Vieron que el negocio se les iba de las manos.<br><br>La consecuencia fue la violencia, el recurso a la fuerza, la condena y la muerte. Es genial la libertad de los profetas. Pero, \u00a1qu\u00e9 peligrosa es esa libertad para el profeta! Hoy lo estamos viendo. Por todo el mundo ha habido (y hay) incontables mujeres y hombres que, por defender los derechos humanos y la liberaci\u00f3n de los oprimidos, han pagado con indecibles sufrimientos y hasta con sus vidas la libertad por la que lucharon. Esas mujeres y esos hombres son un reclamo incesante para quienes tranquilizamos nuestras conciencias con argumentos que nada resuelven.<\/p>\n\n\n\n<h4 class=\"wp-block-heading has-text-align-left has-vivid-red-color has-text-color has-link-color wp-elements-adde6e299eef5c6bf8c69700d4076ec7\"><br><strong>Palabras de Juan Mar\u00eda<\/strong><\/h4>\n\n\n\n<p class=\"has-text-align-left\"><img loading=\"lazy\" decoding=\"async\" width=\"150\" height=\"165\" class=\"wp-image-21587\" style=\"width: 150px;\" src=\"https:\/\/menesianosoy.org\/wp-content\/uploads\/2025\/03\/JMLM.png\" alt=\"\" srcset=\"https:\/\/menesianosoy.org\/wp-content\/uploads\/2025\/03\/JMLM.png 330w, https:\/\/menesianosoy.org\/wp-content\/uploads\/2025\/03\/JMLM-273x300.png 273w\" sizes=\"auto, (max-width: 150px) 85vw, 150px\" \/><br><em>\u00a1Ojal\u00e1 comiences a vivir una vida eterna! Dios m\u00edo, te he escogido como mi herencia, y esta herencia no me ser\u00e1 nunca arrebatada; s\u00f3lo T\u00fa significas algo para m\u00ed, y para siempre s\u00f3lo T\u00fa, Dios m\u00edo, ser\u00e1s todo para m\u00ed: la vida no es nada, la reputaci\u00f3n no es nada, la ciencia no es nada, la salud no es nada, la fortuna no es nada, \u00a1Dios s\u00f3lo! \u00a1Dios s\u00f3lo! (Memorial 90)<\/em><\/p>\n\n\n\n<h4 class=\"wp-block-heading has-text-align-left has-vivid-red-color has-text-color has-link-color wp-elements-29b06494c75dc1eabe80c37770284691\"><br><strong>Noche &#8211; Hakuna group<\/strong><\/h4>\n\n\n\n<figure class=\"wp-block-embed is-type-video is-provider-youtube wp-block-embed-youtube wp-embed-aspect-16-9 wp-has-aspect-ratio\"><div class=\"wp-block-embed__wrapper\">\n<iframe loading=\"lazy\" title=\"Noche | Hakuna Group Music (Video Oficial)\" width=\"1140\" height=\"641\" src=\"https:\/\/www.youtube.com\/embed\/G-kG0aZxFpA?feature=oembed\" frameborder=\"0\" allow=\"accelerometer; autoplay; clipboard-write; encrypted-media; gyroscope; picture-in-picture; web-share\" referrerpolicy=\"strict-origin-when-cross-origin\" allowfullscreen><\/iframe>\n<\/div><\/figure>\n\n\n\n<p class=\"has-text-align-left\">Por tu iglesia<br>que te espera a oscuras,<br>por tu pueblo que te reza,<br>aguardando la aurora,<br>Te rogamos, te rogamos.<br><br>Por las naciones paganas<br>que tienen sed de ti<br>sin saberlo,<br>ten piedad, ten piedad.<br><br>Por los pueblos oprimidos,<br>por el totalitarismo<br>y la opresi\u00f3n de la mentira.<br><br>Por aquellos perseguidos<br>por tu nombre,<br>que se ocultan para orar<br>y aquellos extra\u00eddos de su hogar.<br><br>Por sus perseguidores,<br>cegados por el odio.<br>Perd\u00f3nales, Padre,<br>no saben lo que hacen.<br><br>Por los que no nos aman,<br>por los que no sabemos amar,<br>por los que sufren y agonizan<br>y hoy duermen en el hospital.<br><br>Por los que hoy es su \u00faltima noche,<br>cuyos ojos no ver\u00e1n el nuevo d\u00eda.<br>Ten piedad, ten piedad.<br><br>Por todos los que sufren la tentaci\u00f3n<br>del suicidio,<br>Por los dispuestos<br>a dejar ganar al mal.<br><br>Por aquellos cuyas noches<br>son interminables<br>y a los que en la angustia<br>les ha quitado la paz.<br><br>Kyrie eleison, Kyrie eleison\u2026<br><br>Por aquellos que trabajan en la prostituci\u00f3n<br>y se ven obligados<br>a vender su amor.<br>Por los que caen en la trampa<br>del vicio y las drogas.<br><br>Por los que hoy duermen en prisi\u00f3n.<br>Por los que hoy esperan su ejecuci\u00f3n.<br>Por aquellos a los que torturan.<br><br>Por criminales, por los ladrones,<br>por los que erran en soledad,<br>por los que sufren<br>la indiferencia de los dem\u00e1s.<br><br>Kyrie eleison, Kyrie eleison \u2026<br><br>Por la ciudad,<br>por todos sus habitantes<br>que en sus sue\u00f1os<br>s\u00f3lo existas T\u00fa.<br>Por nuestros difuntos<br>que a\u00fan no han visto tu rostro.<br>Por los alejados entre la multitud.<br><br>Por los ni\u00f1os que descansan<br>en el seno de su madre.<br>Por las mujeres<br>que van a dar a luz.<br><br>Para que reine<br>tu paz en cada hogar.<br>Por los que quieren<br>saciar tu sed de amar.<br><br>Kyrie eleison, Kyrie eleison \u2026<br><br>Ten piedad, ten piedad\u2026<\/p>\n\n\n\n<p class=\"has-text-align-left has-vivid-purple-background-color has-background\"><\/p>\n\n\n\n<figure class=\"wp-block-image size-full\"><img loading=\"lazy\" decoding=\"async\" width=\"500\" height=\"888\" src=\"https:\/\/menesianosoy.org\/wp-content\/uploads\/2024\/12\/ORACION-Y-logo-25-500-p-1.jpeg\" alt=\"\" class=\"wp-image-18663\" srcset=\"https:\/\/menesianosoy.org\/wp-content\/uploads\/2024\/12\/ORACION-Y-logo-25-500-p-1.jpeg 500w, https:\/\/menesianosoy.org\/wp-content\/uploads\/2024\/12\/ORACION-Y-logo-25-500-p-1-169x300.jpeg 169w\" sizes=\"auto, (max-width: 500px) 85vw, 500px\" \/><\/figure>\n","protected":false},"excerpt":{"rendered":"<p>Ezequiel 37, 21-28Jerem\u00edas 31, 10-13 (Salmo) Evangelio: Juan 11, 45-57 Al ver lo que Jes\u00fas hizo, muchos de los jud\u00edos que hab\u00edan ido a casa de Mar\u00eda creyeron en \u00e9l. Pero otros fueron a ver a los fariseos y les contaron lo que Jes\u00fas hab\u00eda hecho. Los sumos sacerdotes y los fariseos convocaron un Consejo &hellip; <a href=\"https:\/\/menesianosoy.org\/index.php\/2025\/04\/06\/san-david-uribe-velazco-3\/\" class=\"more-link\">Continue reading<span class=\"screen-reader-text\"> \u00abSan David Uribe Velazco\u00bb<\/span><\/a><\/p>\n","protected":false},"author":3,"featured_media":0,"comment_status":"closed","ping_status":"closed","sticky":false,"template":"","format":"standard","meta":{"_acf_changed":false,"footnotes":""},"categories":[9],"tags":[],"class_list":["post-22170","post","type-post","status-publish","format-standard","hentry","category-evangelio"],"acf":[],"_links":{"self":[{"href":"https:\/\/menesianosoy.org\/index.php\/wp-json\/wp\/v2\/posts\/22170","targetHints":{"allow":["GET"]}}],"collection":[{"href":"https:\/\/menesianosoy.org\/index.php\/wp-json\/wp\/v2\/posts"}],"about":[{"href":"https:\/\/menesianosoy.org\/index.php\/wp-json\/wp\/v2\/types\/post"}],"author":[{"embeddable":true,"href":"https:\/\/menesianosoy.org\/index.php\/wp-json\/wp\/v2\/users\/3"}],"replies":[{"embeddable":true,"href":"https:\/\/menesianosoy.org\/index.php\/wp-json\/wp\/v2\/comments?post=22170"}],"version-history":[{"count":6,"href":"https:\/\/menesianosoy.org\/index.php\/wp-json\/wp\/v2\/posts\/22170\/revisions"}],"predecessor-version":[{"id":22458,"href":"https:\/\/menesianosoy.org\/index.php\/wp-json\/wp\/v2\/posts\/22170\/revisions\/22458"}],"wp:attachment":[{"href":"https:\/\/menesianosoy.org\/index.php\/wp-json\/wp\/v2\/media?parent=22170"}],"wp:term":[{"taxonomy":"category","embeddable":true,"href":"https:\/\/menesianosoy.org\/index.php\/wp-json\/wp\/v2\/categories?post=22170"},{"taxonomy":"post_tag","embeddable":true,"href":"https:\/\/menesianosoy.org\/index.php\/wp-json\/wp\/v2\/tags?post=22170"}],"curies":[{"name":"wp","href":"https:\/\/api.w.org\/{rel}","templated":true}]}}