{"id":22290,"date":"2025-04-14T11:33:18","date_gmt":"2025-04-14T14:33:18","guid":{"rendered":"https:\/\/menesianosoy.org\/?p=22290"},"modified":"2025-04-18T20:53:10","modified_gmt":"2025-04-18T23:53:10","slug":"martes-santo-3","status":"publish","type":"post","link":"https:\/\/menesianosoy.org\/index.php\/2025\/04\/14\/martes-santo-3\/","title":{"rendered":"Martes Santo"},"content":{"rendered":"\n<p class=\"has-text-align-left\"><strong>Isa\u00edas 49, 1-6<br>Salmo 70, 1-6. 15. 17<\/strong><\/p>\n\n\n\n<h4 class=\"wp-block-heading has-text-align-left has-vivid-red-color has-text-color has-link-color wp-elements-305fa03737aa4fdea9779b01e7a83e99\"><br><strong>Evangelio: Juan 13, 21-33. 36-38<\/strong><\/h4>\n\n\n\n<p class=\"has-text-align-left\"><strong><em>Despu\u00e9s de decir esto Jes\u00fas se estremeci\u00f3 y manifest\u00f3 claramente: Les aseguro que uno de ustedes me entregar\u00e1.<br>Los disc\u00edpulos se miraban unos a otros, no sabiendo a qui\u00e9n se refer\u00eda.<br>Uno de ellos \u2013el disc\u00edpulo al que Jes\u00fas amaba\u2013 estaba reclinado muy cerca de Jes\u00fas. Sim\u00f3n Pedro le hizo una se\u00f1a y le dijo: Preg\u00fantale a qui\u00e9n se refiere. \u00c9l se reclin\u00f3 sobre Jes\u00fas y le pregunt\u00f3: Se\u00f1or, \u00bfqui\u00e9n es?<br>Jes\u00fas le respondi\u00f3: Es aqu\u00e9l al que dar\u00e9 el bocado que voy a mojar en el plato. Y mojando un bocado, se lo dio a Judas, hijo de Sim\u00f3n Iscariote. En cuanto recibi\u00f3 el bocado, Satan\u00e1s entr\u00f3 en \u00e9l. Jes\u00fas le dijo entonces: Realiza pronto lo que tienes que hacer.<br>Pero ninguno de los comensales comprendi\u00f3 por qu\u00e9 le dec\u00eda esto. Como Judas estaba encargado de la bolsa com\u00fan, algunos pensaban que Jes\u00fas quer\u00eda decirle: Compra lo que hace falta para la fiesta, o bien que le mandaba dar algo a los pobres. Y enseguida, despu\u00e9s de recibir el bocado, Judas sali\u00f3. Ya era de noche.<br>Despu\u00e9s que Judas sali\u00f3, Jes\u00fas dijo: Ahora el Hijo del hombre ha sido glorificado y Dios ha sido glorificado en \u00e9l. Si Dios ha sido glorificado en \u00e9l, tambi\u00e9n lo glorificar\u00e1 en s\u00ed mismo y lo har\u00e1 muy pronto.<br>Hijos m\u00edos, ya no estar\u00e9 mucho tiempo con ustedes. Ustedes me buscar\u00e1n, pero yo les digo ahora lo mismo que dije a los jud\u00edos: A donde yo voy, ustedes no pueden venir.<br>Sim\u00f3n Pedro le dijo: Se\u00f1or, \u00bfa d\u00f3nde vas?<br>Jes\u00fas le respondi\u00f3: Adonde yo voy, t\u00fa no puedes seguirme ahora, pero m\u00e1s adelante me seguir\u00e1s.<br>Pedro le pregunt\u00f3: \u00bfPor qu\u00e9 no puedo seguirte ahora? Yo dar\u00e9 mi vida por ti.<br>Jes\u00fas le respondi\u00f3: \u00bfDar\u00e1s tu vida por m\u00ed? Te aseguro que no cantar\u00e1 el gallo, antes que me hayas negado tres veces.<\/em><\/strong><\/p>\n\n\n\n<figure class=\"wp-block-image size-full is-resized\"><img loading=\"lazy\" decoding=\"async\" width=\"400\" height=\"214\" src=\"https:\/\/menesianosoy.org\/wp-content\/uploads\/2024\/03\/pasion1.jpg\" alt=\"\" class=\"wp-image-11077\" style=\"width:447px;height:auto\" srcset=\"https:\/\/menesianosoy.org\/wp-content\/uploads\/2024\/03\/pasion1.jpg 400w, https:\/\/menesianosoy.org\/wp-content\/uploads\/2024\/03\/pasion1-300x161.jpg 300w\" sizes=\"auto, (max-width: 400px) 85vw, 400px\" \/><\/figure>\n\n\n\n<p class=\"has-text-align-left\">Jes\u00fas se conmueve profundamente y dice: <em>\u201cEn verdad les digo: uno de ustedes me entregar\u00e1\u201d. <\/em>Los disc\u00edpulos se asustan. No esperaban esta declaraci\u00f3n tan seria. No pod\u00edan creer que hubiera un traidor. Se\u00f1al clara de que la amistad entre ellos no hab\u00eda llegado todav\u00eda a la misma transparencia de Jes\u00fas para con ellos (Juan 15, 15).<\/p>\n\n\n\n<p class=\"has-text-align-left\">Junto con la traici\u00f3n de Judas, el Evangelio trae tambi\u00e9n la referencia a la negaci\u00f3n de Pedro, que dice estar dispuesto a dar la vida por Jes\u00fas. Pero el Se\u00f1or le dice: <em>\u201cno cantar\u00e1 el gallo antes que t\u00fa me hayas negado tres veces\u201d<\/em>. Y el canto del gallo llegar\u00e1 r\u00e1pido. Pronto, de madrugada, el gallo comenzar\u00e1 a cantar. Jes\u00fas los consideraba amigos, pero ellos no pudieron mantenerse firmes junto a \u00e9l, en esos momentos dif\u00edciles.<br><br>Cuando Juan escribe esto, \u00bfcu\u00e1ntas experiencias similares se habr\u00edan vivido ya en la naciente comunidad cristiana? Frente a las persecuciones, al peligro de perder la vida, hubo actos heroicos de gente que prefiri\u00f3 la muerte antes que renunciar a su fe y delatar a sus compa\u00f1eros de camino. Pero seguramente tambi\u00e9n hubo traiciones, negaciones, abandonos de las comunidades, etc. Los Judas y los Pedros, por intereses mezquinos o por miedo, siempre estar\u00e1n en las comunidades. Nosotros nos podemos rasgar las vestiduras frente a estas actitudes, pero no olvidemos que nuestra vida confortable y tranquila, no exige, al menos por ahora, defender la fe con peligro de muerte.<br>Y all\u00ed est\u00e1 mientras tanto el justo condenado como culpable, como un delincuente, como tantos en el mundo que deciden seguir adelante con su fe y su misi\u00f3n.<\/p>\n\n\n\n<p class=\"has-text-align-left\"><br><strong>M\u00c1XIMA<br>Jes\u00fas es un amigo fiel<\/strong><\/p>\n\n\n\n<h4 class=\"wp-block-heading has-text-align-left has-vivid-red-color has-text-color has-link-color wp-elements-adde6e299eef5c6bf8c69700d4076ec7\"><br><strong>Palabras de Juan Mar\u00eda<\/strong><\/h4>\n\n\n\n<p class=\"has-text-align-left\"><img loading=\"lazy\" decoding=\"async\" width=\"150\" height=\"165\" class=\"wp-image-21587\" style=\"width: 150px;\" src=\"https:\/\/menesianosoy.org\/wp-content\/uploads\/2025\/03\/JMLM.png\" alt=\"\" srcset=\"https:\/\/menesianosoy.org\/wp-content\/uploads\/2025\/03\/JMLM.png 330w, https:\/\/menesianosoy.org\/wp-content\/uploads\/2025\/03\/JMLM-273x300.png 273w\" sizes=\"auto, (max-width: 150px) 85vw, 150px\" \/><br><em>Ahora bien, no nos enga\u00f1emos. No se trata de un simple consejo. No nos disimulemos la verdad porque ella nos humilla y nos hiere. Nuestra salvaci\u00f3n depende de nuestra fidelidad en seguir a Jesucristo, en todos los caminos por los que \u00e9l ha caminado. (Sobre la perfecci\u00f3n)<\/em><\/p>\n\n\n\n<h4 class=\"wp-block-heading has-text-align-left has-vivid-red-color has-text-color has-link-color wp-elements-ccfaecd90b7c5b798ed53d50a65b4e78\"><br><strong>Tu fidelidad &#8211; Efrain Barboza<\/strong><\/h4>\n\n\n\n<figure class=\"wp-block-embed is-type-video is-provider-youtube wp-block-embed-youtube wp-embed-aspect-16-9 wp-has-aspect-ratio\"><div class=\"wp-block-embed__wrapper\">\n<iframe loading=\"lazy\" title=\"TU FIDELIDAD - EFRAIN BARBOZA\" width=\"1140\" height=\"641\" src=\"https:\/\/www.youtube.com\/embed\/oCvBdfPUbB0?feature=oembed\" frameborder=\"0\" allow=\"accelerometer; autoplay; clipboard-write; encrypted-media; gyroscope; picture-in-picture; web-share\" referrerpolicy=\"strict-origin-when-cross-origin\" allowfullscreen><\/iframe>\n<\/div><\/figure>\n\n\n\n<p class=\"has-text-align-left\">Tu fidelidad es para siempre.<br>Tu fidelidad eterna es,<br>y aunque te fallo, permaneces a mi lado;<br>y aunque te olvido permaneces siempre fiel.<br><br>T\u00fa fidelidad incomprensible.<br>T\u00fa fidelidad inigualable.<br>Y aunque me aparto, permaneces en mis pruebas.<br>Y aunque me alejo permaneces, siempre en m\u00ed.<br><br>Grande es tu fidelidad,<br>buena es tu inmensa bondad.<br>Ella me abraza y me cubre en la tempestad.<br>Ella me cuida y me rodea en el d\u00eda del mal.<br><br>Y aunque soy infiel, t\u00fa permaneces fiel.<br>Y aunque d\u00e9bil soy, t\u00fa me levantas Dios.<\/p>\n","protected":false},"excerpt":{"rendered":"<p>Isa\u00edas 49, 1-6Salmo 70, 1-6. 15. 17 Evangelio: Juan 13, 21-33. 36-38 Despu\u00e9s de decir esto Jes\u00fas se estremeci\u00f3 y manifest\u00f3 claramente: Les aseguro que uno de ustedes me entregar\u00e1.Los disc\u00edpulos se miraban unos a otros, no sabiendo a qui\u00e9n se refer\u00eda.Uno de ellos \u2013el disc\u00edpulo al que Jes\u00fas amaba\u2013 estaba reclinado muy cerca de &hellip; <a href=\"https:\/\/menesianosoy.org\/index.php\/2025\/04\/14\/martes-santo-3\/\" class=\"more-link\">Continue reading<span class=\"screen-reader-text\"> \u00abMartes Santo\u00bb<\/span><\/a><\/p>\n","protected":false},"author":3,"featured_media":0,"comment_status":"closed","ping_status":"closed","sticky":false,"template":"","format":"standard","meta":{"_acf_changed":false,"footnotes":""},"categories":[9],"tags":[],"class_list":["post-22290","post","type-post","status-publish","format-standard","hentry","category-evangelio"],"acf":[],"_links":{"self":[{"href":"https:\/\/menesianosoy.org\/index.php\/wp-json\/wp\/v2\/posts\/22290","targetHints":{"allow":["GET"]}}],"collection":[{"href":"https:\/\/menesianosoy.org\/index.php\/wp-json\/wp\/v2\/posts"}],"about":[{"href":"https:\/\/menesianosoy.org\/index.php\/wp-json\/wp\/v2\/types\/post"}],"author":[{"embeddable":true,"href":"https:\/\/menesianosoy.org\/index.php\/wp-json\/wp\/v2\/users\/3"}],"replies":[{"embeddable":true,"href":"https:\/\/menesianosoy.org\/index.php\/wp-json\/wp\/v2\/comments?post=22290"}],"version-history":[{"count":9,"href":"https:\/\/menesianosoy.org\/index.php\/wp-json\/wp\/v2\/posts\/22290\/revisions"}],"predecessor-version":[{"id":22454,"href":"https:\/\/menesianosoy.org\/index.php\/wp-json\/wp\/v2\/posts\/22290\/revisions\/22454"}],"wp:attachment":[{"href":"https:\/\/menesianosoy.org\/index.php\/wp-json\/wp\/v2\/media?parent=22290"}],"wp:term":[{"taxonomy":"category","embeddable":true,"href":"https:\/\/menesianosoy.org\/index.php\/wp-json\/wp\/v2\/categories?post=22290"},{"taxonomy":"post_tag","embeddable":true,"href":"https:\/\/menesianosoy.org\/index.php\/wp-json\/wp\/v2\/tags?post=22290"}],"curies":[{"name":"wp","href":"https:\/\/api.w.org\/{rel}","templated":true}]}}