{"id":22419,"date":"2025-04-17T15:57:10","date_gmt":"2025-04-17T18:57:10","guid":{"rendered":"https:\/\/menesianosoy.org\/?p=22419"},"modified":"2025-04-17T16:12:48","modified_gmt":"2025-04-17T19:12:48","slug":"sabado-santo-vigilia-pascual-4","status":"publish","type":"post","link":"https:\/\/menesianosoy.org\/index.php\/2025\/04\/17\/sabado-santo-vigilia-pascual-4\/","title":{"rendered":"S\u00e1bado santo \u2013 Vigilia pascual"},"content":{"rendered":"\n<p class=\"has-text-align-left\"><strong><em>Liturgia de las horas: Rezamos con el tema CRUZ (P\u00e1gina 3)<\/em><\/strong><\/p>\n\n\n\n<h4 class=\"wp-block-heading has-text-align-left has-vivid-red-color has-text-color has-link-color wp-elements-cbc5f60dcb4f4acbef106bd7830da076\"><br><strong>Intenciones: \u00a0 <\/strong><\/h4>\n\n\n\n<ul class=\"wp-block-list\">\n<li>En acci\u00f3n de gracias por la entrega de Jes\u00fas por cada uno de nosotros.<\/li>\n\n\n\n<li>Por la vigilia de tantos que esperan la liberaci\u00f3n de las enfermedades, las injusticias, los conflictos, etc.<\/li>\n\n\n\n<li>Por la paz en el mundo.<\/li>\n\n\n\n<li>Por los que m\u00e1s sufren en nuestras comunidades educativas, enfermos, minusv\u00e1lidos, dejados de lado&#8230;<\/li>\n\n\n\n<li>Por las nuevas vocaciones de hermanos y laicos menesianos.<\/li>\n<\/ul>\n\n\n\n<h4 class=\"wp-block-heading has-text-align-left has-vivid-red-color has-text-color has-link-color wp-elements-74c05e9b9f5b776ed54de8e381d2f825\"><br><strong>Nueva Regla de Vida n\u00ba 52.1<\/strong><\/h4>\n\n\n\n<p class=\"has-text-align-left\">Cada comunidad se esfuerza por intervenir de manera concreta e inmediata en favor de los pobres de su entorno. Regularmente los Hermanos reflexionan juntos, en el marco del proyecto comunitario, sobre lo que es posible dar y c\u00f3mo darlo. Estos gestos de compartir cobran a\u00fan m\u00e1s sentido cuando van acompa\u00f1ados de una privaci\u00f3n por parte de cada uno y de una implicaci\u00f3n personal.<\/p>\n\n\n\n<h4 class=\"wp-block-heading has-text-align-left has-vivid-red-color has-text-color has-link-color wp-elements-30198bd563076d5afdd2a014ab15a6c8\"><br><strong>A los sacerdotes de St M\u00e9en, serm\u00f3n sobre la perfecci\u00f3n:<\/strong><\/h4>\n\n\n\n<p class=\"has-text-align-left\"><em>\u00a1Oh Jes\u00fas m\u00edo!, cuando te veo clavado en la cruz, cuando veo tu cuerpo magullado y sangrante, cuando cuento las espinas que atraviesan tu cabeza, y cuando, luego, caigo en la cuenta de mi sensualidad, mi extrema sensibilidad, mi vergonzosa molicie y la aprensi\u00f3n tan viva por todo lo que puede afligir mi carne o romper mi orgullo, \u00bfpuedo decir de veras, oh Jes\u00fas m\u00edo, que soy tu disc\u00edpulo?<\/em><\/p>\n\n\n\n<h4 class=\"wp-block-heading has-text-align-left has-vivid-red-color has-text-color has-link-color wp-elements-09ca2e751e021d3cea44fa6563946cc1\"><br><strong>Difuntos:<\/strong><\/h4>\n\n\n\n<p class=\"has-text-align-left\">1984: Jean Le Menn (Ren\u00e9-Olivier)<br>2020: Jean Laprotte (Fran\u00e7ois-Georges)<br>2024: Marcel Gautier (Michel-Eug\u00e8ne)<\/p>\n","protected":false},"excerpt":{"rendered":"<p>Liturgia de las horas: Rezamos con el tema CRUZ (P\u00e1gina 3) Intenciones: \u00a0 Nueva Regla de Vida n\u00ba 52.1 Cada comunidad se esfuerza por intervenir de manera concreta e inmediata en favor de los pobres de su entorno. Regularmente los Hermanos reflexionan juntos, en el marco del proyecto comunitario, sobre lo que es posible dar &hellip; <a href=\"https:\/\/menesianosoy.org\/index.php\/2025\/04\/17\/sabado-santo-vigilia-pascual-4\/\" class=\"more-link\">Continue reading<span class=\"screen-reader-text\"> \u00abS\u00e1bado santo \u2013 Vigilia pascual\u00bb<\/span><\/a><\/p>\n","protected":false},"author":3,"featured_media":0,"comment_status":"closed","ping_status":"closed","sticky":false,"template":"","format":"standard","meta":{"_acf_changed":false,"footnotes":""},"categories":[3],"tags":[],"class_list":["post-22419","post","type-post","status-publish","format-standard","hentry","category-calendario"],"acf":[],"_links":{"self":[{"href":"https:\/\/menesianosoy.org\/index.php\/wp-json\/wp\/v2\/posts\/22419","targetHints":{"allow":["GET"]}}],"collection":[{"href":"https:\/\/menesianosoy.org\/index.php\/wp-json\/wp\/v2\/posts"}],"about":[{"href":"https:\/\/menesianosoy.org\/index.php\/wp-json\/wp\/v2\/types\/post"}],"author":[{"embeddable":true,"href":"https:\/\/menesianosoy.org\/index.php\/wp-json\/wp\/v2\/users\/3"}],"replies":[{"embeddable":true,"href":"https:\/\/menesianosoy.org\/index.php\/wp-json\/wp\/v2\/comments?post=22419"}],"version-history":[{"count":6,"href":"https:\/\/menesianosoy.org\/index.php\/wp-json\/wp\/v2\/posts\/22419\/revisions"}],"predecessor-version":[{"id":22429,"href":"https:\/\/menesianosoy.org\/index.php\/wp-json\/wp\/v2\/posts\/22419\/revisions\/22429"}],"wp:attachment":[{"href":"https:\/\/menesianosoy.org\/index.php\/wp-json\/wp\/v2\/media?parent=22419"}],"wp:term":[{"taxonomy":"category","embeddable":true,"href":"https:\/\/menesianosoy.org\/index.php\/wp-json\/wp\/v2\/categories?post=22419"},{"taxonomy":"post_tag","embeddable":true,"href":"https:\/\/menesianosoy.org\/index.php\/wp-json\/wp\/v2\/tags?post=22419"}],"curies":[{"name":"wp","href":"https:\/\/api.w.org\/{rel}","templated":true}]}}